{"id":61721,"date":"2025-10-16T07:40:26","date_gmt":"2025-10-16T07:40:26","guid":{"rendered":"https:\/\/www.europesays.com\/no\/61721\/"},"modified":"2025-10-16T07:40:26","modified_gmt":"2025-10-16T07:40:26","slug":"farevarsel-sno-sender-ut-farevarsel-her-kommer-snoen","status":"publish","type":"post","link":"https:\/\/www.europesays.com\/no\/61721\/","title":{"rendered":"Farevarsel, Sn\u00f8 | Sender ut farevarsel: Her kommer sn\u00f8en"},"content":{"rendered":"\n<p>Meteorologene har sendt ut gult farevarsel om sn\u00f8 for fjelloverganger og lavlandet i deler av Nord-Norge, inkludert Narvik og Ofoten.<\/p>\n<p>\u2013 Fra torsdag kveld og hele fredag er det mulighet for at det legger seg sn\u00f8 p\u00e5 veier i lavlandet, s\u00e6rlig i indre str\u00f8k. P\u00e5 kysten ventes nedb\u00f8ren \u00e5 komme som regn og sludd, men i perioder med kraftige byger kan det sn\u00f8 ogs\u00e5 der. I fjellet ventes stedvis 20\u201330 cm sn\u00f8 p\u00e5 24 timer, og kraftig vind som kan gi sn\u00f8fokk, varsler meteorologene.<\/p>\n<p>For Bj\u00f8rnfjell gjelder varselet fra og med onsdag kveld. Det er ventet lokalt vanskelige kj\u00f8reforhold som f\u00f8lge av sn\u00f8bygene.<\/p>\n","protected":false},"excerpt":{"rendered":"Meteorologene har sendt ut gult farevarsel om sn\u00f8 for fjelloverganger og lavlandet i deler av Nord-Norge, inkludert Narvik&hellip;\n","protected":false},"author":2,"featured_media":61722,"comment_status":"","ping_status":"","sticky":false,"template":"","format":"standard","meta":{"footnotes":""},"categories":[10],"tags":[36,20,21,102,24,25,15,22,23,13,30,28,29,14,16,6527,1510,26,27,553],"class_list":{"0":"post-61721","1":"post","2":"type-post","3":"status-publish","4":"format-standard","5":"has-post-thumbnail","7":"category-norge","8":"tag-art","9":"tag-breaking-news","10":"tag-breakingnews","11":"tag-farevarsel","12":"tag-featured-news","13":"tag-featurednews","14":"tag-headlines","15":"tag-latest-news","16":"tag-latestnews","17":"tag-news","18":"tag-no","19":"tag-norge","20":"tag-norway","21":"tag-nyheter","22":"tag-overskrifter","23":"tag-sno","24":"tag-story","25":"tag-top-stories","26":"tag-topstories","27":"tag-vaer"},"share_on_mastodon":{"url":"","error":""},"_links":{"self":[{"href":"https:\/\/www.europesays.com\/no\/wp-json\/wp\/v2\/posts\/61721","targetHints":{"allow":["GET"]}}],"collection":[{"href":"https:\/\/www.europesays.com\/no\/wp-json\/wp\/v2\/posts"}],"about":[{"href":"https:\/\/www.europesays.com\/no\/wp-json\/wp\/v2\/types\/post"}],"author":[{"embeddable":true,"href":"https:\/\/www.europesays.com\/no\/wp-json\/wp\/v2\/users\/2"}],"replies":[{"embeddable":true,"href":"https:\/\/www.europesays.com\/no\/wp-json\/wp\/v2\/comments?post=61721"}],"version-history":[{"count":0,"href":"https:\/\/www.europesays.com\/no\/wp-json\/wp\/v2\/posts\/61721\/revisions"}],"wp:featuredmedia":[{"embeddable":true,"href":"https:\/\/www.europesays.com\/no\/wp-json\/wp\/v2\/media\/61722"}],"wp:attachment":[{"href":"https:\/\/www.europesays.com\/no\/wp-json\/wp\/v2\/media?parent=61721"}],"wp:term":[{"taxonomy":"category","embeddable":true,"href":"https:\/\/www.europesays.com\/no\/wp-json\/wp\/v2\/categories?post=61721"},{"taxonomy":"post_tag","embeddable":true,"href":"https:\/\/www.europesays.com\/no\/wp-json\/wp\/v2\/tags?post=61721"}],"curies":[{"name":"wp","href":"https:\/\/api.w.org\/{rel}","templated":true}]}}