{"id":61778,"date":"2025-10-16T08:55:11","date_gmt":"2025-10-16T08:55:11","guid":{"rendered":"https:\/\/www.europesays.com\/no\/61778\/"},"modified":"2025-10-16T08:55:11","modified_gmt":"2025-10-16T08:55:11","slug":"romeriksdebatten-ungdomskriminaltet-farlige-tenaringer-slippes-fri","status":"publish","type":"post","link":"https:\/\/www.europesays.com\/no\/61778\/","title":{"rendered":"Romeriksdebatten, Ungdomskriminaltet | Farlige ten\u00e5ringer slippes fri"},"content":{"rendered":"\n<p>En granat kastes inn i bygget som huser Str\u00f8mmen Shusi. Politiet setter inn store ressurser for \u00e5 finne dem som st\u00e5r bak. Etter granatepisodene i hovedstaden blir vi ikke sjokkerte lenger. <\/p>\n<p><a href=\"https:\/\/www.rb.no\/15-aring-varetektsfengslet-i-to-uker\/s\/5-43-2585962\" rel=\"Follow nofollow noopener\" target=\"_blank\">En 15-\u00e5ring og en 16-\u00e5ring blir tatt, og satt i fengsel.<\/a> Det vil si; 16-\u00e5ringen m\u00e5 slippes ut for \u00e5 f\u00e5 plass til 15-\u00e5ringen som innr\u00f8mmer \u00e5 v\u00e6re granatkasteren.<\/p>\n<p>Vi har n\u00e6rmest spilt dobbelt fallitt i Norge. Flere ungdommer beg\u00e5r alvorlig kriminalitet og blir fengslet. S\u00e5 mange er det at ungdomsanstaltene \u2013 for eksempel p\u00e5 Eidsvoll \u2013 ikke har plass til dem. Det strider s\u00e5 mot folks rettsoppfatning at capslock i kommentarfeltet blir for mildt for \u00e5 si sin mening.<\/p>\n<p>Bures inne med voksne<\/p>\n<p>Riksrevisjonen har sl\u00e5tt fast at 55 av 78 nyinnsettelser av mindre\u00e5rige i 2024 skjedde i voksenfengsler. Det er brudd p\u00e5 Barnekonvensjonen, og det skjer n\u00e5 fordi vi har lukket \u00f8ynene for lenge.<\/p>\n<p>N\u00e5r jeg skriver dette synes jeg det er vanskelig \u00e5 peke p\u00e5 hva som er den st\u00f8rste svikten av storsamfunnet.<\/p>\n<p>Er det at vi har klart mesterstykket \u00e5 miste kontroll p\u00e5 en voksende ungdomskriminalitet, eller at vi ikke kan beskytte folk mot farlige ten\u00e5ringer. Begge deler er til \u00e5 miste motet av.<\/p>\n<p>Tiden er over<\/p>\n<p>Det som skjer i 2025 er ikke en konsekvens av \u00e5rets politikk, men politikken for minst ti \u00e5r siden.<\/p>\n<p>Da de som bures inne n\u00e5 var sm\u00e5 barn. Forebygging som skjer n\u00e5, ser du f\u00f8rst resultatet av om noen \u00e5r. I flere \u00e5r kunne norsk politikk lene seg p\u00e5 en synkende kurve for ungdomskriminalitet.<\/p>\n<p>Da kunne det se ut som om alt var p\u00e5 stell. Den tiden er over. Bak statistikken har det vokst frem barn som har blitt ungdomskriminelle.<\/p>\n<p>N\u00e5 er utviklingen bratt og brutal, if\u00f8lge politiet. Flere ran, grovere vold, flere gjengangere \u2013 og en stadig h\u00f8yere andel saker som krever varetekt.<\/p>\n<p>Hvor glapp det?<\/p>\n<p>S\u00e5 ille har det blitt at regjeringen nedsatte et ekspertutvalg under ledelse av tidligere justisminister Knut Storberget for \u00e5 kartlegge problemene med ungdomskriminalitet og foresl\u00e5 tiltak.<\/p>\n<p>Gruppen sl\u00e5r fast at mange av barna har en sv\u00e6rt belastende livssituasjon med opphopning av vansker p\u00e5 flere omr\u00e5der.<\/p>\n<p>De har ofte vanskelige oppvekstforhold, som overgrep, vold i hjemmet, eller omsorgssvikt, og mange har utfordringer med rus eller psykisk helse.<\/p>\n<p>N\u00e5r barnevernsinstitusjoner ikke har egnede plasser til de mest krevende ungdommene, veltes problemet over p\u00e5 politiet og ender i den trangeste flaskehalsen, som er varetekt. N\u00e5r flaskehalsen ikke bare trang, men det renner over, tar den med seg rettssikkerheten ut p\u00e5 gulvet.<\/p>\n<p>Manglende plasser<\/p>\n<p>Kapasiteten som skal m\u00f8te dette er puslete. 14 plasser nasjonalt for ungdom under 18 \u00e5r, fordelt p\u00e5 tre ungdomsenheter. Flere plasser er planlagt. I store deler av 2024 var den reelle kapasiteten mindre.<\/p>\n<p>Samtidig \u00f8kte antallet innsatte under 18 \u00e5r fra 6 til 14 mellom august 2023 og august 2024, 11 av dem i varetekt.<\/p>\n<p>Den matematikken g\u00e5r ikke opp, uansett hvor mye du snur p\u00e5 tallene.<\/p>\n<p>Hva gj\u00f8r systemet n\u00e5r k\u00f8lappene hoper seg opp? Det flytter barn inn i voksenfengsler \u2013 eller l\u00f8slater. Begge deler er uakseptabelt.<\/p>\n<p>N\u00e5r plassen ryker<\/p>\n<p>Vi har allerede sett hva som skjer n\u00e5r jussen m\u00f8ter murveggen. En mindre\u00e5rig siktet for granatangrep ble l\u00f8slatt fordi fengselet ikke hadde plass.<\/p>\n<p>\u00abVi m\u00e5 endre loven\u00bb, sa politikere etterp\u00e5. Nei, vi m\u00e5 f\u00f8rst levere plasser som gj\u00f8r loven mulig \u00e5 f\u00f8lge.<\/p>\n<p>Det er rettsstaten som skal passe kl\u00e6rne, ikke ungen som m\u00e5 sys inn.<\/p>\n<p>Bl\u00e5lyspolitikk<\/p>\n<p>N\u00e5r granatene smeller i gata p\u00e5 Str\u00f8mmen ropes det p\u00e5 strakstiltak. Strengere straffer, lavere kriminell lavalder og mer synlig politi er noen av utspillene som kommer. Det er bl\u00e5lyspolitikk som er helt forst\u00e5elig n\u00e5r utviklingen er skremmende.<\/p>\n<p>Storberget-utvalget peker blant annet p\u00e5 bedre samordning mellom ulike etater for \u00e5 hindre at enda flere utsatte ungdommer havner p\u00e5 skr\u00e5planet.<\/p>\n<p>De foresl\u00e5r flere plasser i barnevernsinstitusjoner for barn som utgj\u00f8r en stor risiko. Samtidig m\u00e5 kapasiteten i ungdomsanstaltene \u00f8kes. I tillegg m\u00e5 rettsprosessene for unge kriminelle g\u00e5 raskere.<\/p>\n<p>Ikke kutt ungdomstilbud<\/p>\n<p>En ting er sikkert. En skrantende kommune\u00f8konomi kan ikke f\u00f8re til kutt i tilbud til barn og unge.<\/p>\n<p>TV-profilen Noman Mubashir skrev et innlegg i Romerikes Blad som skapte stor oppmerksomhet fordi han peker p\u00e5 at mange av dem som er ungdomskriminelle er minoritetsungdom.<\/p>\n<p>Han er t\u00f8ff som tar bladet fra munnen. Og som han sier: Vi har ikke r\u00e5d til \u00e5 se vekk. At vi snakker om det handler om at vi bryr oss. S\u00e5 enkelt er det.<\/p>\n<p>  <a href=\"https:\/\/www.rb.no\/5-43-2583379\" class=\"related-teaser has-image default-opinion-teaser article--c-eRUmMG article--c-eRUmMG-jKCPdD-design-default\" rel=\"nofollow noopener\" target=\"_blank\"><\/p>\n<p>    <img decoding=\"async\" loading=\"lazy\"  src=\"https:\/\/www.europesays.com\/no\/wp-content\/uploads\/2025\/10\/Noman-3.jpg\" alt=\"\" class=\"brick-c-cFOWSL\" style=\"\"\/><\/p>\n<p>\n            Les ogs\u00e5<\/p>\n<p>              Hva skjedde med Str\u00f8mmen?\n        <\/p>\n<p>  <\/a><\/p>\n","protected":false},"excerpt":{"rendered":"En granat kastes inn i bygget som huser Str\u00f8mmen Shusi. Politiet setter inn store ressurser for \u00e5 finne&hellip;\n","protected":false},"author":2,"featured_media":61779,"comment_status":"","ping_status":"","sticky":false,"template":"","format":"standard","meta":{"footnotes":""},"categories":[10],"tags":[36,20,21,24,25,2507,15,22,23,13,30,28,29,14,1533,16,5060,26,27,3961],"class_list":{"0":"post-61778","1":"post","2":"type-post","3":"status-publish","4":"format-standard","5":"has-post-thumbnail","7":"category-norge","8":"tag-art","9":"tag-breaking-news","10":"tag-breakingnews","11":"tag-featured-news","12":"tag-featurednews","13":"tag-fengsel","14":"tag-headlines","15":"tag-latest-news","16":"tag-latestnews","17":"tag-news","18":"tag-no","19":"tag-norge","20":"tag-norway","21":"tag-nyheter","22":"tag-opinion","23":"tag-overskrifter","24":"tag-romeriksdebatten","25":"tag-top-stories","26":"tag-topstories","27":"tag-ungdomskriminaltet"},"share_on_mastodon":{"url":"","error":""},"_links":{"self":[{"href":"https:\/\/www.europesays.com\/no\/wp-json\/wp\/v2\/posts\/61778","targetHints":{"allow":["GET"]}}],"collection":[{"href":"https:\/\/www.europesays.com\/no\/wp-json\/wp\/v2\/posts"}],"about":[{"href":"https:\/\/www.europesays.com\/no\/wp-json\/wp\/v2\/types\/post"}],"author":[{"embeddable":true,"href":"https:\/\/www.europesays.com\/no\/wp-json\/wp\/v2\/users\/2"}],"replies":[{"embeddable":true,"href":"https:\/\/www.europesays.com\/no\/wp-json\/wp\/v2\/comments?post=61778"}],"version-history":[{"count":0,"href":"https:\/\/www.europesays.com\/no\/wp-json\/wp\/v2\/posts\/61778\/revisions"}],"wp:featuredmedia":[{"embeddable":true,"href":"https:\/\/www.europesays.com\/no\/wp-json\/wp\/v2\/media\/61779"}],"wp:attachment":[{"href":"https:\/\/www.europesays.com\/no\/wp-json\/wp\/v2\/media?parent=61778"}],"wp:term":[{"taxonomy":"category","embeddable":true,"href":"https:\/\/www.europesays.com\/no\/wp-json\/wp\/v2\/categories?post=61778"},{"taxonomy":"post_tag","embeddable":true,"href":"https:\/\/www.europesays.com\/no\/wp-json\/wp\/v2\/tags?post=61778"}],"curies":[{"name":"wp","href":"https:\/\/api.w.org\/{rel}","templated":true}]}}