{"id":61811,"date":"2025-10-16T09:21:37","date_gmt":"2025-10-16T09:21:37","guid":{"rendered":"https:\/\/www.europesays.com\/no\/61811\/"},"modified":"2025-10-16T09:21:37","modified_gmt":"2025-10-16T09:21:37","slug":"ber-regjeringen-gripe-inn","status":"publish","type":"post","link":"https:\/\/www.europesays.com\/no\/61811\/","title":{"rendered":"Ber regjeringen gripe inn"},"content":{"rendered":"<p>  I november starter sandvolleyball-VM. Lokale myndigheter h\u00e5per det blir uten nederlandske Steven van de Velde (31).\u00a0<\/p>\n<p>\n    BRAST I GR\u00c5T: van de Velde brast i gr\u00e5t da han snakket ut om buingen han ble utsatt for under Paris-OL. Foto: Ramon van Flymen\/AFP\n  <\/p>\n<p>I november reiser norske Anders Mol og Christian S\u00f8rum til australske Adelaide for \u00e5 kjempe om VM-gull, men det stormer rundt mesterskapet.<\/p>\n<p>\u00c5rsaken er nederlenderen Steven van de Velde. 31-\u00e5ringen er nemlig overgrepsd\u00f8mt, etter at han i 2016 ble d\u00f8mt for voldtekt av en 12-\u00e5ring.\u00a0<\/p>\n<p>31-\u00e5ringen har siden omtalt hendelsen som den st\u00f8rste feilen han noen gang har beg\u00e5tt.\u00a0<\/p>\n<p>Justisministeren reagerer\t<\/p>\n<p>Van de Velde ble l\u00f8slatt etter ett \u00e5r, og har siden sl\u00e5tt seg opp som sandvolleyballspiller. Det er p\u00e5 ingen m\u00e5te popul\u00e6rt hos alle.\u00a0<\/p>\n<p>Nederlenderens deltakelse ble et hett tema i forbindelse med OL i Paris, og 31-\u00e5ringen ble <a href=\"https:\/\/www.dagbladet.no\/sport\/brast-i-grat\/81795199\" rel=\"nofollow noopener\" target=\"_blank\">buet p\u00e5 av publikum i den franske hovedstaden<\/a>.\u00a0<\/p>\n<p>        STRIKE!: Under et kjendisbowlingarrangement i Oslo var det en av kjendisene som kom luskende inn. Video: Skingen\/Monge Hugsted\/Dagbladet<\/p>\n<p data-lab-font_weight=\"\">N\u00e5 er han klarert for spill av Det internasjonale volleyballforbundet, og klar for \u00e5 kjempe i VM i Australia &#8211; hvis ikke lokale myndigheter f\u00e5r det som de vil.<\/p>\n<p data-lab-font_weight=\"\">Justisminister i regionen, Kyam Maher, har i et brev bedt regjeringen om \u00e5 nekte sandvolleyball-spilleren visum, <a href=\"https:\/\/www.abc.net.au\/news\/2025-10-15\/convicted-rapist-selected-to-compete-in-beach-volleyball-event\/105892968\" rel=\"nofollow noopener\" target=\"_blank\">skriver ABC<\/a>.<\/p>\n<p>&#8211; Denne personens lovbrudd er fullstendig avskyelige, og vi mener ikke at utenlandske seksualforbrytere mot barn skal f\u00e5 innreise til dette landet. Jeg ber om at de sterke synspunktene til S\u00f8r-Australias regjering blir tatt i betraktning som en del av visums\u00f8knadsprosessen, sier Maher.<\/p>\n<p>    <a itemprop=\"url\" href=\"https:\/\/www.dagbladet.no\/sport\/sendes-hjem\/83725003\" rel=\"nofollow noopener\" target=\"_blank\"><\/p>\n<p>      <img loading=\"lazy\" decoding=\"async\" src=\"https:\/\/www.europesays.com\/no\/wp-content\/uploads\/2025\/10\/83725098.webp\" width=\"980\" height=\"441\" title=\"Sendes hjem\" alt=\"\" class=\"lazyload\" style=\"--aspect-ratio-image: 2.22; \"\/><\/p>\n<p>        Sendes hjem<\/p>\n<p>    <\/a><\/p>\n<p>Underskriftskampanje\t<\/p>\n<p>Det har ogs\u00e5 blitt satt i gang en undeskriftskampanje p\u00e5 Change.org for \u00e5 hindre van de Velde innreise. Denne har i skrivende stund over 2000 underskrifter.\u00a0<\/p>\n<p>&#8211;\u00a0\u00c5 tillate en person som er d\u00f8mt for en s\u00e5 avskyelig seksuell forbrytelse mot barn \u00e5 reise inn i Australia, undergraver ikke bare landets forpliktelse til \u00e5 beskytte barn og overlevende etter seksuell vold &#8211; det sender ogs\u00e5 et brutalt signal til ofre over hele landet, st\u00e5r det i underskriftskampanjen.\u00a0<\/p>\n<p>          <img loading=\"lazy\" decoding=\"async\" src=\"https:\/\/www.europesays.com\/no\/wp-content\/uploads\/2025\/10\/83728951.webp\" width=\"980\" height=\"559\" title=\"M\u00d8TTE NORSK MOTSTAND: van de Velde og partneren Immers m\u00f8tte norske Mol og S\u00f8rum i OL i Paris. Foto: Fredrik Varfjell \/ NTB\" alt=\"\" class=\"\" style=\"--aspect-ratio-image: 1.75; \"\/><\/p>\n<p>\n          M\u00d8TTE NORSK MOTSTAND: van de Velde og partneren Immers m\u00f8tte norske Mol og S\u00f8rum i OL i Paris. Foto: Fredrik Varfjell \/ NTB\n      <\/p>\n<p> I en uttalelse sier det australske utenriksdepartementet at departementet ikke kan kommentere enkeltsaker av hensyn til personvernet.<\/p>\n<p>Om van de Velde f\u00e5r visum er fremdeles ikke avgjort. Van de Velde skal i utgangspunktet spille sin f\u00f8rste kamp i VM fredag 14. november.\u00a0<\/p>\n","protected":false},"excerpt":{"rendered":"I november starter sandvolleyball-VM. Lokale myndigheter h\u00e5per det blir uten nederlandske Steven van de Velde (31).\u00a0 BRAST I&hellip;\n","protected":false},"author":2,"featured_media":61812,"comment_status":"","ping_status":"","sticky":false,"template":"","format":"standard","meta":{"footnotes":""},"categories":[12],"tags":[47,20,21,24,25,15,22,23,13,30,28,29,14,1622,16,5856,83,9036,26,27,42,43,44,45],"class_list":{"0":"post-61811","1":"post","2":"type-post","3":"status-publish","4":"format-standard","5":"has-post-thumbnail","7":"category-verden","8":"tag-australia","9":"tag-breaking-news","10":"tag-breakingnews","11":"tag-featured-news","12":"tag-featurednews","13":"tag-headlines","14":"tag-latest-news","15":"tag-latestnews","16":"tag-news","17":"tag-no","18":"tag-norge","19":"tag-norway","20":"tag-nyheter","21":"tag-overgrep","22":"tag-overskrifter","23":"tag-sandvolleyball","24":"tag-sport","25":"tag-steven-van-de-velde","26":"tag-top-stories","27":"tag-topstories","28":"tag-verden","29":"tag-world","30":"tag-world-news","31":"tag-worldnews"},"share_on_mastodon":{"url":"","error":""},"_links":{"self":[{"href":"https:\/\/www.europesays.com\/no\/wp-json\/wp\/v2\/posts\/61811","targetHints":{"allow":["GET"]}}],"collection":[{"href":"https:\/\/www.europesays.com\/no\/wp-json\/wp\/v2\/posts"}],"about":[{"href":"https:\/\/www.europesays.com\/no\/wp-json\/wp\/v2\/types\/post"}],"author":[{"embeddable":true,"href":"https:\/\/www.europesays.com\/no\/wp-json\/wp\/v2\/users\/2"}],"replies":[{"embeddable":true,"href":"https:\/\/www.europesays.com\/no\/wp-json\/wp\/v2\/comments?post=61811"}],"version-history":[{"count":0,"href":"https:\/\/www.europesays.com\/no\/wp-json\/wp\/v2\/posts\/61811\/revisions"}],"wp:featuredmedia":[{"embeddable":true,"href":"https:\/\/www.europesays.com\/no\/wp-json\/wp\/v2\/media\/61812"}],"wp:attachment":[{"href":"https:\/\/www.europesays.com\/no\/wp-json\/wp\/v2\/media?parent=61811"}],"wp:term":[{"taxonomy":"category","embeddable":true,"href":"https:\/\/www.europesays.com\/no\/wp-json\/wp\/v2\/categories?post=61811"},{"taxonomy":"post_tag","embeddable":true,"href":"https:\/\/www.europesays.com\/no\/wp-json\/wp\/v2\/tags?post=61811"}],"curies":[{"name":"wp","href":"https:\/\/api.w.org\/{rel}","templated":true}]}}