{"id":61931,"date":"2025-10-16T11:17:39","date_gmt":"2025-10-16T11:17:39","guid":{"rendered":"https:\/\/www.europesays.com\/no\/61931\/"},"modified":"2025-10-16T11:17:39","modified_gmt":"2025-10-16T11:17:39","slug":"sport-sk-brann-28-ar-etter-han-selv-spilte-med-flagget-pa-brystet-fikk-sonnen-oppleve-det-samme-bergensavisen","status":"publish","type":"post","link":"https:\/\/www.europesays.com\/no\/61931\/","title":{"rendered":"Sport, SK Brann | 28 \u00e5r etter han selv spilte med flagget p\u00e5 brystet, fikk s\u00f8nnen oppleve det samme &#8211; Bergensavisen"},"content":{"rendered":"<ol>\n<li><a href=\"https:\/\/news.google.com\/rss\/articles\/CBMisAFBVV95cUxQT3h0ejYta0JLMUZNcFQyQjBrNEs0MUdqelBXZ2lvNDVkR1liQlZvbFB3UTNZQkRDeVNBbjl1bjRoMlYwaU0zcEFRaDBia29iTDVWOTR5X2xOaFRWRWRzZjVMTkJ4NzdWeFBTeko4M0V5UEdJV19DUGl1WnpPSmpxZ1VJWDl5cFA4UXloUEFNM3I2ZXpBQXdSMFE4MXFBQXBzNnBkTlZmTUlRZlp3NElyMA?oc=5\" target=\"_blank\" rel=\"nofollow noopener\">Sport, SK Brann | 28 \u00e5r etter han selv spilte med flagget p\u00e5 brystet, fikk s\u00f8nnen oppleve det samme<\/a>&nbsp;&nbsp;Bergensavisen<\/li>\n<li><a href=\"https:\/\/news.google.com\/rss\/articles\/CBMilgFBVV95cUxNRFFXQTlUbkJhTXpzU3dnR1pTOFBla29qOGt3ODdvZzZ1SVIyd2hBTWQyX1o1WmZ2amhTakJpd3VxYXV0SXdhMW5GWUhscklNX2lGMHMwZlJCWU1vRlI3cVUxQ2VxWUlwNHB6VHJzNTVPUUV3enZENXFkYmVudmhMWHF6WkFUSXBRTGxGZlVLQm93aTAxbnc?oc=5\" target=\"_blank\" rel=\"nofollow noopener\">13 bokstaver verdt 100 mill.<\/a>&nbsp;&nbsp;Bergens Tidende<\/li>\n<li><a href=\"https:\/\/news.google.com\/rss\/articles\/CBMihgFBVV95cUxPdmh1V0lyLXgyME5Ua0kwT1JfNzJMUlNnY0xWazRpSlJVRkxDd1RNVjNjdWctbVdoSHo2dlhIVm9mTGJhSmdLSi1QeGVVakh0ZG1fRDVsVTA2N1R5R1lnaTloVEsxRnJVTlFmVlNtSUNMQ2hINDU0d1hzaEZPU0pYb3R5VW5Cdw?oc=5\" target=\"_blank\" rel=\"nofollow noopener\">Landslagsoppsummering: A-landslagsdebut og VM-bragd<\/a>&nbsp;&nbsp;Brann<\/li>\n<li><a href=\"https:\/\/news.google.com\/rss\/articles\/CBMiowFBVV95cUxQM0xjQ1U5WjZ1b3VHN1BJWDUwUmlkQ2d6NjMxSWJJSS1vcDJiSVJVMVc0R2dYNTVrRGphOUV4LUluT2ZVYVI0SHQxSVdRLXRPM0UtX3ZLNl8yOXRXOVdzN0R3c0ctQjVlVk9OYnFXOGJaSlRLZkJjYzhhNXlfX2lTZWVlMTh1TlZpcU40b3V1dU9WUVYxcUIzdG1jaDJnbE5zYWo0?oc=5\" target=\"_blank\" rel=\"nofollow noopener\">\u2013 En sinnssyk f\u00f8lelse<\/a>&nbsp;&nbsp;Bergensavisen<\/li>\n<li><a href=\"https:\/\/news.google.com\/rss\/articles\/CBMiiAFBVV95cUxPR1lsc2c4ckQ2dTcydVVDU1VoVVJrVE9qTGdqRWlxRXMycUxYV1I5Qk9lSi10ZUhVTWVUSDNTU0RLNVVabm9sXzg5eEh3OVNWVjZYOFdUdDhIamRaWkwyVF96dDZZcFQ1UDY4SDhrWUhQMXZQaVhpZF9FYjN0V2tfeXdwMVpZUTRt?oc=5\" target=\"_blank\" rel=\"nofollow noopener\">Solbakken med dom over ungguttene: \u2013 Helland f\u00e5tt mest input<\/a>&nbsp;&nbsp;433.no<\/li>\n<\/ol>\n","protected":false},"excerpt":{"rendered":"Sport, SK Brann | 28 \u00e5r etter han selv spilte med flagget p\u00e5 brystet, fikk s\u00f8nnen oppleve det&hellip;\n","protected":false},"author":2,"featured_media":61932,"comment_status":"","ping_status":"","sticky":false,"template":"","format":"standard","meta":{"footnotes":""},"categories":[59],"tags":[30,28,29,83,82],"class_list":{"0":"post-61931","1":"post","2":"type-post","3":"status-publish","4":"format-standard","5":"has-post-thumbnail","7":"category-sport","8":"tag-no","9":"tag-norge","10":"tag-norway","11":"tag-sport","12":"tag-sports"},"share_on_mastodon":{"url":"","error":""},"_links":{"self":[{"href":"https:\/\/www.europesays.com\/no\/wp-json\/wp\/v2\/posts\/61931","targetHints":{"allow":["GET"]}}],"collection":[{"href":"https:\/\/www.europesays.com\/no\/wp-json\/wp\/v2\/posts"}],"about":[{"href":"https:\/\/www.europesays.com\/no\/wp-json\/wp\/v2\/types\/post"}],"author":[{"embeddable":true,"href":"https:\/\/www.europesays.com\/no\/wp-json\/wp\/v2\/users\/2"}],"replies":[{"embeddable":true,"href":"https:\/\/www.europesays.com\/no\/wp-json\/wp\/v2\/comments?post=61931"}],"version-history":[{"count":0,"href":"https:\/\/www.europesays.com\/no\/wp-json\/wp\/v2\/posts\/61931\/revisions"}],"wp:featuredmedia":[{"embeddable":true,"href":"https:\/\/www.europesays.com\/no\/wp-json\/wp\/v2\/media\/61932"}],"wp:attachment":[{"href":"https:\/\/www.europesays.com\/no\/wp-json\/wp\/v2\/media?parent=61931"}],"wp:term":[{"taxonomy":"category","embeddable":true,"href":"https:\/\/www.europesays.com\/no\/wp-json\/wp\/v2\/categories?post=61931"},{"taxonomy":"post_tag","embeddable":true,"href":"https:\/\/www.europesays.com\/no\/wp-json\/wp\/v2\/tags?post=61931"}],"curies":[{"name":"wp","href":"https:\/\/api.w.org\/{rel}","templated":true}]}}