{"id":61945,"date":"2025-10-16T11:30:14","date_gmt":"2025-10-16T11:30:14","guid":{"rendered":"https:\/\/www.europesays.com\/no\/61945\/"},"modified":"2025-10-16T11:30:14","modified_gmt":"2025-10-16T11:30:14","slug":"sor-varanger-dom-studerte-i-finnmark-na-er-den-norske-ambassadevakten-domt-for-spionasje","status":"publish","type":"post","link":"https:\/\/www.europesays.com\/no\/61945\/","title":{"rendered":"S\u00f8r-Varanger, Dom | Studerte i Finnmark. N\u00e5 er den norske ambassadevakten d\u00f8mt for spionasje"},"content":{"rendered":"\n<p>[<a href=\"https:\/\/www.nettavisen.no\/nyhetsvarsel\/spionasje\/russland\/nrk-norsk-ambassadevakt-domt-for-spionasje\/s\/5-95-2675374\" rel=\"Follow nofollow noopener\" target=\"_blank\">Nettavisen<\/a>\/iFinnmark]: Han er d\u00f8mt for grov etter etterretningsvirksomhet til fordel for en fremmed stat, eller spionasje. Det melder<a href=\"https:\/\/www.nrk.no\/norge\/norsk-ambassadevakt-domt-for-spionasje-1.17571191\" rel=\"Follow nofollow noopener\" target=\"_blank\"> NRK.<\/a><\/p>\n<p>Mannen skal selv ha m\u00f8tt opp p\u00e5 den russiske ambassaden for \u00e5 tilby opplysningene han hadde.<\/p>\n<p>Han jobbet ved den amerikanske ambassaden. Det var holdningene ambassaden hadde om konflikten mellom Israel og Palestina som gjorde at han tok kontakt med Russland og Iran.<\/p>\n<p>Sikkerhetsvakten har innr\u00f8mmet \u00e5 dele informasjon med agenter fra Russland og Iran.<\/p>\n<p>Student i Kirkenes<\/p>\n<p>Mannen, i slutten av 20-\u00e5rene, skal ha v\u00e6rt student ved bachelorstudiet sikkerhet- og beredskapsstudiet i Kirkenes ved UiT Norges arktiske universitet.<\/p>\n<p>\u2013 Jeg kan bekrefte at den som er siktet er registrert som student ved et bachelorstudie ved UiT, sa rektor J\u00f8rgen Fossland ved UiT da det ble kjent at mannen var siktet i fjor h\u00f8st.<\/p>\n<p>Mannen risikerte 21 \u00e5rs fengsel, men er n\u00e5 alts\u00e5 d\u00f8mt til fengsel i tre \u00e5r og sju m\u00e5neder.<\/p>\n<p>  <a href=\"https:\/\/www.ifinnmark.no\/5-81-2299241\" class=\"related-teaser has-image default-story-teaser article--c-eRUmMG article--c-eRUmMG-jKCPdD-design-default\" rel=\"nofollow noopener\" target=\"_blank\"><\/p>\n<p>    <img decoding=\"async\" loading=\"lazy\"  src=\"https:\/\/www.europesays.com\/no\/wp-content\/uploads\/2025\/10\/4a82c6b3-5a10-4794-93f7-eb0a3654e5f0+kopi.jpg\" alt=\"\" class=\"brick-c-cFOWSL\" style=\"\"\/><\/p>\n<p>\n            Les ogs\u00e5<\/p>\n<p>              S\u00e5 mye skal den tiltalte spiontiltalte Kirkenes-studenten ha f\u00e5tt betalt\n        <\/p>\n<p>  <\/a><\/p>\n<p>  <a href=\"https:\/\/www.ifinnmark.no\/5-81-2281881\" class=\"related-teaser has-image default-story-teaser article--c-eRUmMG article--c-eRUmMG-jKCPdD-design-default\" rel=\"nofollow noopener\" target=\"_blank\"><\/p>\n<p>    <img decoding=\"async\" loading=\"lazy\"  src=\"https:\/\/www.europesays.com\/no\/wp-content\/uploads\/2025\/10\/4a82c6b3-5a10-4794-93f7-eb0a3654e5f0+kopi.jpg\" alt=\"\" class=\"brick-c-cFOWSL\" style=\"\"\/><\/p>\n<p>\n            Les ogs\u00e5<\/p>\n<p>              Tiltalt for spionasje: Studerte i Finnmark\n        <\/p>\n<p>  <\/a><\/p>\n","protected":false},"excerpt":{"rendered":"[Nettavisen\/iFinnmark]: Han er d\u00f8mt for grov etter etterretningsvirksomhet til fordel for en fremmed stat, eller spionasje. Det melder&hellip;\n","protected":false},"author":2,"featured_media":61946,"comment_status":"","ping_status":"","sticky":false,"template":"","format":"standard","meta":{"footnotes":""},"categories":[5],"tags":[36,20,21,4297,24,25,15,19,22,23,17,18,13,30,28,29,14,16,589,9046,1510,26,27],"class_list":{"0":"post-61945","1":"post","2":"type-post","3":"status-publish","4":"format-standard","5":"has-post-thumbnail","7":"category-overskrifter","8":"tag-art","9":"tag-breaking-news","10":"tag-breakingnews","11":"tag-dom","12":"tag-featured-news","13":"tag-featurednews","14":"tag-headlines","15":"tag-hovedoppslag","16":"tag-latest-news","17":"tag-latestnews","18":"tag-main-news","19":"tag-mainnews","20":"tag-news","21":"tag-no","22":"tag-norge","23":"tag-norway","24":"tag-nyheter","25":"tag-overskrifter","26":"tag-sor-varanger","27":"tag-spion","28":"tag-story","29":"tag-top-stories","30":"tag-topstories"},"share_on_mastodon":{"url":"","error":""},"_links":{"self":[{"href":"https:\/\/www.europesays.com\/no\/wp-json\/wp\/v2\/posts\/61945","targetHints":{"allow":["GET"]}}],"collection":[{"href":"https:\/\/www.europesays.com\/no\/wp-json\/wp\/v2\/posts"}],"about":[{"href":"https:\/\/www.europesays.com\/no\/wp-json\/wp\/v2\/types\/post"}],"author":[{"embeddable":true,"href":"https:\/\/www.europesays.com\/no\/wp-json\/wp\/v2\/users\/2"}],"replies":[{"embeddable":true,"href":"https:\/\/www.europesays.com\/no\/wp-json\/wp\/v2\/comments?post=61945"}],"version-history":[{"count":0,"href":"https:\/\/www.europesays.com\/no\/wp-json\/wp\/v2\/posts\/61945\/revisions"}],"wp:featuredmedia":[{"embeddable":true,"href":"https:\/\/www.europesays.com\/no\/wp-json\/wp\/v2\/media\/61946"}],"wp:attachment":[{"href":"https:\/\/www.europesays.com\/no\/wp-json\/wp\/v2\/media?parent=61945"}],"wp:term":[{"taxonomy":"category","embeddable":true,"href":"https:\/\/www.europesays.com\/no\/wp-json\/wp\/v2\/categories?post=61945"},{"taxonomy":"post_tag","embeddable":true,"href":"https:\/\/www.europesays.com\/no\/wp-json\/wp\/v2\/tags?post=61945"}],"curies":[{"name":"wp","href":"https:\/\/api.w.org\/{rel}","templated":true}]}}