{"id":61951,"date":"2025-10-16T11:35:09","date_gmt":"2025-10-16T11:35:09","guid":{"rendered":"https:\/\/www.europesays.com\/no\/61951\/"},"modified":"2025-10-16T11:35:09","modified_gmt":"2025-10-16T11:35:09","slug":"nyheter-110-brann-i-stromkabel-fryktet-spredning-til-stort-naust","status":"publish","type":"post","link":"https:\/\/www.europesays.com\/no\/61951\/","title":{"rendered":"Nyheter, 110 | Brann i str\u00f8mkabel: Fryktet spredning til stort naust"},"content":{"rendered":"\n<p>Klokken 1140 ble n\u00f8detatene varslet om brann i en str\u00f8mkabel i Bjor\u00f8yvegen i \u00d8ygarden.<\/p>\n<p>Inntakskabelen var tilknyttet et stort naust, og like ved naustet sto det en stor b\u00e5t.<\/p>\n<p>   <img decoding=\"async\" width=\"4032\" height=\"3024\" fetchpriority=\"low\"  loading=\"lazy\"  src=\"https:\/\/www.europesays.com\/no\/wp-content\/uploads\/2025\/10\/IMG_7237.jpg\" alt=\"\" class=\"brick-c-cFOWSL\" style=\"--brick-image-ratio: 4032 \/ 3024;\"\/><\/p>\n<p>    Det var denne kabelen som brant.<br \/>\n    Foto: Karoline Nordgulen\n  <\/p>\n<p>Vaktleder ved 110 Vest, Jostein Steinsland-Hauge, opplyste til BA klokken 1150 siste melding til dem var at det ikke lenger var \u00e5pne flammer.<\/p>\n<p>\u2013 Gjorde alt rett<\/p>\n<p>Han p\u00e5pekte da at det fortsatt var str\u00f8m i kabelen, og ville ikke avfeie spredningsfaren f\u00f8r brannvesenet selv hadde f\u00e5tt oversikt over situasjonen.<\/p>\n<p><b>Klokken 1201 opplyser Steinsland-Hauge at brannvesenets mannskap p\u00e5 stedet melder at det ikke lenger brenner.<\/b><\/p>\n<p>Brannvesenet skulle da foreta en innvendig og utvendig temperaturkontroll f\u00f8r de sa seg ferdige p\u00e5 stedet.<\/p>\n<p>   <img decoding=\"async\" width=\"5712\" height=\"4284\" fetchpriority=\"low\"  loading=\"lazy\"  src=\"https:\/\/www.europesays.com\/no\/wp-content\/uploads\/2025\/10\/IMG_7241+%282%29.jpg\" alt=\"\" class=\"brick-c-cFOWSL\" style=\"--brick-image-ratio: 5712 \/ 4284;\"\/><\/p>\n<p>    Utrykningsleder Rune Fjellberg.<br \/>\n    Foto: Karoline Nordgulen\n  <\/p>\n<p>Den brennende kabelen var ca. 30 cm fra husveggen. Utrykningsleder Rune Fjellberg sier at det hele endte udramatisk.<\/p>\n<p>\u2013 De som oppdaget det gjorde alt rett.<\/p>\n<p>Fryktet for sv\u00e6rt kostbar b\u00e5t<\/p>\n<p>Eieren av naustet, som \u00f8nsker \u00e5 v\u00e6re anonym, forteller til BA det var ansatte i et service-selskap som oppdaget brannen mens de jobbet.<\/p>\n<p>\u2013 Jeg var p\u00e5 vei til jobb i byen, og m\u00e5tte bare br\u00e5snu da jeg fikk beskjed om hva som skjedde.<\/p>\n<p><b>Mest redd var han for b\u00e5ten sin som ligger like ved naustet: En 66-fot princess. <\/b><\/p>\n<p>Modellen har en prislapp p\u00e5 over 20 millioner.<\/p>\n<p>   <img decoding=\"async\" width=\"5712\" height=\"4284\" fetchpriority=\"low\"  loading=\"lazy\"  src=\"https:\/\/www.europesays.com\/no\/wp-content\/uploads\/2025\/10\/IMG_7242.jpg\" alt=\"\" class=\"brick-c-cFOWSL\" style=\"--brick-image-ratio: 5712 \/ 4284;\"\/><\/p>\n<p>    B\u00e5ten ligger til h\u00f8yre i bildet.<br \/>\n    Foto: Karoline Nordgulen\n  <\/p>\n<p>\u2013 B\u00e5ten var det f\u00f8rste jeg tenkte p\u00e5. Jeg var redd brannen skulle spre seg til den, sier eieren.<\/p>\n<p>B\u00e5teieren er lettet over at det ikke gikk verre.<\/p>\n<p>Han minnes den dramatiske b\u00e5tbrannen i V\u00e5gen, <a rel=\"Follow nofollow noopener\" href=\"https:\/\/www.ba.no\/brann-i-bat-ved-strandkaiterminalen\/s\/5-8-2920310\" target=\"_blank\">der samme b\u00e5tmodell av en mindre st\u00f8rrelse tok fyr.<\/a><\/p>\n<p><b>\u2013 Det kunne blitt veldig dramatisk.<\/b><\/p>\n","protected":false},"excerpt":{"rendered":"Klokken 1140 ble n\u00f8detatene varslet om brann i en str\u00f8mkabel i Bjor\u00f8yvegen i \u00d8ygarden. Inntakskabelen var tilknyttet et&hellip;\n","protected":false},"author":2,"featured_media":61952,"comment_status":"","ping_status":"","sticky":false,"template":"","format":"standard","meta":{"footnotes":""},"categories":[12],"tags":[7713,36,20,21,24,25,15,22,23,13,30,28,29,14,16,2869,1510,26,27,42,43,44,45],"class_list":{"0":"post-61951","1":"post","2":"type-post","3":"status-publish","4":"format-standard","5":"has-post-thumbnail","7":"category-verden","8":"tag-7713","9":"tag-art","10":"tag-breaking-news","11":"tag-breakingnews","12":"tag-featured-news","13":"tag-featurednews","14":"tag-headlines","15":"tag-latest-news","16":"tag-latestnews","17":"tag-news","18":"tag-no","19":"tag-norge","20":"tag-norway","21":"tag-nyheter","22":"tag-overskrifter","23":"tag-oygarden","24":"tag-story","25":"tag-top-stories","26":"tag-topstories","27":"tag-verden","28":"tag-world","29":"tag-world-news","30":"tag-worldnews"},"share_on_mastodon":{"url":"","error":""},"_links":{"self":[{"href":"https:\/\/www.europesays.com\/no\/wp-json\/wp\/v2\/posts\/61951","targetHints":{"allow":["GET"]}}],"collection":[{"href":"https:\/\/www.europesays.com\/no\/wp-json\/wp\/v2\/posts"}],"about":[{"href":"https:\/\/www.europesays.com\/no\/wp-json\/wp\/v2\/types\/post"}],"author":[{"embeddable":true,"href":"https:\/\/www.europesays.com\/no\/wp-json\/wp\/v2\/users\/2"}],"replies":[{"embeddable":true,"href":"https:\/\/www.europesays.com\/no\/wp-json\/wp\/v2\/comments?post=61951"}],"version-history":[{"count":0,"href":"https:\/\/www.europesays.com\/no\/wp-json\/wp\/v2\/posts\/61951\/revisions"}],"wp:featuredmedia":[{"embeddable":true,"href":"https:\/\/www.europesays.com\/no\/wp-json\/wp\/v2\/media\/61952"}],"wp:attachment":[{"href":"https:\/\/www.europesays.com\/no\/wp-json\/wp\/v2\/media?parent=61951"}],"wp:term":[{"taxonomy":"category","embeddable":true,"href":"https:\/\/www.europesays.com\/no\/wp-json\/wp\/v2\/categories?post=61951"},{"taxonomy":"post_tag","embeddable":true,"href":"https:\/\/www.europesays.com\/no\/wp-json\/wp\/v2\/tags?post=61951"}],"curies":[{"name":"wp","href":"https:\/\/api.w.org\/{rel}","templated":true}]}}