{"id":61953,"date":"2025-10-16T11:36:27","date_gmt":"2025-10-16T11:36:27","guid":{"rendered":"https:\/\/www.europesays.com\/no\/61953\/"},"modified":"2025-10-16T11:36:27","modified_gmt":"2025-10-16T11:36:27","slug":"samepolitikk-ilo-169-visste-du-at-brundtland-og-syse-ga-fra-seg-kontrollen-over-norge","status":"publish","type":"post","link":"https:\/\/www.europesays.com\/no\/61953\/","title":{"rendered":"Samepolitikk, ILO 169 | Visste du at Brundtland og Syse ga fra seg kontrollen over Norge?\u00a0"},"content":{"rendered":"\n<p><b>Nord-Norge avfolkes<\/b> og spesielt er Finnmark et sted sv\u00e6rt f\u00e5 \u00f8nsker \u00e5 bo eller \u00e5 flytte til. Her subsidieres alt \u2013 fra reindrift, fiske, landbruk og gjennom sterkt nedsatte skatter og avgifter. Det er mangel p\u00e5 muligheter, mangel p\u00e5 energi og mangel p\u00e5 arbeidsplasser. I Finnmark skjer det nesten ingen ting. <\/p>\n<p><b>Det er nemlig<\/b> ikke lov \u00e5 gj\u00f8re s\u00e5 mye. Ikke fordi norsk lov hindrer det, eller nordlendinger er giddelause, men fordi statsminister Jan P. Syse signerte og ratifiserte ILO-konvensjon nr. 169 p\u00e5 vegne av Norge i 1990 \u2013 en avtale forberedt og anbefalt av den foreg\u00e5ende regjeringen under Gro Harlem Brundtland. <\/p>\n<p><b>I Norge har vi <\/b>i praksis latt en bitteliten gruppe mennesker f\u00e5 s\u00e6rrettigheter over nesten halve landet \u2013 og vi kaller det \u201curfolksvern\u201d. Det startet med gode intensjoner. Man \u00f8nsket \u00e5 rette opp uretten som ble beg\u00e5tt mot samene under fornorskingen. Det var riktig den gang, og det var n\u00f8dvendig. Men det som startet som rettferdighet, har utviklet seg til et system der noen f\u00e5 tusen reindriftsut\u00f8vere har mer innflytelse over norsk arealpolitikk enn millioner av vanlige borgere.<\/p>\n<p><b>I 2024 var <\/b>bevilgningen til Sametinget fra staten alene p\u00e5 ca. 685 millioner kroner. Staten gir dessuten \u00e5rlig tilskudd og st\u00f8tte p\u00e5 omtrent 150\u2013160 millioner kronergjennom Reindriftsavtalen. Reindrift er ikke \u00f8konomisk b\u00e6rekraftig uten tilskudd.<\/p>\n<p><b>I dag st\u00e5r <\/b>rundt 22 000 personer i Sametingets valgmanntall. Av disse er det bare om lag 2500 personer som faktisk driver med reindrift \u2013 den n\u00e6ringen som gir grunnlag for de fleste samiske rettigheter til land og vann. Likevel omfattes rundt 40 prosent av Norges areal av omr\u00e5der der samiske interesser, s\u00e6rlig reindriftsretten, har juridisk vern. N\u00e5r 0,05 prosent av befolkningen kan p\u00e5virke hvordan nesten halve landet brukes, m\u00e5 vi t\u00f8rre \u00e5 stille sp\u00f8rsm\u00e5let: Er dette fortsatt vern av kultur, eller har det blitt et urimelig system av s\u00e6rprivilegier?<\/p>\n<p><b>Reindriftsrett,<\/b> tradisjonell bruk og sedvane har blitt juridiske verkt\u00f8y for \u00e5 stoppe utvikling. Et vindkraftverk p\u00e5 Fosen, som skulle levere gr\u00f8nn energi til titusenvis av mennesker, ble erkl\u00e6rt som et menneskerettsbrudd mot samisk kultur. Norge, som \u00f8nsker \u00e5 v\u00e6re verdensledende p\u00e5 gr\u00f8nn energi, st\u00e5r handlingslammet fordi noen rein ikke kan flyttes. Dette er ikke vern.<\/p>\n<p><b>Og hva med <\/b>resten av oss? Hvis din familie har ur-r\u00f8tter i Valdres tilbake 5-600 \u00e5r. Det har v\u00e6rt fisket i det samme vannet, bodd og brukt omr\u00e5det gjennom generasjoner \u2013 hvorfor har ikke du og din familie krav p\u00e5 samme vern? Hvorfor er samisk beite-bruk av naturen \u201ckultur\u201d, mens din norske bruk bare er \u201cprivilegium\u201d? Vanlige nordmenn m\u00e5 finne seg i at staten tvangs-eksproprierer, regulerer og beslaglegger grunn, mens en liten gruppe kan vise til \u201curfolksrett\u201d og stoppe samfunnsnyttige prosjekter resten av befolkningen b\u00e5de \u00f8nsker og trenger.<\/p>\n<p><b>Dette handler<\/b> ikke om diskriminering. Det handler om fornuft, samfunnsnytten, proporsjonalitet og likebehandling. Og i dag er balansen helt ute av kurs.<\/p>\n<p><b>Ingen \u00f8nsker<\/b> \u00e5 ta fra samene spr\u00e5k, identitet eller kultur. Men vi m\u00e5 t\u00f8rre \u00e5 si at urfolksbegrepet misbrukes. N\u00e5r en gruppe p\u00e5 2 500 personer i praksis p\u00e5virker norsk arealforvaltning p\u00e5 40 prosent av landarealet, da er ikke dette lenger et sp\u00f8rsm\u00e5l om kultur \u2013 det er et sp\u00f8rsm\u00e5l om makt. Internasjonale konvensjoner ble aldri ment \u00e5 gi sm\u00e5 s\u00e6rinteresser kontroll over nasjonale beslutninger om energi, forsvar og utvikling. Likevel er det akkurat det som har skjedd.<\/p>\n<p><b>Vi kan fortsatt <\/b>respektere samisk kultur uten \u00e5 gi bort landet v\u00e5rt? Er det p\u00e5 tide \u00e5 trekke i n\u00f8dbremsen? <\/p>\n<ul>\n<li>Denne artikkelen ble f\u00f8rst publisert med en feil opplysning om at ILO-konvensjon 169 ble signert av statsminister Gro Harlem Brundtland. Dette ble korrigert 15. oktober kl. 17.10. Innlegget ble aller f\u00f8rst publisert p\u00e5 <a href=\"https:\/\/www.facebook.com\/jarle.aabo\" rel=\"Follow nofollow noopener\" target=\"_blank\">Jarle Aab\u00f8s FB-vegg<\/a><\/li>\n<\/ul>\n","protected":false},"excerpt":{"rendered":"Nord-Norge avfolkes og spesielt er Finnmark et sted sv\u00e6rt f\u00e5 \u00f8nsker \u00e5 bo eller \u00e5 flytte til. Her&hellip;\n","protected":false},"author":2,"featured_media":61954,"comment_status":"","ping_status":"","sticky":false,"template":"","format":"standard","meta":{"footnotes":""},"categories":[10],"tags":[36,20,21,24,25,15,9048,22,23,13,30,28,29,14,1533,16,338,9047,1488,26,27,9049],"class_list":{"0":"post-61953","1":"post","2":"type-post","3":"status-publish","4":"format-standard","5":"has-post-thumbnail","7":"category-norge","8":"tag-art","9":"tag-breaking-news","10":"tag-breakingnews","11":"tag-featured-news","12":"tag-featurednews","13":"tag-headlines","14":"tag-ilo-169","15":"tag-latest-news","16":"tag-latestnews","17":"tag-news","18":"tag-no","19":"tag-norge","20":"tag-norway","21":"tag-nyheter","22":"tag-opinion","23":"tag-overskrifter","24":"tag-reindrift","25":"tag-samepolitikk","26":"tag-sametinget","27":"tag-top-stories","28":"tag-topstories","29":"tag-urfolks-rettigheter"},"share_on_mastodon":{"url":"","error":""},"_links":{"self":[{"href":"https:\/\/www.europesays.com\/no\/wp-json\/wp\/v2\/posts\/61953","targetHints":{"allow":["GET"]}}],"collection":[{"href":"https:\/\/www.europesays.com\/no\/wp-json\/wp\/v2\/posts"}],"about":[{"href":"https:\/\/www.europesays.com\/no\/wp-json\/wp\/v2\/types\/post"}],"author":[{"embeddable":true,"href":"https:\/\/www.europesays.com\/no\/wp-json\/wp\/v2\/users\/2"}],"replies":[{"embeddable":true,"href":"https:\/\/www.europesays.com\/no\/wp-json\/wp\/v2\/comments?post=61953"}],"version-history":[{"count":0,"href":"https:\/\/www.europesays.com\/no\/wp-json\/wp\/v2\/posts\/61953\/revisions"}],"wp:featuredmedia":[{"embeddable":true,"href":"https:\/\/www.europesays.com\/no\/wp-json\/wp\/v2\/media\/61954"}],"wp:attachment":[{"href":"https:\/\/www.europesays.com\/no\/wp-json\/wp\/v2\/media?parent=61953"}],"wp:term":[{"taxonomy":"category","embeddable":true,"href":"https:\/\/www.europesays.com\/no\/wp-json\/wp\/v2\/categories?post=61953"},{"taxonomy":"post_tag","embeddable":true,"href":"https:\/\/www.europesays.com\/no\/wp-json\/wp\/v2\/tags?post=61953"}],"curies":[{"name":"wp","href":"https:\/\/api.w.org\/{rel}","templated":true}]}}