{"id":61955,"date":"2025-10-16T11:37:12","date_gmt":"2025-10-16T11:37:12","guid":{"rendered":"https:\/\/www.europesays.com\/no\/61955\/"},"modified":"2025-10-16T11:37:12","modified_gmt":"2025-10-16T11:37:12","slug":"mystisk-kjoper-avslort","status":"publish","type":"post","link":"https:\/\/www.europesays.com\/no\/61955\/","title":{"rendered":"Mystisk kj\u00f8per avsl\u00f8rt"},"content":{"rendered":"<p class=\"kicker \" style=\"\">Luksushytte:<\/p>\n<p>  Ektemannen til milliard\u00e6rarving Katharina Andresen skapte forvirring om hyttekj\u00f8p. N\u00e5 er fasiten klar.<\/p>\n<p>\n    KJ\u00d8PER KJENT: Ektemannen til milliard\u00e6rarving Katharina Andresen mente Kapital hadde tatt feil da de utpekte ham som kj\u00f8per av denne luksushytta p\u00e5 Hafjell. Foto: Marlene Lundberg Holm \/ Dagbladet\n  <\/p>\n<p>I april skrev Kapital\u00a0at Lunnstaden p\u00e5 Hafjell &#8211; et hytteomr\u00e5de med noen av Norges mest bemidlede &#8211; hadde f\u00e5tt nye tilskudd i form av milliard\u00e6rarving Katharina Andresen (30) og ektemannen Frederic \u00d8ien Kvasnes (35).\u00a0<\/p>\n<p class=\"font-weight-bold m-font-weight-bold\" data-lab-font_weight=\"font-weight-bold\">Sistnevnte var riktignok uenig i framstillingen og avvfeide saken blankt overfor tidsskriftet.\u00a0<\/p>\n<p>    <a itemprop=\"url\" href=\"https:\/\/borsen.dagbladet.no\/nyheter\/na-skal-hun-skaffe-husokonom\/80981742\" rel=\"nofollow noopener\" target=\"_blank\"><\/p>\n<p>      <img loading=\"lazy\" decoding=\"async\" src=\"https:\/\/www.europesays.com\/no\/wp-content\/uploads\/2025\/10\/74859578.webp\" width=\"980\" height=\"441\" title=\"N\u00e5 skal hun skaffe hus\u00f8konom\" alt=\"\" class=\"lazyload\" style=\"--aspect-ratio-image: 2.22; \"\/><\/p>\n<p>        N\u00e5 skal hun skaffe hus\u00f8konom<\/p>\n<p>    <\/a><\/p>\n<p> &#8211; Dere kan si at min kommentar er at alt dere antar er feil, sa\u00a0Kvasnes til\u00a0<a href=\"https:\/\/www.finansavisen.no\/reise-og-fritid\/2025\/04\/07\/8254580\/katharina-andresen-og-frederic-kvasnes-har-kjopt-giganthytte-pa-hafjell?zephr_sso_ott=fzmIGg\" rel=\"nofollow noopener\" target=\"_blank\">Kapital<\/a> den gang.<\/p>\n<p>Han konkretiserte ikke hva han mente var uriktig.<\/p>\n<p>          <img loading=\"lazy\" decoding=\"async\" src=\"https:\/\/www.europesays.com\/no\/wp-content\/uploads\/2025\/10\/83721736.webp\" width=\"686\" height=\"1029\" title=\"HYTTEEIER: En fersk tinglysning viser at hytta p\u00e5 Hafjell er kj\u00f8pt av Frederic Kvasnes. Her er ekteparet avbildet i forbindelse med Elle-gallaen i 2014. Foto: Thomas Fure \/ NTB\" alt=\"\" class=\"\" style=\"--aspect-ratio-image: 0.67; \"\/><\/p>\n<p>\n          HYTTEEIER: En fersk tinglysning viser at hytta p\u00e5 Hafjell er kj\u00f8pt av Frederic Kvasnes. Her er ekteparet avbildet i forbindelse med Elle-gallaen i 2014. Foto: Thomas Fure \/ NTB\n      <\/p>\n<p>Kraftig rabatt\t<\/p>\n<p>N\u00e5, seks m\u00e5neder seinere, viser en fersk tinglysning at Frederic \u00d8ien Kvasnes st\u00e5r som ny eier av den aktuelle luksushytta p\u00e5 rett i underkant av 600 kvadratmeter.\u00a0<\/p>\n<p class=\"font-weight-bold m-font-weight-bold\" data-lab-font_weight=\"font-weight-bold\">If\u00f8lge dokumentene punget han ut 19,5 millioner kroner &#8211; alts\u00e5 et godt stykke under prisantydningen p\u00e5 25 millioner.\u00a0<\/p>\n<p>    <a itemprop=\"url\" href=\"https:\/\/borsen.dagbladet.no\/nyheter\/slik-var-det-elleville-milliardaer-bryllupet\/81521263\" rel=\"nofollow noopener\" target=\"_blank\"><\/p>\n<p>      <img loading=\"lazy\" decoding=\"async\" src=\"https:\/\/www.europesays.com\/no\/wp-content\/uploads\/2025\/10\/81521313.webp\" width=\"980\" height=\"441\" title=\"Slik var det elleville milliard\u00e6r-bryllupet\" alt=\"\" class=\"lazyload\" style=\"--aspect-ratio-image: 2.22; \"\/><\/p>\n<p>        Slik var det elleville milliard\u00e6r-bryllupet<\/p>\n<p>    <\/a><\/p>\n<p>Det er Lunnstadbrinken 41 AS som st\u00e5r oppf\u00f8rt som selger av fritidsboligen. Kvasnes er styreleder i selskapet, som ogs\u00e5 eies i sin helhet av ham gjennom Kvasnes Holding.\u00a0<\/p>\n<p>B\u00f8rsen har bedt 35-\u00e5ringen om en kommentar til kj\u00f8pet og om han har lyst til \u00e5 utdype hva han mener var feil med medieomtalen i april.<\/p>\n<p>&#8211; Det har jeg ingen kommentar til. Ha en fortsatt fin dag!\u00a0<\/p>\n<p>          <img loading=\"lazy\" decoding=\"async\" src=\"https:\/\/www.europesays.com\/no\/wp-content\/uploads\/2025\/10\/83721608.webp\" width=\"980\" height=\"559\" title=\"STORE OPPUSSINGSGREP: Tidligere i \u00e5r skrev Kapital at hytta skal gjennom omfattende oppussing og at den ved endte prosess vil v\u00e6re verdt om lag 40 millioner kroner. Foto: Marlene Lundberg Holm \/ Dagbladet\" alt=\"\" class=\"\" style=\"--aspect-ratio-image: 1.75; \"\/><\/p>\n<p>\n          STORE OPPUSSINGSGREP: Tidligere i \u00e5r skrev Kapital at hytta skal gjennom omfattende oppussing og at den ved endte prosess vil v\u00e6re verdt om lag 40 millioner kroner. Foto: Marlene Lundberg Holm \/ Dagbladet\n      <\/p>\n<p>Vinkjeller og spa\t<\/p>\n<p>If\u00f8lge annonsen sikret ekteparet seg en \u00abh\u00f8ystandardhytte med sv\u00e6rt attraktiv beliggenhet\u00bb. Hyttene i omr\u00e5det er kjent for sine svimlende priser, med naboer som mangemillion\u00e6r Karl Kristian Sunde (50), samt Sveits-utflytter og skikonge Bj\u00f8rn D\u00e6hlie (58).\u00a0<\/p>\n<p>Bilder viser at hytta kan skilte med egen vinkjeller, spaavdeling med trimrom og badstue, samt ti soverom og garasje. Det er i tillegg \u00abski-in ski-out\u00bb til Hafjell Skisenter via tilfartsl\u00f8ype rett utenfor tomta. <\/p>\n<p>    <a itemprop=\"url\" href=\"https:\/\/borsen.dagbladet.no\/nyheter\/milliardaerarvingenes-ektepakter\/82181439\" rel=\"nofollow noopener\" target=\"_blank\"><\/p>\n<p>      <img loading=\"lazy\" decoding=\"async\" src=\"https:\/\/www.europesays.com\/no\/wp-content\/uploads\/2025\/10\/82202437.webp\" width=\"147\" height=\"98\" title=\"Milliard\u00e6rarvingenes ektepakter\" alt=\"\" class=\"lazyload\" style=\"--aspect-ratio-image: 1.50; \"\/><\/p>\n<p>        Milliard\u00e6rarvingenes ektepakter<\/p>\n<p>    <\/a><\/p>\n<p>&#8211; Storslagen utsikt mot Jotunheimen Nasjonalpark og Rondane. Barnevennlig beliggenhet innerst i blindvei med lite trafikk. Fantastiske solforhold gjennom hele dagen i vestvendt terreng, hele \u00e5ret, heter det i annonsen.\u00a0<\/p>\n<p> Da Kapital meldte om hyttekj\u00f8pet skrev de at fritidsboligen sto overfor omfattende oppussing, og at parets vinterparadis trolig vil v\u00e6re verdt rundt 40 millioner kroner n\u00e5r den sto ferdig. Det er uklart hvor langt de to eventuelt har kommet i den prosessen.\u00a0<\/p>\n<p>        UBEHAGELIG: Katharina Andresen regner som en av Norges rikeste. Hos Skavlan i 2015 snakket hun ut om hvordan hun taklet dette i barndommen. Video: NRK<\/p>\n<p>Tr\u00f8bbel med rekordkj\u00f8p\t<\/p>\n<p>Andresen og Kvasnes er ikke fremmed for \u00e5 skape overskrifter n\u00e5r det gjelder eiendomskj\u00f8p. I 2023 kj\u00f8pte f\u00f8rstnevnte, som er dattera til Ferd-eier Johan H.\u00a0Andresen,\u00a0<a href=\"https:\/\/borsen.dagbladet.no\/nyheter\/har-kjopt-norgeshistoriens-dyreste-bolig\/80494292\" rel=\"nofollow noopener\" target=\"_blank\">norgeshistoriens dyreste bolig p\u00e5 Bygd\u00f8y til 590 millioner<\/a> kroner. <\/p>\n<p>    <a itemprop=\"url\" href=\"https:\/\/borsen.dagbladet.no\/nyheter\/milliardaer-tilbyr-hundepass\/82113631\" rel=\"nofollow noopener\" target=\"_blank\"><\/p>\n<p>      <img loading=\"lazy\" decoding=\"async\" src=\"https:\/\/www.europesays.com\/no\/wp-content\/uploads\/2025\/10\/68841277.webp\" width=\"980\" height=\"441\" title=\"Milliard\u00e6r tilbyr hundepass\" alt=\"\" class=\"lazyload\" style=\"--aspect-ratio-image: 2.22; \"\/><\/p>\n<p>        Milliard\u00e6r tilbyr hundepass<\/p>\n<p>    <\/a><\/p>\n<p>I ettertid har det vist seg at\u00a0Andresen har overdratt tidligere problemer med tomta og kan bli p\u00e5lagt \u00e5\u00a0<a href=\"https:\/\/www.seher.no\/kjendis\/trues-med-dagboter\/81634194\" rel=\"nofollow noopener\" target=\"_blank\">rive deler av bebyggelsen p\u00e5 eiendommen<\/a>, inkludert muren, gjerdene og brygga. Saken er st\u00e5r forel\u00f8pig i limbo hos Plan- og bygningsetaten.\u00a0<\/p>\n<p> Ved siden av prim\u00e6rvillaen, eier paret ytterligere to eiendommer p\u00e5 Bygd\u00f8y. Her st\u00e5r Andresen oppf\u00f8rt med en eierandel p\u00e5 70 prosent, mens Kvasnes eier de resterende 30 prosentene.<\/p>\n","protected":false},"excerpt":{"rendered":"Luksushytte: Ektemannen til milliard\u00e6rarving Katharina Andresen skapte forvirring om hyttekj\u00f8p. N\u00e5 er fasiten klar. KJ\u00d8PER KJENT: Ektemannen til&hellip;\n","protected":false},"author":2,"featured_media":61956,"comment_status":"","ping_status":"","sticky":false,"template":"","format":"standard","meta":{"footnotes":""},"categories":[5],"tags":[20,21,2525,24,25,9050,5327,15,19,5258,9051,22,23,17,18,13,30,28,29,14,16,26,27],"class_list":{"0":"post-61955","1":"post","2":"type-post","3":"status-publish","4":"format-standard","5":"has-post-thumbnail","7":"category-overskrifter","8":"tag-breaking-news","9":"tag-breakingnews","10":"tag-eiendom","11":"tag-featured-news","12":"tag-featurednews","13":"tag-frederic-kvasnes","14":"tag-hafjell","15":"tag-headlines","16":"tag-hovedoppslag","17":"tag-hytte","18":"tag-katharina-andresen","19":"tag-latest-news","20":"tag-latestnews","21":"tag-main-news","22":"tag-mainnews","23":"tag-news","24":"tag-no","25":"tag-norge","26":"tag-norway","27":"tag-nyheter","28":"tag-overskrifter","29":"tag-top-stories","30":"tag-topstories"},"share_on_mastodon":{"url":"","error":""},"_links":{"self":[{"href":"https:\/\/www.europesays.com\/no\/wp-json\/wp\/v2\/posts\/61955","targetHints":{"allow":["GET"]}}],"collection":[{"href":"https:\/\/www.europesays.com\/no\/wp-json\/wp\/v2\/posts"}],"about":[{"href":"https:\/\/www.europesays.com\/no\/wp-json\/wp\/v2\/types\/post"}],"author":[{"embeddable":true,"href":"https:\/\/www.europesays.com\/no\/wp-json\/wp\/v2\/users\/2"}],"replies":[{"embeddable":true,"href":"https:\/\/www.europesays.com\/no\/wp-json\/wp\/v2\/comments?post=61955"}],"version-history":[{"count":0,"href":"https:\/\/www.europesays.com\/no\/wp-json\/wp\/v2\/posts\/61955\/revisions"}],"wp:featuredmedia":[{"embeddable":true,"href":"https:\/\/www.europesays.com\/no\/wp-json\/wp\/v2\/media\/61956"}],"wp:attachment":[{"href":"https:\/\/www.europesays.com\/no\/wp-json\/wp\/v2\/media?parent=61955"}],"wp:term":[{"taxonomy":"category","embeddable":true,"href":"https:\/\/www.europesays.com\/no\/wp-json\/wp\/v2\/categories?post=61955"},{"taxonomy":"post_tag","embeddable":true,"href":"https:\/\/www.europesays.com\/no\/wp-json\/wp\/v2\/tags?post=61955"}],"curies":[{"name":"wp","href":"https:\/\/api.w.org\/{rel}","templated":true}]}}