{"id":61957,"date":"2025-10-16T11:44:12","date_gmt":"2025-10-16T11:44:12","guid":{"rendered":"https:\/\/www.europesays.com\/no\/61957\/"},"modified":"2025-10-16T11:44:12","modified_gmt":"2025-10-16T11:44:12","slug":"varsler-ekstraordinaert-utbytte-pa-125-millioner-ht-no","status":"publish","type":"post","link":"https:\/\/www.europesays.com\/no\/61957\/","title":{"rendered":"(+) Varsler ekstraordin\u00e6rt utbytte p\u00e5 125 millioner &#8211; ht.no"},"content":{"rendered":"<ol>\n<li><a href=\"https:\/\/news.google.com\/rss\/articles\/CBMid0FVX3lxTE41MnNwVU1OYW1Zb3hPcW0tMlUxYzllSF9yLUlCOVhqdEpwNWZHaTJucHVITXBseFo4WVp2QlFMNXdjU2xjcmhfTTNfNkZIMktZZENNMUQxcEg3UFRSaXZjWEJ0c2ZBLXRoTzc0R0NLVFp6dzB5SEtR?oc=5\" target=\"_blank\" rel=\"nofollow noopener\">(+) Varsler ekstraordin\u00e6rt utbytte p\u00e5 125 millioner<\/a>&nbsp;&nbsp;ht.no<\/li>\n<li><a href=\"https:\/\/news.google.com\/rss\/articles\/CBMiqAFBVV95cUxQd2kzQ3FOdUxHWGNsNTVKOFNZa1VMRFpTNDQtaDBJVFczRDdPTXV3cnlITWtpdzdxVDczZXJKazBvQ1JNNlZFMmRYNFltcE55M3FDMDl3SFFHN1NOMmdBZnMxRC1XRTg0QVZJNnFiNGE5ZUhZQURfZnBFWXZ0REcxTWxleUpnQ0RPcThnWXVRN0NLQmtjc2d6cXRnOVdoZ0hJaTlvemFDaTU?oc=5\" target=\"_blank\" rel=\"nofollow noopener\">Kraftselskap deler ut 125 mill. etter salg til R\u00f8kke<\/a>&nbsp;&nbsp;Dagens N\u00e6ringsliv<\/li>\n<li><a href=\"https:\/\/news.google.com\/rss\/articles\/CBMipAFBVV95cUxNYUd0T1VJRlNCc01qWGtVSTdKUkxiSHJ1NGNJMEluZC12YXJWT0RYcFBacDMyREVscnl4ek83UmVXY2owTVZHYzB0QmRnc0tSajJoYzl1S2M0RmlyNXExSm1NQ1RQM2EyYmRLQm1WSHdCVEVmaHZfMzU4SW0xcFVVblVuQzZnSnAwbF9qWE9QZDhiMlZzNjM5dGtNOVZ5bUktUEJxWg?oc=5\" target=\"_blank\" rel=\"nofollow noopener\">N\u00e6ringsliv, Nordkraft | Aksjesalg gir s\u00e5rt trengte penger til Harstad: Gir 125 millioner<\/a>&nbsp;&nbsp;iHarstad<\/li>\n<li><a href=\"https:\/\/news.google.com\/rss\/articles\/CBMimgFBVV95cUxNa29qRkpMVTdiZ1NWeTFtWnVHUTdsMzY2V0xISnRfMDN1MkdWTVQ5Rlo4b0tYamlUdm5fOUw4clJsS2xfTHptRmMtMVZOOVVkVWpudU1VanFoX3ZkWUxHdmxCM0JFZlc4SzdSX1NIcEI4alk5Vkk1Y01GZGdrZE1qZDhaNi13Y2xnNWh6Rm9CNmZodGVBd1V1OEln?oc=5\" target=\"_blank\" rel=\"nofollow noopener\">Utbytte, Robek | Fikk 45 millioner kroner: \u2013 Forn\u00f8yd \u2013 men ingen feststemning<\/a>&nbsp;&nbsp;Fremover<\/li>\n<li><a href=\"https:\/\/news.google.com\/rss\/articles\/CBMiqAFBVV95cUxQSHBld2hRQ0JHT0JRY0dzejlwX1ZoRFcwOGRrZmd6bEF6NWVBTnF4QmdVWnJEZTJQeVozZkRmeEwtZWN1R1U4Y2l1UlpsMzZUR0hGb091VGJ0N1k0LWNPdENnbHd6UVV1UFUwaHI3bU9ZN1E5c3kya01rMUY5TUhyejNXaWczUTk5WkIwdV9nanlfdVo0VUEydEE2N1ViX0ZVVm9XQzRUaVY?oc=5\" target=\"_blank\" rel=\"nofollow noopener\">Narvik kommune: Stevner mot et dundrende underskudd<\/a>&nbsp;&nbsp;Finansavisen<\/li>\n<\/ol>\n","protected":false},"excerpt":{"rendered":"(+) Varsler ekstraordin\u00e6rt utbytte p\u00e5 125 millioner&nbsp;&nbsp;ht.no Kraftselskap deler ut 125 mill. etter salg til R\u00f8kke&nbsp;&nbsp;Dagens N\u00e6ringsliv N\u00e6ringsliv,&hellip;\n","protected":false},"author":2,"featured_media":61958,"comment_status":"","ping_status":"","sticky":false,"template":"","format":"standard","meta":{"footnotes":""},"categories":[10],"tags":[20,21,24,25,9052,9053,15,1437,22,23,3348,13,30,28,29,14,16,4353,26,27],"class_list":{"0":"post-61957","1":"post","2":"type-post","3":"status-publish","4":"format-standard","5":"has-post-thumbnail","7":"category-norge","8":"tag-breaking-news","9":"tag-breakingnews","10":"tag-featured-news","11":"tag-featurednews","12":"tag-gratangen","13":"tag-halogaland","14":"tag-headlines","15":"tag-ibestad","16":"tag-latest-news","17":"tag-latestnews","18":"tag-narvik","19":"tag-news","20":"tag-no","21":"tag-norge","22":"tag-norway","23":"tag-nyheter","24":"tag-overskrifter","25":"tag-tjeldsund","26":"tag-top-stories","27":"tag-topstories"},"share_on_mastodon":{"url":"","error":""},"_links":{"self":[{"href":"https:\/\/www.europesays.com\/no\/wp-json\/wp\/v2\/posts\/61957","targetHints":{"allow":["GET"]}}],"collection":[{"href":"https:\/\/www.europesays.com\/no\/wp-json\/wp\/v2\/posts"}],"about":[{"href":"https:\/\/www.europesays.com\/no\/wp-json\/wp\/v2\/types\/post"}],"author":[{"embeddable":true,"href":"https:\/\/www.europesays.com\/no\/wp-json\/wp\/v2\/users\/2"}],"replies":[{"embeddable":true,"href":"https:\/\/www.europesays.com\/no\/wp-json\/wp\/v2\/comments?post=61957"}],"version-history":[{"count":0,"href":"https:\/\/www.europesays.com\/no\/wp-json\/wp\/v2\/posts\/61957\/revisions"}],"wp:featuredmedia":[{"embeddable":true,"href":"https:\/\/www.europesays.com\/no\/wp-json\/wp\/v2\/media\/61958"}],"wp:attachment":[{"href":"https:\/\/www.europesays.com\/no\/wp-json\/wp\/v2\/media?parent=61957"}],"wp:term":[{"taxonomy":"category","embeddable":true,"href":"https:\/\/www.europesays.com\/no\/wp-json\/wp\/v2\/categories?post=61957"},{"taxonomy":"post_tag","embeddable":true,"href":"https:\/\/www.europesays.com\/no\/wp-json\/wp\/v2\/tags?post=61957"}],"curies":[{"name":"wp","href":"https:\/\/api.w.org\/{rel}","templated":true}]}}