{"id":61959,"date":"2025-10-16T11:45:10","date_gmt":"2025-10-16T11:45:10","guid":{"rendered":"https:\/\/www.europesays.com\/no\/61959\/"},"modified":"2025-10-16T11:45:10","modified_gmt":"2025-10-16T11:45:10","slug":"ulrik-saltnes-rammet-av-hjernehinnebetennelse","status":"publish","type":"post","link":"https:\/\/www.europesays.com\/no\/61959\/","title":{"rendered":"Ulrik Saltnes rammet av hjernehinnebetennelse"},"content":{"rendered":"\n<p class=\"_lead_o9xde_2 _lead_xtcu6_50 layout-component text-serif-m layout-normal text-serif-l layout-component layout-wide layout-padded _wide_17hqh_1 layout-padded\">Ulrik Saltnes\u2019 lengre skadeopphold skyldes en hjernehinnebetennelse.<\/p>\n<p><img alt=\" Foto: Peter Cziborra \/ Reuters \/ NTB\" class=\"_image_qp4xg_65 layout-component layout-wide\" data-fullscreen- data-track-element-type=\"Article image fullscreen\" data-track-name=\"ImageFullscreen\" fetchpriority=\"high\" decoding=\"sync\" loading=\"eager\" height=\"2946\" itemprop=\"image\"  src=\"https:\/\/www.europesays.com\/no\/wp-content\/uploads\/2025\/10\/df0f9d21-c4b1-4198-90a7-26b2072d70d3\"  style=\"object-position:0% 0%\" width=\"4093\"\/> Foto: Peter Cziborra \/ Reuters \/ NTB<\/p>\n<ul aria-hidden=\"true\" class=\"_images_1y6fe_106\">\n<li><a class=\"_link_1y6fe_111\" href=\"https:\/\/www.vg.no\/forfatter\/andreas-hopen\" style=\"z-index:2\" title=\"Andreas Hopen\" rel=\"nofollow noopener\" target=\"_blank\"><img alt=\"Bilde av Andreas Hopen\" class=\"_image_1y6fe_88\" fetchpriority=\"low\" loading=\"lazy\" decoding=\"async\" itemprop=\"image\"  src=\"https:\/\/www.europesays.com\/no\/wp-content\/uploads\/2025\/10\/1760615109_877_8d697287-ea03-4d54-ab67-6d65b82629eb\"  width=\"480\"\/><\/a><\/li>\n<li><a class=\"_link_1y6fe_111\" href=\"https:\/\/www.vg.no\/forfatter\/henrik-davidsen-hellevik\" style=\"z-index:1\" title=\"Henrik Davidsen Hellevik\" rel=\"nofollow noopener\" target=\"_blank\"><img alt=\"Bilde av Henrik Davidsen Hellevik\" class=\"_image_1y6fe_88\" fetchpriority=\"low\" loading=\"lazy\" decoding=\"async\" itemprop=\"image\"  src=\"https:\/\/www.europesays.com\/no\/wp-content\/uploads\/2025\/10\/1760615110_520_5443292c-a647-4269-871c-1f6248707e55\"  width=\"480\"\/><\/a><\/li>\n<\/ul>\n<p> Oppdatert torsdag 16. oktober kl. 13:15    <\/p>\n<ul class=\"_list_o9xde_3 _list_64s2r_85 _unordered_o9xde_106 text-sans-m\">\n<li class=\"_item_o9xde_30\">Ulrik Saltnes har v\u00e6rt ute siden Champions League-jubelen 26. august; legene fant hjernehinnebetennelse, f\u00f8rst trodd \u00e5 v\u00e6re helvetesild.<\/li>\n<li class=\"_item_o9xde_30\">Han ble innlagt og er n\u00e5 tilbake i trening, men fortsatt preget; ryktene om helsa kaller han \u00abs\u00f8rgelige og fascinerende\u00bb. Han mistet 3\u20134 kilo, men har f\u00e5tt dem tilbake.<\/li>\n<\/ul>\n<p>Vis mer <\/p>\n<p class=\"_paragraph_o9xde_4 _paragraph_xtcu6_10 layout-component text-serif-m layout-normal text-serif-m layout-padded\">26. august jublet Ulrik Saltnes (32) i Klagenfurt for at <a href=\"https:\/\/www.vg.no\/tag\/bodoe-glimt?utm_source=vg-article&amp;utm_medium=auto-tagger&amp;utm_campaign=1M1LRJ\" class=\"_link_o9xde_39\" rel=\"nofollow noopener\" target=\"_blank\">Bod\u00f8\/Glimt<\/a> var klare for Champions League. Siden har han ikke v\u00e6rt p\u00e5 banen.<\/p>\n<p class=\"_paragraph_o9xde_4 _paragraph_xtcu6_10 layout-component text-serif-m layout-normal text-serif-m layout-padded\">Tre dager etter at laget tok den historiske plassen opps\u00f8kte midtbanespilleren lege. Legen konkluderte med at det var helvetesild.<\/p>\n<p class=\"_paragraph_o9xde_4 _paragraph_xtcu6_10 layout-component text-serif-m layout-normal text-serif-m layout-padded\">Men Saltnes ble ikke frisk. Et par dager senere ble Saltnes sendt p\u00e5 sykehus &#8211; pr\u00f8vene der viste at midtbanespilleren hadde hjernehinnebetennelse.<\/p>\n<p class=\"_paragraph_o9xde_4 _paragraph_xtcu6_10 layout-component text-serif-m layout-normal text-serif-m layout-padded\">\u2013 Da ble ting straks mer alvorlig. Jeg fikk oppf\u00f8lgning og kur der, og det ble tatt ytterligere pr\u00f8ver. Jeg m\u00e5tte bare ta tiden til hjelp. Heldigvis gikk det bra, og jeg kom meg hjem igjen etter hvert, sier Ulrik Saltnes til <a href=\"https:\/\/www.an.no\/fra-champions-league-jubel-til-sykesenga-det-er-sorgelig-og-fascinerende\/f\/5-4-2261221\" class=\"_link_o9xde_39\" rel=\"nofollow noopener\" target=\"_blank\">Avisa Nordland<\/a>.<\/p>\n<p class=\"_paragraph_o9xde_4 _paragraph_xtcu6_10 layout-component text-serif-m layout-normal text-serif-m layout-padded\">\u2013 Det er noe n\u00e5r man f\u00e5r en trykk i hodet som dette, s\u00e5 er det ikke bare \u00e5 komme i gang igjen. Det er en del bivirkninger. Slik jeg forst\u00e5r det er det strukturene oppe i hjernen som blir litt skadet og forandret av hjernehinnebetennelsen. Man f\u00f8ler seg slapp, har vondt i hodet, blir lyssky og lett svimmel, forklarer Saltnes.<\/p>\n<p>Hjernehinnebetennelse<\/p>\n<p class=\"_paragraph_o9xde_4 _paragraph_xtcu6_10 _paragraph_16v91_10 layout-component text-serif-m layout-normal text-sans-m layout-padded\">Hjernehinnebetennelse er en infeksjon av hinnene rundt hjernen og ryggmargen, mens hjernebetennelse er en infeksjon i selve hjernevevet. Hjernehinnebetennelse er en akutt og livstruende sykdom som i de fleste tilfeller utvikler seg raskt (NHI.no)<\/p>\n<p>Vis mer   <\/p>\n<p class=\"_paragraph_o9xde_4 _paragraph_xtcu6_10 layout-component text-serif-m layout-normal text-serif-m layout-padded\">Da Saltnes ikke var til stede p\u00e5 trening oppstod det rykter om hva som var \u00e5rsaken.<\/p>\n<p class=\"_paragraph_o9xde_4 _paragraph_xtcu6_10 layout-component text-serif-m layout-normal text-serif-m layout-padded\">\u2013 Jeg skj\u00f8nner at vi bor p\u00e5 en liten plass, og at ting sprer seg fort. Det er litt s\u00f8rgelig p\u00e5 ett vis, og litt fascinerende p\u00e5 ett vis, sier Saltnes om ryktene som gikk rundt hans helse.<\/p>\n<p class=\"_paragraph_o9xde_4 _paragraph_xtcu6_10 layout-component text-serif-m layout-normal text-serif-m layout-padded\">Etter unders\u00f8kelser har man kommet frem til at det trolig med helvetesild som har utviklet seg til hjernehinnebetennelsen.<\/p>\n<p class=\"_paragraph_o9xde_4 _paragraph_xtcu6_10 layout-component text-serif-m layout-normal text-serif-m layout-padded\">N\u00e5 er midtbanespilleren tilbake i trening med laget &#8211; men sykdommen har satt ham tilbake.<\/p>\n<p class=\"_paragraph_o9xde_4 _paragraph_xtcu6_10 layout-component text-serif-m layout-normal text-serif-m layout-padded\">\u2013 Jeg er satt mye tilbake. Man blir tynn. Jeg gikk raskt ned tre-fire kilo, men de har jeg f\u00e5tt tilbake igjen. De infeksjonene krever litt energi, fortsetter han.<\/p>\n","protected":false},"excerpt":{"rendered":"Ulrik Saltnes\u2019 lengre skadeopphold skyldes en hjernehinnebetennelse. Foto: Peter Cziborra \/ Reuters \/ NTB Oppdatert torsdag 16. oktober&hellip;\n","protected":false},"author":2,"featured_media":61960,"comment_status":"","ping_status":"","sticky":false,"template":"","format":"standard","meta":{"footnotes":""},"categories":[5],"tags":[517,20,21,134,24,25,92,15,19,22,23,17,18,13,30,28,29,14,16,26,27,2942],"class_list":{"0":"post-61959","1":"post","2":"type-post","3":"status-publish","4":"format-standard","5":"has-post-thumbnail","7":"category-overskrifter","8":"tag-bodo-glimt","9":"tag-breaking-news","10":"tag-breakingnews","11":"tag-eliteserien","12":"tag-featured-news","13":"tag-featurednews","14":"tag-fotball","15":"tag-headlines","16":"tag-hovedoppslag","17":"tag-latest-news","18":"tag-latestnews","19":"tag-main-news","20":"tag-mainnews","21":"tag-news","22":"tag-no","23":"tag-norge","24":"tag-norway","25":"tag-nyheter","26":"tag-overskrifter","27":"tag-top-stories","28":"tag-topstories","29":"tag-ulrik-saltnes"},"share_on_mastodon":{"url":"","error":""},"_links":{"self":[{"href":"https:\/\/www.europesays.com\/no\/wp-json\/wp\/v2\/posts\/61959","targetHints":{"allow":["GET"]}}],"collection":[{"href":"https:\/\/www.europesays.com\/no\/wp-json\/wp\/v2\/posts"}],"about":[{"href":"https:\/\/www.europesays.com\/no\/wp-json\/wp\/v2\/types\/post"}],"author":[{"embeddable":true,"href":"https:\/\/www.europesays.com\/no\/wp-json\/wp\/v2\/users\/2"}],"replies":[{"embeddable":true,"href":"https:\/\/www.europesays.com\/no\/wp-json\/wp\/v2\/comments?post=61959"}],"version-history":[{"count":0,"href":"https:\/\/www.europesays.com\/no\/wp-json\/wp\/v2\/posts\/61959\/revisions"}],"wp:featuredmedia":[{"embeddable":true,"href":"https:\/\/www.europesays.com\/no\/wp-json\/wp\/v2\/media\/61960"}],"wp:attachment":[{"href":"https:\/\/www.europesays.com\/no\/wp-json\/wp\/v2\/media?parent=61959"}],"wp:term":[{"taxonomy":"category","embeddable":true,"href":"https:\/\/www.europesays.com\/no\/wp-json\/wp\/v2\/categories?post=61959"},{"taxonomy":"post_tag","embeddable":true,"href":"https:\/\/www.europesays.com\/no\/wp-json\/wp\/v2\/tags?post=61959"}],"curies":[{"name":"wp","href":"https:\/\/api.w.org\/{rel}","templated":true}]}}