{"id":61977,"date":"2025-10-16T12:14:11","date_gmt":"2025-10-16T12:14:11","guid":{"rendered":"https:\/\/www.europesays.com\/no\/61977\/"},"modified":"2025-10-16T12:14:11","modified_gmt":"2025-10-16T12:14:11","slug":"usa-truer-norge-veldig-uvanlig","status":"publish","type":"post","link":"https:\/\/www.europesays.com\/no\/61977\/","title":{"rendered":"USA truer Norge: &#8211; Veldig uvanlig"},"content":{"rendered":"<p class=\"kicker \" style=\"\">DN:\u00a0<\/p>\n<p>  USA krever at Norge stemmer mot klimaskatt p\u00e5 skipsfart, og fikk trusler opplest p\u00e5 telefon, if\u00f8lge DN.<\/p>\n<p>\n    VIL HA NORGE P\u00c5 SIN SIDE: Siden Donald Trump kom tilbake til makta i januar, har USA snudd i klimapolitikken, avvist internasjonale avtaler og opphevet flere milj\u00f8reguleringer. Foto: Evelyn Hockstein \/ NTB\n  <\/p>\n<p>    Kort fortalt<\/p>\n<p lang=\"nb-NO\">USA truer med straffetiltak mot land som st\u00f8tter en internasjonal karbonskatt p\u00e5 skipsfart.<\/p>\n<p lang=\"nb-NO\">Norge er blant de landene som har mottatt direkte trusler fra USA under et m\u00f8te i august.<\/p>\n<p lang=\"nb-NO\">Klima- og milj\u00f8minister Andreas Bjelland Eriksen bekrefter at Norge har f\u00e5tt en formell advarsel fra USA.<\/p>\n<p lang=\"nb-NO\">USA hevder at karbonskatten kan skade verdens\u00f8konomien og truer med handelstiltak og visumnekt.<\/p>\n<p class=\"italic ai-disclaimer\" data-lab-italic=\"italic\">Sammendraget er laget av ChatGPT og godkjent av B\u00f8rsen.<\/p>\n<p>      Vis mer<br \/>\n      Vis mindre<\/p>\n<p>Forrige uke ble det kjent at USA truer med \u00e5 straffe land som stemmer for en internasjonal karbonskatt p\u00e5 skipsfart gjennom FNs sj\u00f8fartsorganisasjon IMO. <\/p>\n<p class=\"font-weight-bold m-font-weight-bold\" data-lab-font_weight=\"font-weight-bold\">N\u00e5 skriver <a href=\"https:\/\/www.dn.no\/politikk\/usa-truer-norge-med-handelstiltak-og-visumnekt\/2-1-1886691\" rel=\"nofollow noopener\" target=\"_blank\">Dagens N\u00e6ringsliv<\/a> at Norge er blant dem som er utsatt for press fra USA, og at\u00a0amerikanerne kom med direkte trusler mot Norge under et Teams-m\u00f8te i august.\u00a0<\/p>\n<p>Overfor byr\u00e5krater i Klima- og milj\u00f8departementet ga amerikanerne en s\u00e5kalt\u00a0<a href=\"https:\/\/snl.no\/d%C3%A9marche\" rel=\"nofollow noopener\" target=\"_blank\">muntlig d\u00e9marche<\/a>, en formell diplomatisk advarsel, til Norge.<\/p>\n<p>    <a itemprop=\"url\" href=\"https:\/\/borsen.dagbladet.no\/nyheter\/venter-borsras\/83712604\" rel=\"nofollow noopener\" target=\"_blank\"><\/p>\n<p>      <img loading=\"lazy\" decoding=\"async\" src=\"https:\/\/www.europesays.com\/no\/wp-content\/uploads\/2025\/10\/83544272.webp\" width=\"980\" height=\"441\" title=\"Venter b\u00f8rsras\" alt=\"\" class=\"lazyload\" style=\"--aspect-ratio-image: 2.22; \"\/><\/p>\n<p>        Venter b\u00f8rsras<\/p>\n<p>    <\/a><\/p>\n<p>&#8211; Bekymrer meg\t<\/p>\n<p> Klima- og milj\u00f8minister Andreas Bjelland Eriksen (Ap) bekrefter dette overfor avisa.\u00a0<\/p>\n<p>&#8211; Det er veldig uvanlig. Det viser at USA har en veldig annerledes tiln\u00e6rming til internasjonale klimaforhandlinger og klimaregelverk n\u00e5 enn tidligere. Det bekymrer meg, sier Bjelland Eriksen til DN.<\/p>\n<p>          <img loading=\"lazy\" decoding=\"async\" src=\"https:\/\/www.europesays.com\/no\/wp-content\/uploads\/2025\/10\/83732534.webp\" width=\"980\" height=\"559\" title=\"KLAR BESKJED: Klima- og milj\u00f8minister Andreas Bjelland Eriksen sier at Norge ikke vil bukke under for press fra USA. Her avbildet sammen med statsminister Jonas Gahr St\u00f8re. Foto: Ole Berg-Rusten \/ NTB\" alt=\"\" class=\"\" style=\"--aspect-ratio-image: 1.75; \"\/><\/p>\n<p>\n          KLAR BESKJED: Klima- og milj\u00f8minister Andreas Bjelland Eriksen sier at Norge ikke vil bukke under for press fra USA. Her avbildet sammen med statsminister Jonas Gahr St\u00f8re. Foto: Ole Berg-Rusten \/ NTB\n      <\/p>\n<p class=\"font-weight-bold m-font-weight-bold\" data-lab-font_weight=\"font-weight-bold\"> Siden Donald Trump kom tilbake til makta i januar, har USA endret kurs i klimapolitikken. Landet har trukket seg fra internasjonale avtaler, motsatt seg den foresl\u00e5tte karbonskatten, og opphevet en rekke milj\u00f8reguleringer.<\/p>\n<p>I l\u00f8pet av det neste d\u00f8gnet i London skal IMO stemme over forslaget, kalt Net-Zero Framework, som tar sikte p\u00e5 \u00e5 redusere CO2-utslipp fra en sektor som st\u00e5r for rundt 80 prosent av verdenshandelen og n\u00e6r 3 prosent av de globale utslippene. <\/p>\n<p>    <a itemprop=\"url\" href=\"https:\/\/borsen.dagbladet.no\/nyheter\/innforer-100-prosent-straffetoll\/83708675\" rel=\"nofollow noopener\" target=\"_blank\"><\/p>\n<p>      <img loading=\"lazy\" decoding=\"async\" src=\"https:\/\/www.europesays.com\/no\/wp-content\/uploads\/2025\/10\/83708702.webp\" width=\"980\" height=\"441\" title=\"Innf\u00f8rer 100 prosent straffetoll\" alt=\"\" class=\"lazyload\" style=\"--aspect-ratio-image: 2.22; \"\/><\/p>\n<p>        Innf\u00f8rer 100 prosent straffetoll<\/p>\n<p>    <\/a><\/p>\n<p>Truer med mottiltak\t<\/p>\n<p>USA hevder planen inneb\u00e6rer en uautorisert global skatteordning som kan skade verdens\u00f8konomien, og har if\u00f8lge DN gjort det klart at dersom Norge ikke stiller seg bak USAs holdning,s\u00e5 vil ikke USA n\u00f8le med \u00e5 ta i bruk mottiltak. Dette kan v\u00e6re i form av handelstiltak og visumnekt.\u00a0<\/p>\n<p>        Tirsdag 5. august ble USAs president Donald Trump observert p\u00e5 taket av Det hvite hus. Video: AP. Reporter: Marte Nyl\u00f8kken Helseth. <\/p>\n<p> &#8211; Det er ingenting i de generelle advarslene Norge og andre land har f\u00e5tt, som gj\u00f8r at vi endrer v\u00e5r posisjon. Trusler og press for \u00e5 p\u00e5virke stemmegivning, har hverken Norge eller andre land akseptert eller er tjent med \u00e5 akseptere, sier Bjelland Eriksen til DN. <\/p>\n<p class=\"font-weight-bold m-font-weight-bold\" data-lab-font_weight=\"font-weight-bold\">USA har allerede bekreftet at de vil vurdere straffetiltak mot land som stemmer for planen, inkludert visumrestriksjoner, gebyrer, sanksjoner mot tjenestepersoner og utestengelse av skip fra amerikanske havner.<\/p>\n<p>&#8211; USA vil iverksette disse tiltakene mot land som st\u00f8tter dette europeiskledede, nykoloniale fors\u00f8ket p\u00e5 \u00e5 eksportere globale klimaregler, heter det i en felles uttalelse fra utenriksminister Marco Rubio, energiminister Chris Wright og transportminister Sean Duffy. <\/p>\n","protected":false},"excerpt":{"rendered":"DN:\u00a0 USA krever at Norge stemmer mot klimaskatt p\u00e5 skipsfart, og fikk trusler opplest p\u00e5 telefon, if\u00f8lge DN.&hellip;\n","protected":false},"author":2,"featured_media":61978,"comment_status":"","ping_status":"","sticky":false,"template":"","format":"standard","meta":{"footnotes":""},"categories":[5],"tags":[20,21,55,24,25,15,19,9055,22,23,17,18,13,30,28,29,14,16,2003,1697,26,27,9056,50],"class_list":{"0":"post-61977","1":"post","2":"type-post","3":"status-publish","4":"format-standard","5":"has-post-thumbnail","7":"category-overskrifter","8":"tag-breaking-news","9":"tag-breakingnews","10":"tag-donald-trump","11":"tag-featured-news","12":"tag-featurednews","13":"tag-headlines","14":"tag-hovedoppslag","15":"tag-karbonskatt","16":"tag-latest-news","17":"tag-latestnews","18":"tag-main-news","19":"tag-mainnews","20":"tag-news","21":"tag-no","22":"tag-norge","23":"tag-norway","24":"tag-nyheter","25":"tag-overskrifter","26":"tag-sanksjoner","27":"tag-skipsfart","28":"tag-top-stories","29":"tag-topstories","30":"tag-truer","31":"tag-usa"},"share_on_mastodon":{"url":"","error":""},"_links":{"self":[{"href":"https:\/\/www.europesays.com\/no\/wp-json\/wp\/v2\/posts\/61977","targetHints":{"allow":["GET"]}}],"collection":[{"href":"https:\/\/www.europesays.com\/no\/wp-json\/wp\/v2\/posts"}],"about":[{"href":"https:\/\/www.europesays.com\/no\/wp-json\/wp\/v2\/types\/post"}],"author":[{"embeddable":true,"href":"https:\/\/www.europesays.com\/no\/wp-json\/wp\/v2\/users\/2"}],"replies":[{"embeddable":true,"href":"https:\/\/www.europesays.com\/no\/wp-json\/wp\/v2\/comments?post=61977"}],"version-history":[{"count":0,"href":"https:\/\/www.europesays.com\/no\/wp-json\/wp\/v2\/posts\/61977\/revisions"}],"wp:featuredmedia":[{"embeddable":true,"href":"https:\/\/www.europesays.com\/no\/wp-json\/wp\/v2\/media\/61978"}],"wp:attachment":[{"href":"https:\/\/www.europesays.com\/no\/wp-json\/wp\/v2\/media?parent=61977"}],"wp:term":[{"taxonomy":"category","embeddable":true,"href":"https:\/\/www.europesays.com\/no\/wp-json\/wp\/v2\/categories?post=61977"},{"taxonomy":"post_tag","embeddable":true,"href":"https:\/\/www.europesays.com\/no\/wp-json\/wp\/v2\/tags?post=61977"}],"curies":[{"name":"wp","href":"https:\/\/api.w.org\/{rel}","templated":true}]}}