{"id":61993,"date":"2025-10-16T12:28:17","date_gmt":"2025-10-16T12:28:17","guid":{"rendered":"https:\/\/www.europesays.com\/no\/61993\/"},"modified":"2025-10-16T12:28:17","modified_gmt":"2025-10-16T12:28:17","slug":"anmeldelse-anders-heger-wanda","status":"publish","type":"post","link":"https:\/\/www.europesays.com\/no\/61993\/","title":{"rendered":"Anmeldelse: Anders Heger: \u00abWanda\u00bb"},"content":{"rendered":"\n<p class=\"_paragraph_o9xde_4 _paragraph_xtcu6_10 layout-component text-serif-m layout-normal text-serif-m layout-padded\">Forlegger og forfatter Anders Heger har levert en hemningsl\u00f8st varm og stor bok om sin mor, Wanda Heger (1921\u20132017). <\/p>\n<p class=\"_paragraph_o9xde_4 _paragraph_xtcu6_10 layout-component text-serif-m layout-normal text-serif-m layout-padded\">\u00abWanda. En familiehistorie\u00bb handler om mellomkrigstid og 2. verdenskrig. Med unike kilder fra familien bretter Anders Heger ut en veldreid fortelling spekket med anekdoter og analyse, velskrevet med vestkantguttens selvsikkerhet og radikalerens ironiske distanse.<\/p>\n<p class=\"_paragraph_o9xde_4 _paragraph_xtcu6_10 layout-component text-serif-m layout-normal text-serif-m layout-padded\">Heger har hatt stor suksess tidligere, biografien om Agnar Mykle ga ham Brageprisen (1999), biografien om Thorbj\u00f8rn Egner (2012) fikk str\u00e5lende mottagelse.<\/p>\n<p class=\"_paragraph_o9xde_4 _paragraph_xtcu6_10 layout-component text-serif-m layout-normal text-serif-m layout-padded\"><strong class=\"_strong_o9xde_25\">Men \u00e5 skrive om sin mor er noe annet. <\/strong><\/p>\n<p class=\"font-weight-semi-bold color-accent label-medium _label_16v91_20\">BOKANMELDELSE<\/p>\n<p> \u00abWanda. En familiehistorie\u00bb<\/p>\n<p class=\"_paragraph_o9xde_4 _paragraph_xtcu6_10 _paragraph_16v91_10 layout-component text-serif-m layout-normal text-sans-m layout-padded\">Forfatter: Anders Heger<\/p>\n<p class=\"_paragraph_o9xde_4 _paragraph_xtcu6_10 _paragraph_16v91_10 layout-component text-serif-m layout-normal text-sans-m layout-padded\">Sjanger: Sakprosa\/biografi<\/p>\n<p class=\"_paragraph_o9xde_4 _paragraph_xtcu6_10 _paragraph_16v91_10 layout-component text-serif-m layout-normal text-sans-m layout-padded\">Forlag: Cappelen Damm<\/p>\n<p class=\"_paragraph_o9xde_4 _paragraph_xtcu6_10 _paragraph_16v91_10 layout-component text-serif-m layout-normal text-sans-m layout-padded\">Sider: 720<\/p>\n<p class=\"_paragraph_o9xde_4 _paragraph_xtcu6_10 _paragraph_16v91_10 layout-component text-serif-m layout-normal text-sans-m layout-padded\">Pris: 449 kr<\/p>\n<p>Vis mer<\/p>\n<p class=\"label-small label-secondary\">annonse<\/p>\n<p><img decoding=\"async\" alt=\"\" class=\"_image_10v4p_40\" loading=\"lazy\" src=\"https:\/\/www.europesays.com\/no\/wp-content\/uploads\/2025\/10\/default-j2j6e991.jpg\"\/>Kj\u00f8p boken<\/p>\n<p class=\"label-medium mt-xxs _info_10v4p_36\"><b>\u00abWanda\u00bb<\/b><\/p>\n<p class=\"_paragraph_o9xde_4 _paragraph_xtcu6_10 layout-component text-serif-m layout-normal text-serif-m layout-padded\">Dette er virkelig h\u00f8sten for de store og sm\u00e5 fars- og morsportrettene, b\u00f8kene har kommet p\u00e5 rekke og rad. <a href=\"https:\/\/www.vg.no\/tag\/bok\" class=\"_link_o9xde_39\" rel=\"nofollow noopener\" target=\"_blank\">Sjekk ut flere av dem her!<\/a> Hegers bok om moren utmerker seg. Wanda Hegers enest\u00e5ende krigsinnsats under 2. verdenskrig er det all grunn til \u00e5 l\u00f8fte fram p\u00e5 ny.<\/p>\n<p><img alt=\"Wanda i Gross Kreutz 1944  Foto: Privat\" class=\"_image_qp4xg_65 layout-component layout-normal\" data-fullscreen- data-track-element-type=\"Article image fullscreen\" data-track-name=\"ImageFullscreen\" decoding=\"async\" loading=\"lazy\" height=\"1484\" itemprop=\"image\"  src=\"https:\/\/www.europesays.com\/no\/wp-content\/uploads\/2025\/10\/6fcf4c24-2fc7-44f7-ad4d-ca9ec1bf372f\"  style=\"object-position:0% 0%\" width=\"2168\"\/>Wanda i Gross Kreutz 1944  Foto: Privat<\/p>\n<p class=\"_paragraph_o9xde_4 _paragraph_xtcu6_10 layout-component text-serif-m layout-normal text-serif-m layout-padded\">Som ung kvinne p\u00e5 21 \u00e5r, mens hennes familie var tvunget til \u00e5 bo som sivilinternertesivilinternertePersoner som er internert eller holdt i fangenskap under krig, men som ikke er stridende soldater. i slottet Gross Kreutz midt i Hitler-Tyskland, skapte hun mening i tilv\u00e6relsen. <\/p>\n<p class=\"_paragraph_o9xde_4 _paragraph_xtcu6_10 layout-component text-serif-m layout-normal text-serif-m layout-padded\">Wanda Hjort troppet opp med poteter p\u00e5 norgesglass foran porten til SachsenhausenSachsenhausen En konsentrasjonsleir i Tyskland brukt under andre verdenskrig. for \u00e5 gi maten til norske fanger. Den blonde kvinnen med bl\u00e5 \u00f8yne og Bergan-sekk smilte og ble tatt vel imot, vaktene s\u00e5 ikke henne som en trussel. <\/p>\n<p class=\"_paragraph_o9xde_4 _paragraph_xtcu6_10 layout-component text-serif-m layout-normal text-serif-m layout-padded\">Hun startet et enest\u00e5ende arbeid med \u00e5 kartlegge hvor de norske fangene var. Etter hvert deltok mange mennesker og instanser i arbeidet med \u00e5 lage lister over fangene som til sist gjorde det mulig \u00e5 redde dem med hvite busserhvite busserEn redningsaksjon under andre verdenskrig for \u00e5 evakuere fanger fra tyske konsentrasjonsleirer. og annen transport. <\/p>\n<p class=\"_paragraph_o9xde_4 _paragraph_xtcu6_10 layout-component text-serif-m layout-normal text-serif-m layout-padded\"><strong class=\"_strong_o9xde_25\">Men unge Wandas mot og vilje var den avgj\u00f8rende starten. <\/strong><\/p>\n<p><img alt=\"VGs anmelder mener Anders Heger har levert en av h\u00f8stens sterkeste sakprosab\u00f8ker.\" class=\"_image_qp4xg_65 layout-component layout-normal\" data-fullscreen- data-track-element-type=\"Article image fullscreen\" data-track-name=\"ImageFullscreen\" decoding=\"async\" loading=\"lazy\" height=\"1668\" itemprop=\"image\"  src=\"https:\/\/www.europesays.com\/no\/wp-content\/uploads\/2025\/10\/fc1973e3-a48e-441a-821f-018814887981\"  style=\"object-position:0% 0%\" width=\"2500\"\/>VGs anmelder mener Anders Heger har levert en av h\u00f8stens sterkeste sakprosab\u00f8ker.<\/p>\n<p class=\"_paragraph_o9xde_4 _paragraph_xtcu6_10 layout-component text-serif-m layout-normal text-serif-m layout-padded\">Og her er kj\u00e6rlighet. Wanda treffer den unge medisinstudenten Bj\u00f8rn Heger p\u00e5 et av sine fengselsbes\u00f8k. <\/p>\n<p class=\"_paragraph_o9xde_4 _paragraph_xtcu6_10 layout-component text-serif-m layout-normal text-serif-m layout-padded\">Gjennom brev skildres Bj\u00f8rns ambivalens og Wandas stadig sterkere dedikasjon. Og sannelig diskuterer s\u00f8nnen Anders med moren om foreldrene ikke brukte prevensjon, da Wanda ble gravid v\u00e5ren 1945.<\/p>\n<p class=\"_paragraph_o9xde_4 _paragraph_xtcu6_10 layout-component text-serif-m layout-normal text-serif-m layout-padded\">Det finnes mye litteratur om den storpolitiske tautrekkingen om n\u00e5r fangene skulle reddes ut \u2013 f\u00f8r eller etter Tysklands sammenbrudd. <\/p>\n<p class=\"_paragraph_o9xde_4 _paragraph_xtcu6_10 layout-component text-serif-m layout-normal text-serif-m layout-padded\"><strong class=\"_strong_o9xde_25\">Anders Heger beriker dragkampene fra grunnplanet med brev og private notater. <\/strong><\/p>\n<p class=\"_paragraph_o9xde_4 _paragraph_xtcu6_10 layout-component text-serif-m layout-normal text-serif-m layout-padded\">Detaljene fra selve redningen er bevegende \u2013 Bj\u00f8rn Heger med flere reiste langt inn i \u00f8stsonen for \u00e5 finne fanger. 15000 mennesker ble hentet av de hvite bussene, 10000 etter kapitulasjonen.<\/p>\n<p><img alt=\"Wanda og Bj\u00f8rn gifter seg, her brudebilde i Hamburg i 1945 - og som Anders Heger skriver: Mamma i u-milit\u00e6r blomstrete bluse, pappa ed  Foto: Privat\" class=\"_image_qp4xg_65 layout-component layout-normal\" data-fullscreen- data-track-element-type=\"Article image fullscreen\" data-track-name=\"ImageFullscreen\" decoding=\"async\" loading=\"lazy\" height=\"1730\" itemprop=\"image\"  src=\"https:\/\/www.europesays.com\/no\/wp-content\/uploads\/2025\/10\/993a18ef-9238-4ab7-a678-3b7f4a14442d\"  style=\"object-position:0% 0%\" width=\"1368\"\/>Wanda og Bj\u00f8rn gifter seg, her brudebilde i Hamburg i 1945 &#8211; og som Anders Heger skriver: Mamma i u-milit\u00e6r blomstrete bluse, pappa ed  Foto: Privat<\/p>\n<p class=\"_paragraph_o9xde_4 _paragraph_xtcu6_10 layout-component text-serif-m layout-normal text-serif-m layout-padded\">Boken har \u00e5penbart v\u00e6rt krevende, for Anders Heger g\u00e5r i rette med storfamiliens selvforst\u00e5else og fors\u00f8k p\u00e5 \u00e5 bortforklare alt den sterke morfaren, Johan Bernhard Hjort, holdt p\u00e5 med p\u00e5 1930-tallet. <\/p>\n<p class=\"_paragraph_o9xde_4 _paragraph_xtcu6_10 layout-component text-serif-m layout-normal text-serif-m layout-padded\"><strong class=\"_strong_o9xde_25\">Han var h\u00f8yreaktivist, tyskvennlig, var med \u00e5 etablere Nasjonal Samling og sto i flere \u00e5r Vidkun Quisling n\u00e6r. Han br\u00f8t i 1937, men var \u00f8delagt i offentligheten. <\/strong><\/p>\n<p class=\"_paragraph_o9xde_4 _paragraph_xtcu6_10 layout-component text-serif-m layout-normal text-serif-m layout-padded\">Her kommer mye nytt, om livet i villaen Kvith\u00f8vd p\u00e5 Bestum, om \u00e6re og pliktf\u00f8lelse fra grever og herreseter arvet fra den tyske delen av familien, og hvor sterkt faren involverte sine eldste barn i Nasjonal SamlingNasjonal SamlingEt norsk politisk parti som st\u00f8ttet fascisme og nazisme under andre verdenskrig.s organisasjoner. <\/p>\n<p class=\"_paragraph_o9xde_4 _paragraph_xtcu6_10 layout-component text-serif-m layout-normal text-serif-m layout-padded\">Ungjenta Wanda skriver brev til Quisling for \u00e5 f\u00e5 frimerker, hun samler. Et barndomsbilde fra sommeridyllen p\u00e5 \u00f8ya Bur\u00f8 p\u00e5 1930-tallet viser en barneflokk som gj\u00f8r hitlerhilsen.<\/p>\n<p><img alt=\"S\u00f8skenflokken i familien Hjort fotografert i 1929: Wanda, Helge, Peter og Johan.\" class=\"_image_qp4xg_65 layout-component layout-normal\" data-fullscreen- data-track-element-type=\"Article image fullscreen\" data-track-name=\"ImageFullscreen\" decoding=\"async\" loading=\"lazy\" height=\"1624\" itemprop=\"image\"  src=\"https:\/\/www.europesays.com\/no\/wp-content\/uploads\/2025\/10\/f273b453-8e77-47e6-84b5-3dada8743376\"  style=\"object-position:0% 0%\" width=\"2302\"\/>S\u00f8skenflokken i familien Hjort fotografert i 1929: Wanda, Helge, Peter og Johan.<\/p>\n<p class=\"_paragraph_o9xde_4 _paragraph_xtcu6_10 layout-component text-serif-m layout-normal text-serif-m layout-padded\">Hva gj\u00f8r en forfatter som Anders Heger for \u00e5 m\u00f8te familiehistorien og det vi i dag tenker var en ufattelig politisk naivitet? <\/p>\n<p class=\"_paragraph_o9xde_4 _paragraph_xtcu6_10 layout-component text-serif-m layout-normal text-serif-m layout-padded\"><strong class=\"_strong_o9xde_25\">Han bygger inn i teksten en rekke uthevede samtaler med moren p\u00e5 sykehjemmet i hennes siste \u00e5r. <\/strong><\/p>\n<p class=\"_paragraph_o9xde_4 _paragraph_xtcu6_10 layout-component text-serif-m layout-normal text-serif-m layout-padded\">Han har med brev og bilder, sp\u00f8r, konfronterer henne. Ogs\u00e5 egne barn og storfamilie trekkes inn. Tekstbruddene som et grep fungerer, men blir iblant litt maniert, det er som om forfatteren insisterer p\u00e5 at han tar avstand. <\/p>\n<p class=\"_paragraph_o9xde_4 _paragraph_xtcu6_10 layout-component text-serif-m layout-normal text-serif-m layout-padded\">Distanse ligger ogs\u00e5 i hovedteksten med sm\u00e5 slengere og ironi, p\u00e5 et riksm\u00e5l s\u00e5 sobert som bare et barnebarn av en leder for Riksm\u00e5lsforbundet kan. <\/p>\n<p><img alt=\"Anders Heger (f. 1956) er en kjent norsk forlegger og forfatter. Han har blant annet skrevet biografien om Thorbj\u00f8rn Egner, og gjorde stor suksess med forfatterbiografien \u00abMykle. Et diktet liv\u00bb som ga ham Brageprisen i 1999.  Foto: Maria Vihovde\/Cappelen Damm\" class=\"_image_qp4xg_65 layout-component layout-normal\" data-fullscreen- data-track-element-type=\"Article image fullscreen\" data-track-name=\"ImageFullscreen\" decoding=\"async\" loading=\"lazy\" height=\"3202\" itemprop=\"image\"  src=\"https:\/\/www.europesays.com\/no\/wp-content\/uploads\/2025\/10\/4a1cb54c-21b0-427a-ba68-a5fb8e80306f\"  style=\"object-position:0% 0%\" width=\"3976\"\/>Anders Heger (f. 1956) er en kjent norsk forlegger og forfatter. Han har blant annet skrevet biografien om Thorbj\u00f8rn Egner, og gjorde stor suksess med forfatterbiografien \u00abMykle. Et diktet liv\u00bb som ga ham Brageprisen i 1999.  Foto: Maria Vihovde\/Cappelen Damm<\/p>\n<p class=\"_paragraph_o9xde_4 _paragraph_xtcu6_10 layout-component text-serif-m layout-normal text-serif-m layout-padded\">Familien Hjort kom ut av 2. verdenskrig med blanke skjold, f\u00f8rst og fremst fordi Wanda Hjort tok grep og trakk familien med i en enest\u00e5ende redningsaksjon. <\/p>\n<p class=\"_paragraph_o9xde_4 _paragraph_xtcu6_10 layout-component text-serif-m layout-normal text-serif-m layout-padded\">Dette er ingen klassisk biografi, den avsluttes sommeren 1945, n\u00e5r Wanda er 24 \u00e5r. <\/p>\n<p class=\"_paragraph_o9xde_4 _paragraph_xtcu6_10 layout-component text-serif-m layout-normal text-serif-m layout-padded\"><strong class=\"_strong_o9xde_25\">S\u00f8nnen har laget et vakkert og betagende portrett av moren og reiser en bauta over en sjelden motstandskvinne. <\/strong>Wanda var mer enn en mor, hun var et lys for fangene i en m\u00f8rk tid, hun ga hjelp og h\u00e5p til s\u00e5 mange. Med sin lekende og stilsikre prosa er Anders Hegers bok en av h\u00f8stens beste sakprosab\u00f8ker. Vinker Brageprisen i det fjerne?<\/p>\n","protected":false},"excerpt":{"rendered":"Forlegger og forfatter Anders Heger har levert en hemningsl\u00f8st varm og stor bok om sin mor, Wanda Heger&hellip;\n","protected":false},"author":2,"featured_media":61994,"comment_status":"","ping_status":"","sticky":false,"template":"","format":"standard","meta":{"footnotes":""},"categories":[5],"tags":[8670,150,124,20,21,24,25,15,19,22,23,17,18,13,30,28,29,14,16,3423,26,27],"class_list":{"0":"post-61993","1":"post","2":"type-post","3":"status-publish","4":"format-standard","5":"has-post-thumbnail","7":"category-overskrifter","8":"tag-2-verdenskrig","9":"tag-bok","10":"tag-bokanmeldelse","11":"tag-breaking-news","12":"tag-breakingnews","13":"tag-featured-news","14":"tag-featurednews","15":"tag-headlines","16":"tag-hovedoppslag","17":"tag-latest-news","18":"tag-latestnews","19":"tag-main-news","20":"tag-mainnews","21":"tag-news","22":"tag-no","23":"tag-norge","24":"tag-norway","25":"tag-nyheter","26":"tag-overskrifter","27":"tag-sakprosa","28":"tag-top-stories","29":"tag-topstories"},"share_on_mastodon":{"url":"","error":""},"_links":{"self":[{"href":"https:\/\/www.europesays.com\/no\/wp-json\/wp\/v2\/posts\/61993","targetHints":{"allow":["GET"]}}],"collection":[{"href":"https:\/\/www.europesays.com\/no\/wp-json\/wp\/v2\/posts"}],"about":[{"href":"https:\/\/www.europesays.com\/no\/wp-json\/wp\/v2\/types\/post"}],"author":[{"embeddable":true,"href":"https:\/\/www.europesays.com\/no\/wp-json\/wp\/v2\/users\/2"}],"replies":[{"embeddable":true,"href":"https:\/\/www.europesays.com\/no\/wp-json\/wp\/v2\/comments?post=61993"}],"version-history":[{"count":0,"href":"https:\/\/www.europesays.com\/no\/wp-json\/wp\/v2\/posts\/61993\/revisions"}],"wp:featuredmedia":[{"embeddable":true,"href":"https:\/\/www.europesays.com\/no\/wp-json\/wp\/v2\/media\/61994"}],"wp:attachment":[{"href":"https:\/\/www.europesays.com\/no\/wp-json\/wp\/v2\/media?parent=61993"}],"wp:term":[{"taxonomy":"category","embeddable":true,"href":"https:\/\/www.europesays.com\/no\/wp-json\/wp\/v2\/categories?post=61993"},{"taxonomy":"post_tag","embeddable":true,"href":"https:\/\/www.europesays.com\/no\/wp-json\/wp\/v2\/tags?post=61993"}],"curies":[{"name":"wp","href":"https:\/\/api.w.org\/{rel}","templated":true}]}}