{"id":62100,"date":"2025-10-16T14:12:07","date_gmt":"2025-10-16T14:12:07","guid":{"rendered":"https:\/\/www.europesays.com\/no\/62100\/"},"modified":"2025-10-16T14:12:07","modified_gmt":"2025-10-16T14:12:07","slug":"eier-du-en-av-disse-telefonene-bor-du-begynne-a-se-etter-en-ny","status":"publish","type":"post","link":"https:\/\/www.europesays.com\/no\/62100\/","title":{"rendered":"Eier du en av disse telefonene, b\u00f8r du begynne \u00e5 se etter en ny"},"content":{"rendered":"<p>Har du en eldre Samsung-telefon i lomma, kan det v\u00e6re p\u00e5 tide \u00e5 vurdere en oppgradering. <\/p>\n<p>Den s\u00f8rkoreanske produsenten har oppdatert planen for programvarest\u00f8tte, og fire Galaxy-modeller mister n\u00e5 all offisiell oppf\u00f8lging.<\/p>\n<p>De ber\u00f8rte modellene er Galaxy A52s, Galaxy A03s, Galaxy M32 5G og Galaxy F42. Disse fjernes permanent fra Samsungs liste over st\u00f8ttede enheter.<\/p>\n<p>Slutt p\u00e5 oppdateringer<\/p>\n<p>N\u00e5r en telefon mister st\u00f8tte, betyr det at den ikke lenger f\u00e5r sikkerhetsoppdateringer eller nye versjoner av Android. <\/p>\n<p>Enheten kan fortsatt brukes som normalt, men blir gradvis mer s\u00e5rbar for sikkerhetshull og tekniske feil.<\/p>\n<p>Det er derfor ikke lenger trygt \u00e5 lagre sensitive data p\u00e5 disse modellene, og eiere b\u00f8r vurdere \u00e5 bytte til en nyere telefon for \u00e5 beholde tryggheten og stabiliteten.<\/p>\n<p>Det skriver <a href=\"https:\/\/www.01net.com\/actualites\/samsung-4-smartphones-galaxy-recevront-plus-mise-a-jour.html\" target=\"_blank\" rel=\"noopener nofollow\">01net<\/a>.<\/p>\n<p>Galaxy S21 FE f\u00e5r sjeldnere oppdateringer<\/p>\n<p>Modellen Galaxy S21 FE er ikke helt ute i kulden, men ogs\u00e5 her skjer det endringer. <\/p>\n<p>Telefonen, som kom p\u00e5 markedet tidlig i 2022, har til n\u00e5 f\u00e5tt m\u00e5nedlige oppdateringer. Fremover vil de komme bare hvert kvartal.<\/p>\n<p>S21 FE kj\u00f8rer for \u00f8yeblikket Android 15 med One UI 7, og vil etter planen f\u00e5 One UI 8 (Android 16) i l\u00f8pet av det kommende \u00e5ret. <\/p>\n<p>Samsung har lovet sikkerhetsoppdateringer fram til minst starten av 2027, men i et roligere tempo enn f\u00f8r.<\/p>\n<p>Tid for \u00e5 oppgradere<\/p>\n<p>Selv om de utg\u00e5tte modellene fortsatt fungerer til vanlig bruk, mister de gradvis beskyttelsen mot nye trusler. <\/p>\n<p>Google Play vil fortsatt levere enkelte oppdateringer til apper, men dette erstatter ikke Samsungs systemoppdateringer.<\/p>\n<p>For \u00e5 sikre en stabil og trygg brukeropplevelse er det derfor lurt \u00e5 vurdere en nyere modell.<\/p>\n<p>Fokus p\u00e5 nyere modeller<\/p>\n<p>Endringen er en del av Samsungs langsiktige strategi for \u00e5 prioritere nyere og mer utbredte telefoner. <\/p>\n<p>De siste \u00e5rene har selskapet forlenget st\u00f8tten for toppmodellene, men eldre enheter m\u00e5 etter hvert gi plass til den neste generasjonen.<\/p>\n","protected":false},"excerpt":{"rendered":"Har du en eldre Samsung-telefon i lomma, kan det v\u00e6re p\u00e5 tide \u00e5 vurdere en oppgradering. Den s\u00f8rkoreanske&hellip;\n","protected":false},"author":2,"featured_media":62101,"comment_status":"","ping_status":"","sticky":false,"template":"","format":"standard","meta":{"footnotes":""},"categories":[57],"tags":[30,28,29,65,63,64,66,70,69,67,68],"class_list":{"0":"post-62100","1":"post","2":"type-post","3":"status-publish","4":"format-standard","5":"has-post-thumbnail","7":"category-vitenskap-og-teknologi","8":"tag-no","9":"tag-norge","10":"tag-norway","11":"tag-science","12":"tag-science-and-technology","13":"tag-scienceandtechnology","14":"tag-technology","15":"tag-teknologi","16":"tag-vitenskap","17":"tag-vitenskap-og-teknologi","18":"tag-vitenskapteknologi"},"share_on_mastodon":{"url":"","error":""},"_links":{"self":[{"href":"https:\/\/www.europesays.com\/no\/wp-json\/wp\/v2\/posts\/62100","targetHints":{"allow":["GET"]}}],"collection":[{"href":"https:\/\/www.europesays.com\/no\/wp-json\/wp\/v2\/posts"}],"about":[{"href":"https:\/\/www.europesays.com\/no\/wp-json\/wp\/v2\/types\/post"}],"author":[{"embeddable":true,"href":"https:\/\/www.europesays.com\/no\/wp-json\/wp\/v2\/users\/2"}],"replies":[{"embeddable":true,"href":"https:\/\/www.europesays.com\/no\/wp-json\/wp\/v2\/comments?post=62100"}],"version-history":[{"count":0,"href":"https:\/\/www.europesays.com\/no\/wp-json\/wp\/v2\/posts\/62100\/revisions"}],"wp:featuredmedia":[{"embeddable":true,"href":"https:\/\/www.europesays.com\/no\/wp-json\/wp\/v2\/media\/62101"}],"wp:attachment":[{"href":"https:\/\/www.europesays.com\/no\/wp-json\/wp\/v2\/media?parent=62100"}],"wp:term":[{"taxonomy":"category","embeddable":true,"href":"https:\/\/www.europesays.com\/no\/wp-json\/wp\/v2\/categories?post=62100"},{"taxonomy":"post_tag","embeddable":true,"href":"https:\/\/www.europesays.com\/no\/wp-json\/wp\/v2\/tags?post=62100"}],"curies":[{"name":"wp","href":"https:\/\/api.w.org\/{rel}","templated":true}]}}