{"id":62104,"date":"2025-10-16T14:16:15","date_gmt":"2025-10-16T14:16:15","guid":{"rendered":"https:\/\/www.europesays.com\/no\/62104\/"},"modified":"2025-10-16T14:16:15","modified_gmt":"2025-10-16T14:16:15","slug":"ba-om-mote-med-politiet-vi-er-pa-et-punkt-hvor-vi-ma-gjore-noe-fvn-no","status":"publish","type":"post","link":"https:\/\/www.europesays.com\/no\/62104\/","title":{"rendered":"Ba om m\u00f8te med poli\u00adtiet: \u2013 Vi er p\u00e5 et punkt hvor vi m\u00e5 gj\u00f8re noe &#8211; fvn.no"},"content":{"rendered":"<ol>\n<li><a href=\"https:\/\/news.google.com\/rss\/articles\/CBMirgFBVV95cUxOanlWX2FPUzhMT3BUZWdzVU1NRzNYTWxaY3Y1WEhoM1B0MFpLR083SFJZTnlxNnNFWlZvS1ZnR0ViV0NNZHoxNmU3V1VtSmNxWHJ0ZTNtOGVuUkJIeDJFZ2FMX1A5ZVp3T243WUNoY2taUWVVMkpsVGloVHhuZnJQQnFDV09lMHpBUy1XQXkzUDN0NXhxRFlDS0NvaXdQLTM3WUFMMDQ3eTBxS3FHUGc?oc=5\" target=\"_blank\" rel=\"nofollow noopener\">Ba om m\u00f8te med poli\u00adtiet: \u2013 Vi er p\u00e5 et punkt hvor vi m\u00e5 gj\u00f8re noe<\/a>&nbsp;&nbsp;fvn.no<\/li>\n<li><a href=\"https:\/\/news.google.com\/rss\/articles\/CBMijgFBVV95cUxPSDNTcjhzQ25fUWdLRXA5YjF1TmVyOE83eWNJZnhUSXEyc3VUUkpKSXRLYTFFTmU0MmxqblMycVZTLXM2SExLWGNWSGNrSklLdUVkT2JOUkwtX1ItWkVjUVozRkxoWFhKQ2tVY1pLaXhuLUljeVNmXzFuLXlwM284Mnl1RFhKLW91SGlYUEJn?oc=5\" target=\"_blank\" rel=\"nofollow noopener\">Ny p\u00e5gripelse etter ransb\u00f8lgen i Kristiansand<\/a>&nbsp;&nbsp;NRK<\/li>\n<li><a href=\"https:\/\/news.google.com\/rss\/articles\/CBMickFVX3lxTFB2VGgxQ0hGSDJYdTh5YjZlQkRCcG5kSmpadTVERjB4dG1leGd1RDdkTFZLTGxzZVlrQy15LVFOdHg4Z0ZlZ2NDM2JTTHk4S0RBMzB2c3ZpY2J3ZlVpS0lEZFhKenZjMWZSQktjbnFPeFBfZw?oc=5\" target=\"_blank\" rel=\"nofollow noopener\">19 ran p\u00e5 to uker: \u2013 Tilfeldige ofre<\/a>&nbsp;&nbsp;KRS &#8211; Avisen Kristiansand<\/li>\n<li><a href=\"https:\/\/news.google.com\/rss\/articles\/CBMiiwFBVV95cUxNdlV4UlZKdUdxd3JadVp6aGZDanVlSXJraGJmR2VGRkFFUzFNa1lhNGhXeUV3LVNYZnNCbkR1N3J3MWs0a2k4WXVIUnhtUDk3bHVXZ3ZVMjNqNENOVHlnd0c4cEI4cEN2RXZFRVBEcUdVUWlxRWpzV096TmU3UWhDU3doV2V0WWtyTWlj?oc=5\" target=\"_blank\" rel=\"nofollow noopener\">19 ran p\u00e5 to uker i Kristiansand<\/a>&nbsp;&nbsp;adressa.no<\/li>\n<li><a href=\"https:\/\/news.google.com\/rss\/articles\/CBMiwgFBVV95cUxPX3hnOXJvbWtZVVFVMllPdDZ4UEUxc1dmTWtSMzV0QlI0UlJ5ZjhSWk81WlNXZFVJVUJMV2JvTmxLZ3J5Ym1TbUFjZmt0UmxEVzN2bFVia2xmWGhzekpiSjJmR1RSc0hDS2gtSEtyVGNiVUp0N09DSWxzT1JxX0t5aWtoOWVwOE5ETUpEMG54akRZeUtOTVQtak51SjdKejd3cjFneENwbmowSHo4ZVJ4eEhPVE5YX0xVYWFnR1lWTHVVdw?oc=5\" target=\"_blank\" rel=\"nofollow noopener\">Ten\u00e5ringer fra \u00f8stre Agder siktet etter ransb\u00f8lge<\/a>&nbsp;&nbsp;agderposten.no<\/li>\n<\/ol>\n","protected":false},"excerpt":{"rendered":"Ba om m\u00f8te med poli\u00adtiet: \u2013 Vi er p\u00e5 et punkt hvor vi m\u00e5 gj\u00f8re noe&nbsp;&nbsp;fvn.no Ny p\u00e5gripelse&hellip;\n","protected":false},"author":2,"featured_media":62105,"comment_status":"","ping_status":"","sticky":false,"template":"","format":"standard","meta":{"footnotes":""},"categories":[5],"tags":[20,21,24,25,4141,15,19,331,22,23,17,18,13,30,28,29,14,16,254,3878,26,27,815],"class_list":{"0":"post-62104","1":"post","2":"type-post","3":"status-publish","4":"format-standard","5":"has-post-thumbnail","7":"category-overskrifter","8":"tag-breaking-news","9":"tag-breakingnews","10":"tag-featured-news","11":"tag-featurednews","12":"tag-forebygging","13":"tag-headlines","14":"tag-hovedoppslag","15":"tag-kristiansand","16":"tag-latest-news","17":"tag-latestnews","18":"tag-main-news","19":"tag-mainnews","20":"tag-news","21":"tag-no","22":"tag-norge","23":"tag-norway","24":"tag-nyheter","25":"tag-overskrifter","26":"tag-politi","27":"tag-ran","28":"tag-top-stories","29":"tag-topstories","30":"tag-ung"},"share_on_mastodon":{"url":"","error":""},"_links":{"self":[{"href":"https:\/\/www.europesays.com\/no\/wp-json\/wp\/v2\/posts\/62104","targetHints":{"allow":["GET"]}}],"collection":[{"href":"https:\/\/www.europesays.com\/no\/wp-json\/wp\/v2\/posts"}],"about":[{"href":"https:\/\/www.europesays.com\/no\/wp-json\/wp\/v2\/types\/post"}],"author":[{"embeddable":true,"href":"https:\/\/www.europesays.com\/no\/wp-json\/wp\/v2\/users\/2"}],"replies":[{"embeddable":true,"href":"https:\/\/www.europesays.com\/no\/wp-json\/wp\/v2\/comments?post=62104"}],"version-history":[{"count":0,"href":"https:\/\/www.europesays.com\/no\/wp-json\/wp\/v2\/posts\/62104\/revisions"}],"wp:featuredmedia":[{"embeddable":true,"href":"https:\/\/www.europesays.com\/no\/wp-json\/wp\/v2\/media\/62105"}],"wp:attachment":[{"href":"https:\/\/www.europesays.com\/no\/wp-json\/wp\/v2\/media?parent=62104"}],"wp:term":[{"taxonomy":"category","embeddable":true,"href":"https:\/\/www.europesays.com\/no\/wp-json\/wp\/v2\/categories?post=62104"},{"taxonomy":"post_tag","embeddable":true,"href":"https:\/\/www.europesays.com\/no\/wp-json\/wp\/v2\/tags?post=62104"}],"curies":[{"name":"wp","href":"https:\/\/api.w.org\/{rel}","templated":true}]}}