{"id":62108,"date":"2025-10-16T14:21:11","date_gmt":"2025-10-16T14:21:11","guid":{"rendered":"https:\/\/www.europesays.com\/no\/62108\/"},"modified":"2025-10-16T14:21:11","modified_gmt":"2025-10-16T14:21:11","slug":"europa-er-i-fare","status":"publish","type":"post","link":"https:\/\/www.europesays.com\/no\/62108\/","title":{"rendered":"\u2013 Europa er i fare"},"content":{"rendered":"\n<p class=\"_paragraph_o9xde_4 _paragraph_xtcu6_10 layout-component text-serif-m layout-normal text-serif-m layout-padded\">EU-kommisjonenEU-kommisjonenU-kommisjonen er den ut\u00f8vende grenen av Den europeiske union, ansvarlig for \u00e5 foresl\u00e5 lovgivning og implementere beslutninger har lagt frem en omfattende forsvarsplan som skal gj\u00f8re Europa milit\u00e6rt beredt innen 2030. <\/p>\n<p class=\"_paragraph_o9xde_4 _paragraph_xtcu6_10 layout-component text-serif-m layout-normal text-serif-m layout-padded\">Planen, som VG har sett, kalles \u00abPreserving Peace \u2013 Defence Readiness Roadmap 2030\u00bb. Den beskrives som den mest ambisi\u00f8se milit\u00e6re satsingen i unionens historie.<\/p>\n<p class=\"_paragraph_o9xde_4 _paragraph_xtcu6_10 layout-component text-serif-m layout-normal text-serif-m layout-padded\">Bakgrunnen er et mer uforutsigbart sikkerhetsbilde, der krigen i Ukraina og \u00f8kende spenninger i nabolagene trekkes frem som de viktigste drivkreftene.<\/p>\n<p class=\"_paragraph_o9xde_4 _paragraph_xtcu6_10 layout-component text-serif-m layout-normal text-serif-m layout-padded\">\u2013 De nylige truslene har vist at Europa er i fare. Vi m\u00e5 beskytte hver borger og hver kvadratcentimeter av v\u00e5rt territorium, sier kommisjonspresident Ursula von der Leyen.<\/p>\n<p class=\"_paragraph_o9xde_4 _paragraph_xtcu6_10 layout-component text-serif-m layout-normal text-serif-m layout-padded\">Hun fremhever at planen inneholder klare m\u00e5l og konkrete milep\u00e6ler frem mot 2030.<\/p>\n<p class=\"_paragraph_o9xde_4 _paragraph_xtcu6_10 layout-component text-serif-m layout-normal text-serif-m layout-padded\">Planen sl\u00e5r fast at det Europa gj\u00f8r dette ti\u00e5ret \u00abvil forme kontinentets sikkerhet for hele \u00e5rhundret\u00bb.<\/p>\n<p> Fire store forsvarsprosjekter<\/p>\n<p class=\"_paragraph_o9xde_4 _paragraph_xtcu6_10 layout-component text-serif-m layout-normal text-serif-m layout-padded\">Planen lanserer fire felles europeiske flaggskipsprosjekter: <\/p>\n<ul class=\"_list_o9xde_3 _list_xtcu6_9 _unordered_o9xde_106 layout-component text-serif-m layout-normal text-serif-m layout-padded\">\n<li class=\"_item_o9xde_30\"><strong class=\"_strong_o9xde_25\">\u00abEuropean Drone Defence Initiative\u00bb<\/strong> handler overordnet om drone og antidronesystemer.<\/li>\n<li class=\"_item_o9xde_30\"><strong class=\"_strong_o9xde_25\">\u00abEastern Flank Watch\u00bb<\/strong> er et grenseforsvar hvor luftvern, maritime systemer i \u00d8stersj\u00f8en og Svartehavet inng\u00e5r. Initiativet skal skje i samarbeid med NatoNatoNato, eller Den nordatlantiske traktatorganisasjonen, er en milit\u00e6rallianse mellom flere land i Europa og Nord-Amerika, som jobber for kollektiv sikkerhet..<\/li>\n<li class=\"_item_o9xde_30\"><strong class=\"_strong_o9xde_25\">\u00abEuropean Air Shield\u00bb<\/strong> er et integrert luft- og missilforsvar og beskyttelse av satellitter.<\/li>\n<li class=\"_item_o9xde_30\"><strong class=\"_strong_o9xde_25\">\u00abDefence Space Shield\u00bb <\/strong>et rominfrastruktur.<\/li>\n<\/ul>\n<p class=\"_paragraph_o9xde_4 _paragraph_xtcu6_10 layout-component text-serif-m layout-normal text-serif-m layout-padded\">Samlet skal disse prosjektene skal styrke Europas evne til \u00e5 h\u00e5ndtere trusler i luft, p\u00e5 bakken, til sj\u00f8s og i verdensrommet. <\/p>\n<p class=\"_paragraph_o9xde_4 _paragraph_xtcu6_10 layout-component text-serif-m layout-normal text-serif-m layout-padded\">De to f\u00f8rste prosjektene skal settes i gang i 2026 og v\u00e6re fullt operative innen 2028, if\u00f8lge planen.<\/p>\n<p><img alt=\"Den russiske marinefregatten Vice-Admiral Kulakov seiler gjennom Storeb\u00e6lt i Danmark, 31. august 2025.  Foto: Jacob Gronholt-Pedersen \/ Reuters \/ NTB\" class=\"_image_qp4xg_65 layout-component layout-normal\" data-fullscreen- data-track-element-type=\"Article image fullscreen\" data-track-name=\"ImageFullscreen\" decoding=\"async\" loading=\"lazy\" height=\"4078\" itemprop=\"image\"  src=\"https:\/\/www.europesays.com\/no\/wp-content\/uploads\/2025\/10\/c94c119e-756f-4d66-99d9-5dbbac1eba9b\"  style=\"object-position:0% 0%\" width=\"5500\"\/>Den russiske marinefregatten Vice-Admiral Kulakov seiler gjennom Storeb\u00e6lt i Danmark, 31. august 2025.  Foto: Jacob Gronholt-Pedersen \/ Reuters \/ NTB<\/p>\n<p class=\"_paragraph_o9xde_4 _paragraph_xtcu6_10 layout-component text-serif-m layout-normal text-serif-m layout-padded\"><a href=\"https:\/\/www.vg.no\/tag\/eu?utm_source=vg-article&amp;utm_medium=auto-tagger&amp;utm_campaign=yEkqox\" class=\"_link_o9xde_39\" rel=\"nofollow noopener\" target=\"_blank\">EU<\/a> g\u00e5r ogs\u00e5 inn for at medlemsland skal utvikle konkrete milit\u00e6re evner sammen. Kommisjonen trekker frem blant annet artilleri, droner, cybercyberCyber refererer til teknologi og nettverk, spesielt relatert til datamaskiner og internett, ofte brukt i sammenheng med sikkerhet og angrep., ammunisjon, bakkestyrker, maritime systemer og milit\u00e6r mobilitet som viktig.<\/p>\n<p class=\"_paragraph_o9xde_4 _paragraph_xtcu6_10 layout-component text-serif-m layout-normal text-serif-m layout-padded\">Hensikten er \u00e5 unng\u00e5 at hvert land utvikler egne l\u00f8sninger som ikke fungerer sammen. I dag skjer under 20 prosent av forsvarsinvesteringer i fellesskap, selv om medlemslandene tidligere har forpliktet seg til 35 prosent. Planen setter som m\u00e5l \u00e5 n\u00e5 dette innen 2027.<\/p>\n<p>Ukraina blir del av EUs forsvarsplan<\/p>\n<p class=\"_paragraph_o9xde_4 _paragraph_xtcu6_10 layout-component text-serif-m layout-normal text-serif-m layout-padded\">Ukraina omtales som \u00abEuropas f\u00f8rste forsvarslinje\u00bb og integreres i planen. <\/p>\n<p class=\"_paragraph_o9xde_4 _paragraph_xtcu6_10 layout-component text-serif-m layout-normal text-serif-m layout-padded\">EU \u00f8nsker \u00e5 gj\u00f8re landet \u00abuspiselig for enhver angriper\u00bb og bygge opp en felles europeisk-ukrainsk forsvarsindustri.<\/p>\n<p><img alt=\"Kommisjonspresident Ursula von der Leyen og Ukrainas president Volodymyr Zelenskyj.  Foto: OLIVIER HOSLET \/ EPA \/ NTB\" class=\"_image_qp4xg_65 layout-component layout-normal\" data-fullscreen- data-track-element-type=\"Article image fullscreen\" data-track-name=\"ImageFullscreen\" decoding=\"async\" loading=\"lazy\" height=\"1445\" itemprop=\"image\"  src=\"https:\/\/www.europesays.com\/no\/wp-content\/uploads\/2025\/10\/aa6fe699-86aa-47bd-a308-19de413340b2\"  style=\"object-position:0% 0%\" width=\"2094\"\/>Kommisjonspresident Ursula von der Leyen og Ukrainas president Volodymyr Zelenskyj.  Foto: OLIVIER HOSLET \/ EPA \/ NTB<\/p>\n<p class=\"_paragraph_o9xde_4 _paragraph_xtcu6_10 layout-component text-serif-m layout-normal text-serif-m layout-padded\">I planen foresl\u00e5s sikkerhetsgarantier, langsiktig finansiering og felles produksjon av v\u00e5pen og droner. Kommisjonen vurderer et s\u00e5kalt \u00abreparasjonsl\u00e5nreparasjonsl\u00e5nEt reparasjonsl\u00e5n er en type l\u00e5n som gis for \u00e5 dekke kostnader knyttet til reparasjon eller gjenoppbygging, i dette tilfellet finansiert av frosne midler.\u00bb finansiert med inntekter fra frosne russiske midler.<\/p>\n<p>Veiskillet: Glir vekk fra Nato<\/p>\n<p class=\"_paragraph_o9xde_4 _paragraph_xtcu6_10 layout-component text-serif-m layout-normal text-serif-m layout-padded\">Planen understreker at Nato fortsatt er \u00aben uunnv\u00e6rlig pilar for EUs sikkerhet\u00bb, men sier ogs\u00e5 at EU \u00abm\u00e5 kunne handle selvstendig og ta ansvar for egen forsvarsevne uten \u00e5 v\u00e6re for avhengig av andre\u00bb.<\/p>\n<p class=\"_paragraph_o9xde_4 _paragraph_xtcu6_10 layout-component text-serif-m layout-normal text-serif-m layout-padded\">\u2013 Det er p\u00e5 h\u00f8y tide \u00e5 gj\u00f8re Europas \u00f8konomiske styrke om til milit\u00e6r kraft, og raskt, sier utenrikssjef Kaja Kallas.<\/p>\n<p class=\"_paragraph_o9xde_4 _paragraph_xtcu6_10 layout-component text-serif-m layout-normal text-serif-m layout-padded\">Planen markerer et veiskille. EU har g\u00e5tt fra \u00e5 v\u00e6re en sivil makt til \u00e5 formulere en konkret tidsplan for milit\u00e6r beredskap. Dokumentet viser at kommisjonen n\u00e5 sl\u00e5r fast at Europa \u00abm\u00e5 utvikle og anskaffe kapasitet til moderne krigf\u00f8ring\u00bb og \u00abv\u00e6re klar til \u00e5 produsere raskt og i stor skala\u00bb.<\/p>\n<p><img alt=\"Nato holdt nylig toppm\u00f8te i Ljubljana i Slovenia. Der deltok \u00abkrigsminister\u00bb Pete Hegseth fra USA, Nato-sjef Mark Rutte og forsvarsministre fra en rekke Natoland, inkludert Norge.  Foto: NICOLAS TUCAT \/ AFP \/ NTB\" class=\"_image_qp4xg_65 layout-component layout-normal\" data-fullscreen- data-track-element-type=\"Article image fullscreen\" data-track-name=\"ImageFullscreen\" decoding=\"async\" loading=\"lazy\" height=\"5327\" itemprop=\"image\"  src=\"https:\/\/www.europesays.com\/no\/wp-content\/uploads\/2025\/10\/b1a170ec-1572-498e-8190-62f6da014139\"  style=\"object-position:0% 0%\" width=\"7990\"\/>Nato holdt nylig toppm\u00f8te i Ljubljana i Slovenia. Der deltok \u00abkrigsminister\u00bb Pete Hegseth fra USA, Nato-sjef Mark Rutte og forsvarsministre fra en rekke Natoland, inkludert Norge.  Foto: NICOLAS TUCAT \/ AFP \/ NTB<\/p>\n<p class=\"_paragraph_o9xde_4 _paragraph_xtcu6_10 layout-component text-serif-m layout-normal text-serif-m layout-padded\">Planen innr\u00f8mmer at m\u00e5let er krevende: \u00ab\u00c5 bygge troverdig forsvarsberedskap p\u00e5 fem \u00e5r er etter enhver standard ambisi\u00f8st\u00bb. Likevel mener EU at tiden er knapp og at handling haster.<\/p>\n<p class=\"_paragraph_o9xde_4 _paragraph_xtcu6_10 layout-component text-serif-m layout-normal text-serif-m layout-padded\">\u2013 V\u00e5r politikk er produksjon, v\u00e5rt m\u00e5l er fred, sier kommiss\u00e6r for forsvar og romfart, Andrius Kubilius.<\/p>\n<p class=\"_paragraph_o9xde_4 _paragraph_xtcu6_10 layout-component text-serif-m layout-normal text-serif-m layout-padded\">Planen skal n\u00e5 behandles av medlemslandene. Hvis den f\u00e5r st\u00f8tte, vil EU for f\u00f8rste gang ha en felles og tidfestet plan for milit\u00e6r beredskap.<\/p>\n<p> Vil \u00f8ke produksjonen<\/p>\n<p class=\"_paragraph_o9xde_4 _paragraph_xtcu6_10 layout-component text-serif-m layout-normal text-serif-m layout-padded\">Planen legger stor vekt p\u00e5 industri og teknologi. <\/p>\n<p class=\"_paragraph_o9xde_4 _paragraph_xtcu6_10 layout-component text-serif-m layout-normal text-serif-m layout-padded\">EU \u00f8nsker en sterkere og mer selvstendig forsvarsindustri som kan levere raskt og i stor skala. Det pekes p\u00e5 behov for mer innovasjon, flere produksjonslinjer og flere kvalifiserte arbeidere.<\/p>\n<p class=\"_paragraph_o9xde_4 _paragraph_xtcu6_10 layout-component text-serif-m layout-normal text-serif-m layout-padded\">EU vil ogs\u00e5 forenkle markedet for forsvarsmateriell, harmonisere regler og gj\u00f8re det lettere \u00e5 flytte v\u00e5pen og utstyr over landegrenser. Kommisjonen omtaler dette som et \u00abekte indre marked for forsvar\u00bbindre marked for forsvar\u00bbEt indre marked for forsvar refererer til et felles marked innen EU hvor forsvarsmateriell kan handles fritt mellom medlemslandene uten hindringer. innen 2030.<\/p>\n<p class=\"_paragraph_o9xde_4 _paragraph_xtcu6_10 layout-component text-serif-m layout-normal text-serif-m layout-padded\">Forsvarsinvesteringene i EU har allerede \u00f8kt kraftig de siste \u00e5rene. Planen peker p\u00e5 at medlemsstatenes forsvarsbudsjetter steg fra 218 milliarder euro i 2021 til 343 milliarder i 2024,<\/p>\n<p class=\"_paragraph_o9xde_4 _paragraph_xtcu6_10 layout-component text-serif-m layout-normal text-serif-m layout-padded\">Kommisjonen planlegger \u00e5 ruste opp for 392 milliarder i 2025.<\/p>\n","protected":false},"excerpt":{"rendered":"EU-kommisjonenEU-kommisjonenU-kommisjonen er den ut\u00f8vende grenen av Den europeiske union, ansvarlig for \u00e5 foresl\u00e5 lovgivning og implementere beslutninger har&hellip;\n","protected":false},"author":2,"featured_media":62109,"comment_status":"","ping_status":"","sticky":false,"template":"","format":"standard","meta":{"footnotes":""},"categories":[12],"tags":[20,21,279,24,25,226,15,22,23,13,30,28,29,14,16,26,27,42,43,44,45],"class_list":{"0":"post-62108","1":"post","2":"type-post","3":"status-publish","4":"format-standard","5":"has-post-thumbnail","7":"category-verden","8":"tag-breaking-news","9":"tag-breakingnews","10":"tag-eu","11":"tag-featured-news","12":"tag-featurednews","13":"tag-forsvar","14":"tag-headlines","15":"tag-latest-news","16":"tag-latestnews","17":"tag-news","18":"tag-no","19":"tag-norge","20":"tag-norway","21":"tag-nyheter","22":"tag-overskrifter","23":"tag-top-stories","24":"tag-topstories","25":"tag-verden","26":"tag-world","27":"tag-world-news","28":"tag-worldnews"},"share_on_mastodon":{"url":"","error":""},"_links":{"self":[{"href":"https:\/\/www.europesays.com\/no\/wp-json\/wp\/v2\/posts\/62108","targetHints":{"allow":["GET"]}}],"collection":[{"href":"https:\/\/www.europesays.com\/no\/wp-json\/wp\/v2\/posts"}],"about":[{"href":"https:\/\/www.europesays.com\/no\/wp-json\/wp\/v2\/types\/post"}],"author":[{"embeddable":true,"href":"https:\/\/www.europesays.com\/no\/wp-json\/wp\/v2\/users\/2"}],"replies":[{"embeddable":true,"href":"https:\/\/www.europesays.com\/no\/wp-json\/wp\/v2\/comments?post=62108"}],"version-history":[{"count":0,"href":"https:\/\/www.europesays.com\/no\/wp-json\/wp\/v2\/posts\/62108\/revisions"}],"wp:featuredmedia":[{"embeddable":true,"href":"https:\/\/www.europesays.com\/no\/wp-json\/wp\/v2\/media\/62109"}],"wp:attachment":[{"href":"https:\/\/www.europesays.com\/no\/wp-json\/wp\/v2\/media?parent=62108"}],"wp:term":[{"taxonomy":"category","embeddable":true,"href":"https:\/\/www.europesays.com\/no\/wp-json\/wp\/v2\/categories?post=62108"},{"taxonomy":"post_tag","embeddable":true,"href":"https:\/\/www.europesays.com\/no\/wp-json\/wp\/v2\/tags?post=62108"}],"curies":[{"name":"wp","href":"https:\/\/api.w.org\/{rel}","templated":true}]}}