{"id":62112,"date":"2025-10-16T14:23:17","date_gmt":"2025-10-16T14:23:17","guid":{"rendered":"https:\/\/www.europesays.com\/no\/62112\/"},"modified":"2025-10-16T14:23:17","modified_gmt":"2025-10-16T14:23:17","slug":"dodsulykke-skyldtes-teknisk-feil-pa-saltbil","status":"publish","type":"post","link":"https:\/\/www.europesays.com\/no\/62112\/","title":{"rendered":"D\u00f8dsulykke skyldtes teknisk feil p\u00e5 saltbil"},"content":{"rendered":"<p><a class=\"inline-block uppercase px-2 py-1 rounded-full text-sm leading-none hover:underline whitespace-nowrap text-brandNeutral-900 bg-brandNeutral-100 dark:bg-brandStone-300 mb-6\" href=\"https:\/\/www.tu.no\/emne\/samferdsel\" rel=\"nofollow noopener\" target=\"_blank\">Samferdsel<\/a><\/p>\n<p class=\"text-xl leading-snug mb-8\">En teknisk feil p\u00e5 saltsprederen gjorde at veisaltingen ble avbrutt bare 400 meter f\u00f8r ulykkeskurven i Uvdal i fjor. Havarikommisjonen mener b\u00e5de entrepren\u00f8r og veieier manglet rutiner for \u00e5 h\u00e5ndtere slike situasjoner.<\/p>\n<p>Kommentarer:<\/p>\n<p>Du kan kommentere under fullt navn eller med kallenavn. Bruk BankID for automatisk oppretting av brukerkonto.<\/p>\n","protected":false},"excerpt":{"rendered":"Samferdsel En teknisk feil p\u00e5 saltsprederen gjorde at veisaltingen ble avbrutt bare 400 meter f\u00f8r ulykkeskurven i Uvdal&hellip;\n","protected":false},"author":2,"featured_media":62113,"comment_status":"","ping_status":"","sticky":false,"template":"","format":"standard","meta":{"footnotes":""},"categories":[5],"tags":[20,21,753,24,25,15,19,22,23,17,18,13,30,28,29,14,16,223,26,27,552],"class_list":{"0":"post-62112","1":"post","2":"type-post","3":"status-publish","4":"format-standard","5":"has-post-thumbnail","7":"category-overskrifter","8":"tag-breaking-news","9":"tag-breakingnews","10":"tag-dodsulykke","11":"tag-featured-news","12":"tag-featurednews","13":"tag-headlines","14":"tag-hovedoppslag","15":"tag-latest-news","16":"tag-latestnews","17":"tag-main-news","18":"tag-mainnews","19":"tag-news","20":"tag-no","21":"tag-norge","22":"tag-norway","23":"tag-nyheter","24":"tag-overskrifter","25":"tag-samferdsel","26":"tag-top-stories","27":"tag-topstories","28":"tag-vei"},"share_on_mastodon":{"url":"","error":""},"_links":{"self":[{"href":"https:\/\/www.europesays.com\/no\/wp-json\/wp\/v2\/posts\/62112","targetHints":{"allow":["GET"]}}],"collection":[{"href":"https:\/\/www.europesays.com\/no\/wp-json\/wp\/v2\/posts"}],"about":[{"href":"https:\/\/www.europesays.com\/no\/wp-json\/wp\/v2\/types\/post"}],"author":[{"embeddable":true,"href":"https:\/\/www.europesays.com\/no\/wp-json\/wp\/v2\/users\/2"}],"replies":[{"embeddable":true,"href":"https:\/\/www.europesays.com\/no\/wp-json\/wp\/v2\/comments?post=62112"}],"version-history":[{"count":0,"href":"https:\/\/www.europesays.com\/no\/wp-json\/wp\/v2\/posts\/62112\/revisions"}],"wp:featuredmedia":[{"embeddable":true,"href":"https:\/\/www.europesays.com\/no\/wp-json\/wp\/v2\/media\/62113"}],"wp:attachment":[{"href":"https:\/\/www.europesays.com\/no\/wp-json\/wp\/v2\/media?parent=62112"}],"wp:term":[{"taxonomy":"category","embeddable":true,"href":"https:\/\/www.europesays.com\/no\/wp-json\/wp\/v2\/categories?post=62112"},{"taxonomy":"post_tag","embeddable":true,"href":"https:\/\/www.europesays.com\/no\/wp-json\/wp\/v2\/tags?post=62112"}],"curies":[{"name":"wp","href":"https:\/\/api.w.org\/{rel}","templated":true}]}}