{"id":62120,"date":"2025-10-16T14:31:14","date_gmt":"2025-10-16T14:31:14","guid":{"rendered":"https:\/\/www.europesays.com\/no\/62120\/"},"modified":"2025-10-16T14:31:14","modified_gmt":"2025-10-16T14:31:14","slug":"gyda-oddekalv-tv-aksjonen-millionbud-for-date-med-gyda-oddekalv-32-trukket","status":"publish","type":"post","link":"https:\/\/www.europesays.com\/no\/62120\/","title":{"rendered":"Gyda Oddekalv, Tv-aksjonen | Millionbud for date med Gyda Oddekalv (32) trukket"},"content":{"rendered":"\n<p>\u00c5rets TV-aksjon har en noe original auksjon det n\u00e5 p\u00e5g\u00e5r en heftig kamp om \u00e5 vinne.<\/p>\n<p>Onsdag kveld var det h\u00f8yeste budet for en date med partileder i Generasjonspartiet, Gyda Oddekalv, p\u00e5 351.000 kroner.<\/p>\n<p>Torsdag morgen var h\u00f8yeste bud p\u00e5 over 1,5 millioner kroner. Et usedvanlig h\u00f8yt hopp fra forrige sum.<\/p>\n<p><b>Men n\u00e5 er budet trukket, opplyser leder for TV-aksjonen Nina Elisabeth Larsen til BA. <\/b><\/p>\n<p>\u2013 Det h\u00f8rtes litt voldsomt ut, sier hun.<\/p>\n<p>Budrunden avsluttes 19. oktober.<\/p>\n<p>\u2013 Ble helt r\u00f8rt<\/p>\n<p>Budene kommer nok likevel til \u00e5 fortsette \u00e5 krype oppover p\u00e5 nytt. Klokken 2300 onsdag rant budene inn, hvor det til slutt endte i 351.700 kroner.<\/p>\n<p>Hovedpersonen selv syns ogs\u00e5 den n\u00e5v\u00e6rende summen er helt sinnssyk.<\/p>\n<p><b>\u2013 Jeg ble helt r\u00f8rt n\u00e5r det var s\u00e5 h\u00f8yt. Det er en kjempeviktig sak, og \u00e5 dra inn s\u00e5 mye f\u00f8les veldig godt, sier hun til BA torsdag formiddag. <\/b><\/p>\n<p>Pengene fra \u00e5rets aksjon g\u00e5r til funksjonshemmede som lever i krig og fattigdom.<\/p>\n<p>            Hvem er Gyda Oddekalv?<\/p>\n<ul>\n<li>Partileder for Generasjonspartiet, som ble stiftet i 2020.<\/li>\n<li>Gikk viralt etter at hun ble kastet ut fra en debatt p\u00e5 Dagsnytt 18.<\/li>\n<li>F\u00f8dt i Bergen og er datter av milj\u00f8aktivist Kurt Oddekalv. <\/li>\n<li>Partiet fikk i overkant av 20.000 stemmer ved \u00e5rets stortingsvalg. <\/li>\n<\/ul>\n<p>   <img decoding=\"async\" width=\"1086\" height=\"724\" fetchpriority=\"low\"  loading=\"lazy\"  src=\"https:\/\/www.europesays.com\/no\/wp-content\/uploads\/2025\/10\/29A3491B-A679-4D70-9264-A97FEBCE5CC9_1_105_c.jpeg\" alt=\"Gyda Oddekalv er partileder i Generasjonspartiet og jusstudent ved Universitetet i Bergen.\" class=\"brick-c-cFOWSL\" style=\"--brick-image-ratio: 1086 \/ 724;\"\/><\/p>\n<p>    Gyda Oddekalv skal p\u00e5 date med en eller annen mystisk budgiver.<br \/>\n    Foto:  Carl August Klevjer\n  <\/p>\n<p>Daten skal finne sted p\u00e5 et tidspunkt som passer for begge parter. If\u00f8lge auksjonsbeskrivelsen kan en f\u00e5 \u00abmuligheten til \u00e5 diskutere politikk, livets mysterier, eller bare nyte en kaffe med en av \u00e5rets mest omtalte nykommere\u00bb.<\/p>\n<p>Men hva dette spesifikt gjelder velger hun enn s\u00e5 lenge \u00e5 holde hemmelig.<\/p>\n<p><b>\u2013 Jeg er alltid veldig spent p\u00e5 hvem disse budgiverne er.<\/b><\/p>\n<p>\u2013 Det er ikke litt skummelt \u00e5 ikke vite hvem det kan v\u00e6re?<\/p>\n<p>\u2013 Mange sier det, men jeg kjenner ikke helt igjen i det. Jeg er dypt takknemlig for denne muligheten og gleder meg til \u00e5 treffe vinneren.<\/p>\n<p>\u2013 Ikke sikkert jeg hadde sagt ja<\/p>\n<p>Oddekalv blir \u00e5 se p\u00e5 tv-sendingen s\u00f8ndag. Men selv om mye av fokuset blant befolkningen er p\u00e5 daten, s\u00e5 er det ikke det hun tenker mest p\u00e5.<\/p>\n<p><b>\u2013 For min del er det uansett saken som er viktigst. Den som kan by mest m\u00e5 for all del gj\u00f8re det, og er det en kvinne s\u00e5 er det flott det ogs\u00e5!<\/b><\/p>\n<p>Det var NRK som kontaktet henne ang\u00e5ende den noe spesielle ideen.<\/p>\n<p>\u2013 Det er ikke sikkert jeg hadde sagt ja, hvis det ikke var en sak jeg brant like hardt for.<\/p>\n<p>  <a href=\"https:\/\/www.ba.no\/5-8-3112337\" class=\"related-teaser has-image default-story-teaser article--c-eRUmMG article--c-eRUmMG-jKCPdD-design-default\" rel=\"nofollow noopener\" target=\"_blank\"><\/p>\n<p>    <img decoding=\"async\" loading=\"lazy\"  src=\"https:\/\/www.europesays.com\/no\/wp-content\/uploads\/2025\/10\/Skjermbilde+2025-08-05+kl.+21.08.14.png\" alt=\"\" class=\"brick-c-cFOWSL\" style=\"\"\/><\/p>\n<p>\n            Les ogs\u00e5<\/p>\n<p>              Her blir Gyda Oddekalv kastet ut p\u00e5 direkten\n        <\/p>\n<p>  <\/a><\/p>\n","protected":false},"excerpt":{"rendered":"\u00c5rets TV-aksjon har en noe original auksjon det n\u00e5 p\u00e5g\u00e5r en heftig kamp om \u00e5 vinne. Onsdag kveld&hellip;\n","protected":false},"author":2,"featured_media":62121,"comment_status":"","ping_status":"","sticky":false,"template":"","format":"standard","meta":{"footnotes":""},"categories":[5],"tags":[36,20,21,24,25,4671,15,19,22,23,17,18,13,30,28,29,14,16,1510,26,27,6611],"class_list":{"0":"post-62120","1":"post","2":"type-post","3":"status-publish","4":"format-standard","5":"has-post-thumbnail","7":"category-overskrifter","8":"tag-art","9":"tag-breaking-news","10":"tag-breakingnews","11":"tag-featured-news","12":"tag-featurednews","13":"tag-gyda-oddekalv","14":"tag-headlines","15":"tag-hovedoppslag","16":"tag-latest-news","17":"tag-latestnews","18":"tag-main-news","19":"tag-mainnews","20":"tag-news","21":"tag-no","22":"tag-norge","23":"tag-norway","24":"tag-nyheter","25":"tag-overskrifter","26":"tag-story","27":"tag-top-stories","28":"tag-topstories","29":"tag-tv-aksjonen"},"share_on_mastodon":{"url":"","error":""},"_links":{"self":[{"href":"https:\/\/www.europesays.com\/no\/wp-json\/wp\/v2\/posts\/62120","targetHints":{"allow":["GET"]}}],"collection":[{"href":"https:\/\/www.europesays.com\/no\/wp-json\/wp\/v2\/posts"}],"about":[{"href":"https:\/\/www.europesays.com\/no\/wp-json\/wp\/v2\/types\/post"}],"author":[{"embeddable":true,"href":"https:\/\/www.europesays.com\/no\/wp-json\/wp\/v2\/users\/2"}],"replies":[{"embeddable":true,"href":"https:\/\/www.europesays.com\/no\/wp-json\/wp\/v2\/comments?post=62120"}],"version-history":[{"count":0,"href":"https:\/\/www.europesays.com\/no\/wp-json\/wp\/v2\/posts\/62120\/revisions"}],"wp:featuredmedia":[{"embeddable":true,"href":"https:\/\/www.europesays.com\/no\/wp-json\/wp\/v2\/media\/62121"}],"wp:attachment":[{"href":"https:\/\/www.europesays.com\/no\/wp-json\/wp\/v2\/media?parent=62120"}],"wp:term":[{"taxonomy":"category","embeddable":true,"href":"https:\/\/www.europesays.com\/no\/wp-json\/wp\/v2\/categories?post=62120"},{"taxonomy":"post_tag","embeddable":true,"href":"https:\/\/www.europesays.com\/no\/wp-json\/wp\/v2\/tags?post=62120"}],"curies":[{"name":"wp","href":"https:\/\/api.w.org\/{rel}","templated":true}]}}