{"id":62126,"date":"2025-10-16T14:37:20","date_gmt":"2025-10-16T14:37:20","guid":{"rendered":"https:\/\/www.europesays.com\/no\/62126\/"},"modified":"2025-10-16T14:37:20","modified_gmt":"2025-10-16T14:37:20","slug":"ran-krim-kristiansand-19-ran-sa-langt-i-oktober","status":"publish","type":"post","link":"https:\/\/www.europesays.com\/no\/62126\/","title":{"rendered":"Ran, Krim | Kristiansand: 19 ran s\u00e5 langt i oktober"},"content":{"rendered":"\n<p>Politiet kan torsdag opplyse om at det er registrert totalt 19 ran i Kristiansand sentrum i perioden fra 1. oktober til 16. oktober.<\/p>\n<p><b>\u2013 I 17 av sakene har politiet siktet personer for forholdene. Vi opplever god fremdrift i sakene, har god oversikt over hvem som er involvert og utelukker ikke flere p\u00e5gripelser. Det gjenst\u00e5r fortsatt etterforskning som vil kunne gi oss flere svar, sier Anders Hareide Holt. <\/b><\/p>\n<p>Han sier videre at 19 ran er et uvanlig h\u00f8yt antall p\u00e5 en s\u00e5 kort periode i Kristiansand.<\/p>\n<p>\u2013 Ser alvorlig p\u00e5 det<\/p>\n<p>\u2013 Politiet ser alvorlig p\u00e5 dette og har forst\u00e5else for at det kan skape utrygghet. Politiet etterforsker sakene med full styrke og bruker store ressurser p\u00e5 \u00e5 finne ut hva som har skjedd, hvem som er involvert og hvorfor vi st\u00e5r overfor s\u00e5 mange ran p\u00e5 kort tid, sier Holt.<\/p>\n<p>   <img decoding=\"async\" width=\"6048\" height=\"4024\" fetchpriority=\"low\"  loading=\"lazy\"  src=\"https:\/\/www.europesays.com\/no\/wp-content\/uploads\/2025\/10\/DSC_8883.JPG\" alt=\"\" class=\"brick-c-cFOWSL\" style=\"--brick-image-ratio: 6048 \/ 4024;\"\/><\/p>\n<p>    Politistasjonssjef Anders Hareide Holt informerer om informasjonen<br \/>\n    Foto: Tarald Reinholt Aas\n  <\/p>\n<p>Politiet sier at de ser ranene i sammenheng, men at noen av ranene ogs\u00e5 ser ut til \u00e5 v\u00e6re isolerte hendelser.<\/p>\n<p><b>\u2013 Personene som etterforskes som ut\u00f8vere av ranene er unge menn i ten\u00e5rene og tidlig tyve\u00e5rene, og er kjent for politiet fra tidligere. De forn\u00e6rmede er i all hovedsak unge menn i ten\u00e5rene og tidlig tyve\u00e5rene, informerer Holt. <\/b><\/p>\n<p>  <a href=\"https:\/\/www.krs.no\/5-157-526962\" class=\"related-teaser has-image default-story-teaser article--c-eRUmMG article--c-eRUmMG-jKCPdD-design-default\" rel=\"nofollow noopener\" target=\"_blank\"><\/p>\n<p>    <img decoding=\"async\" loading=\"lazy\"  src=\"https:\/\/www.europesays.com\/no\/wp-content\/uploads\/2025\/10\/Politiet+4.jpg\" alt=\"\" class=\"brick-c-cFOWSL\" style=\"\"\/><\/p>\n<p>\n            Les ogs\u00e5<\/p>\n<p>              \u2013 Hva gj\u00f8r de n\u00e5r klubben stenger? Hvor g\u00e5r de da? Jo, til byen\n        <\/p>\n<p>  <\/a><br \/>\n  Tilfeldige ofre<\/p>\n<p>Politiet melder at ranene har skjedd etter klokken 15 og p\u00e5 kvelds- og nattetid i og rundt Kvadraturen i Kristiansand.<\/p>\n<p><b>\u2013 I de fleste sakene fremst\u00e5r det som at ofrene er helt tilfeldige, men det er ogs\u00e5 enkelte tilfeller av en form for relasjon mellom ransut\u00f8ver og forn\u00e6rmede, sier Holt. <\/b><\/p>\n<p>Det er if\u00f8lge politiets etterforskning kommet fram at gjerningspersonene g\u00e5r etter kl\u00e6r og andre verdigjenstander.<\/p>\n<p>\u2013 Politiet har fokus p\u00e5 at det skal v\u00e6re trygt \u00e5 oppholde seg i sentrum. Etterforskningen av sakene er h\u00f8yt prioriterte hos politiet. Samtidig har vi iverksatt flere tiltak for \u00e5 styrke politiets tilstedev\u00e6relse i og rundt Kvadraturen i Kristiansand. Politiet er til stede med flere patruljer enn normalt og vil v\u00e6re enda mer synlig til stede i bybildet, b\u00e5de for \u00e5 forebygge nye hendelser og for \u00e5 skape trygghet for alle som ferdes i sentrum. Folk skal f\u00f8le seg trygge n\u00e5r de ferdes i sentrum, sier Holt.<\/p>\n<p>Politiet og kommunen har gitt de forn\u00e6rmede i ransakene tilbud om oppf\u00f8lging.<\/p>\n<p>  <a href=\"https:\/\/www.krs.no\/5-157-526088\" class=\"related-teaser has-image default-story-teaser article--c-eRUmMG article--c-eRUmMG-jKCPdD-design-default\" rel=\"nofollow noopener\" target=\"_blank\"><\/p>\n<p>    <img decoding=\"async\" loading=\"lazy\"  src=\"https:\/\/www.europesays.com\/no\/wp-content\/uploads\/2025\/10\/IMG_1218.jpg\" alt=\"\" class=\"brick-c-cFOWSL\" style=\"\"\/><\/p>\n<p>\n            Les ogs\u00e5<\/p>\n<p>              Fra talerstolen p\u00e5 Stortinget: \u2013 Wergelandsparken har blitt spr\u00f8yterom uten vegger og tak\n        <\/p>\n<p>  <\/a><\/p>\n<p>  <a href=\"https:\/\/www.krs.no\/5-157-525720\" class=\"related-teaser has-image default-story-teaser article--c-eRUmMG article--c-eRUmMG-jKCPdD-design-default\" rel=\"nofollow noopener\" target=\"_blank\"><\/p>\n<p>    <img decoding=\"async\" loading=\"lazy\"  src=\"https:\/\/www.europesays.com\/no\/wp-content\/uploads\/2025\/10\/HOlt+2.jpg\" alt=\"\" class=\"brick-c-cFOWSL\" style=\"\"\/><\/p>\n<p>\n            Les ogs\u00e5<\/p>\n<p>              Ransb\u00f8lge i Kristiansand \u2013 politiet ser alvorlig p\u00e5 utviklingen\n        <\/p>\n<p>  <\/a><\/p>\n","protected":false},"excerpt":{"rendered":"Politiet kan torsdag opplyse om at det er registrert totalt 19 ran i Kristiansand sentrum i perioden fra&hellip;\n","protected":false},"author":2,"featured_media":62127,"comment_status":"","ping_status":"","sticky":false,"template":"","format":"standard","meta":{"footnotes":""},"categories":[10],"tags":[36,20,21,24,25,15,983,331,22,23,13,30,28,29,14,16,3878,1510,26,27],"class_list":{"0":"post-62126","1":"post","2":"type-post","3":"status-publish","4":"format-standard","5":"has-post-thumbnail","7":"category-norge","8":"tag-art","9":"tag-breaking-news","10":"tag-breakingnews","11":"tag-featured-news","12":"tag-featurednews","13":"tag-headlines","14":"tag-krim","15":"tag-kristiansand","16":"tag-latest-news","17":"tag-latestnews","18":"tag-news","19":"tag-no","20":"tag-norge","21":"tag-norway","22":"tag-nyheter","23":"tag-overskrifter","24":"tag-ran","25":"tag-story","26":"tag-top-stories","27":"tag-topstories"},"share_on_mastodon":{"url":"","error":""},"_links":{"self":[{"href":"https:\/\/www.europesays.com\/no\/wp-json\/wp\/v2\/posts\/62126","targetHints":{"allow":["GET"]}}],"collection":[{"href":"https:\/\/www.europesays.com\/no\/wp-json\/wp\/v2\/posts"}],"about":[{"href":"https:\/\/www.europesays.com\/no\/wp-json\/wp\/v2\/types\/post"}],"author":[{"embeddable":true,"href":"https:\/\/www.europesays.com\/no\/wp-json\/wp\/v2\/users\/2"}],"replies":[{"embeddable":true,"href":"https:\/\/www.europesays.com\/no\/wp-json\/wp\/v2\/comments?post=62126"}],"version-history":[{"count":0,"href":"https:\/\/www.europesays.com\/no\/wp-json\/wp\/v2\/posts\/62126\/revisions"}],"wp:featuredmedia":[{"embeddable":true,"href":"https:\/\/www.europesays.com\/no\/wp-json\/wp\/v2\/media\/62127"}],"wp:attachment":[{"href":"https:\/\/www.europesays.com\/no\/wp-json\/wp\/v2\/media?parent=62126"}],"wp:term":[{"taxonomy":"category","embeddable":true,"href":"https:\/\/www.europesays.com\/no\/wp-json\/wp\/v2\/categories?post=62126"},{"taxonomy":"post_tag","embeddable":true,"href":"https:\/\/www.europesays.com\/no\/wp-json\/wp\/v2\/tags?post=62126"}],"curies":[{"name":"wp","href":"https:\/\/api.w.org\/{rel}","templated":true}]}}