{"id":62143,"date":"2025-10-16T14:59:13","date_gmt":"2025-10-16T14:59:13","guid":{"rendered":"https:\/\/www.europesays.com\/no\/62143\/"},"modified":"2025-10-16T14:59:13","modified_gmt":"2025-10-16T14:59:13","slug":"skal-snakke-med-putin","status":"publish","type":"post","link":"https:\/\/www.europesays.com\/no\/62143\/","title":{"rendered":"Skal snakke med Putin"},"content":{"rendered":"<p>    Kort fortalt<\/p>\n<ul lang=\"nb-NO\">\n<li>Nikolaj Bugge Erstad fra Molde unders\u00f8kte innholdet i Ahlgrens bilar-pakker.<\/li>\n<li>Han kj\u00f8pte tolv poser og analyserte bilene n\u00f8ye sammen med d\u00f8trene sine.<\/li>\n<li>Resultatet viste at antallet biler var stabilt, men fargefordelingen varierte betydelig.<\/li>\n<li>Innlegget hans p\u00e5 Facebook har f\u00e5tt stor oppmerksomhet og humoristisk respons.<\/li>\n<\/ul>\n<p class=\"italic ai-disclaimer\" data-lab-italic=\"italic\">Sammendraget er laget av ChatGPT og godkjent av Dagbladet.<\/p>\n<p>      Vis mer<br \/>\n      Vis mindre<\/p>\n<p>Den siste tida har det blitt spredt et bilde av to poser Ahlgrens bilar.<\/p>\n<p>I innlegget blir det hevdet at det er forskjellig innhold i posene, som best\u00e5r av hvite, gr\u00f8nne og rosa skumbiler.<\/p>\n<p>Onsdag bestemte Nikolaj Bugge Erstad fra Molde seg for \u00e5 finne ut om dette egentlig stemmer.\u00a0<\/p>\n<p class=\"font-weight-bold m-font-weight-bold\" data-lab-font_weight=\"font-weight-bold\">&#8211; Jeg var\u00a0alene hjemme med barna og skulle rekke alt mellom barnehagehenting, middag og legging, s\u00e5 her var det bare \u00e5 st\u00e5 p\u00e5, sier den lattermilde Molde-mannen til Dagbladet.<\/p>\n<p>    <a itemprop=\"url\" href=\"https:\/\/dinside.dagbladet.no\/fritid\/nytt-funn-aldri-sett-for\/82668554\" rel=\"nofollow noopener\" target=\"_blank\"><\/p>\n<p>      <img loading=\"lazy\" decoding=\"async\" src=\"https:\/\/www.europesays.com\/no\/wp-content\/uploads\/2025\/10\/1760626749_581_82668650.webp\" width=\"147\" height=\"98\" title=\"Forskerne m\u00e5per: Aldri sett f\u00f8r\" alt=\"\" class=\"lazyload\" style=\"--aspect-ratio-image: 1.50; \"\/><\/p>\n<p>        Forskerne m\u00e5per: Aldri sett f\u00f8r<\/p>\n<p>    <\/a><\/p>\n<p>Brukte hele ettermidagen  <\/p>\n<p>I stedet for \u00e5 sammenlikne to poser, som p\u00e5 originalbildet, ble tolv poser kj\u00f8pt inn, \u00e5pnet og analysert &#8211; n\u00f8ye og systematisk.\u00a0<\/p>\n<p>&#8211; Jeg vurderte \u00e5 kj\u00f8pe en hel kartong med Bilar, men inns\u00e5 at jeg m\u00e5tte v\u00e6re realistisk. Hvis vi skulle f\u00e5 tid, fikk det bli \u00abbare\u00bb tolv poser, forteller han.<\/p>\n<p>        &#8211; Jeg er en uformell hverdagshelt som sprer info som du ikke visste at du trengte.<\/p>\n<p class=\"t20 italic m-italic\" style=\"\">Nikolaj Bugge Erstad<\/p>\n<p>D\u00f8trene, Elvira (1) og Valeria (3), var ikke vanskelige \u00e5 be om hjelp til \u00e5 analysere innholdet i posene.<\/p>\n<p>&#8211; Tvert imot, sier pappaen deres.<\/p>\n<p>Hver eneste bil ble telt, sortert etter farge og registrert i et regneark.<\/p>\n<p class=\"font-weight-bold m-font-weight-bold\" data-lab-font_weight=\"font-weight-bold\">&#8211; Det m\u00e5tte mer enn to poser til for \u00e5 f\u00e5 et reelt sammenlikningsgrunnlag, sl\u00e5r han fast.<\/p>\n<p>          <img loading=\"lazy\" decoding=\"async\" src=\"https:\/\/www.europesays.com\/no\/wp-content\/uploads\/2025\/10\/83731817.webp\" width=\"686\" height=\"858\" title=\"MORO: Lille Elvira syntes at det var kjempeg\u00f8y \u00e5 v\u00e6re med p\u00e5 godteristudien. Foto: Privat\" alt=\"\" class=\"\" style=\"--aspect-ratio-image: 0.80; \"\/><\/p>\n<p>\n          MORO: Lille Elvira syntes at det var kjempeg\u00f8y \u00e5 v\u00e6re med p\u00e5 godteristudien. Foto: Privat\n      <\/p>\n<p>Etter en hel ettermiddag med telling og mye latter, forel\u00e5 tallene.<\/p>\n<p>Resultatet la han ut i <a href=\"https:\/\/www.facebook.com\/photo?fbid=10236177417408662&amp;set=a.1367392237861\" rel=\"nofollow noopener\" target=\"_blank\">et Facebook-innlegg<\/a> som har f\u00e5tt mange til \u00e5 dra p\u00e5 smileb\u00e5ndet.\u00a0<\/p>\n<p>Dette er bare noen av kommentarene han har f\u00e5tt:\u00a0<\/p>\n<p class=\"italic m-italic\" data-lab-italic=\"italic\"> \u00abDu er en morsom pappa.\u00bb <\/p>\n<p class=\"italic m-italic\" data-lab-italic=\"italic\"> \u00abEr viktig med statistikk. Er et stort forskningsprosjekt dere har gjennomf\u00f8rt. Rett skal v\u00e6re rett.\u00bb <\/p>\n<p class=\"italic m-italic\" data-lab-italic=\"italic\">\u00abHURRA for deg og jentene\u00bb.<\/p>\n<p class=\"italic m-italic\" data-lab-italic=\"italic\"> \u00abHerlig forskning du og dine s\u00f8te medforskere har drevet med der\u00bb.<\/p>\n<p>          <img loading=\"lazy\" decoding=\"async\" src=\"https:\/\/www.europesays.com\/no\/wp-content\/uploads\/2025\/10\/83731732.webp\" width=\"686\" height=\"858\" title=\"GOD STEMNING: Elvira og Valeria poserer bak alle skumbilene de talte opp. Foto: Privat\" alt=\"\" class=\"\" style=\"--aspect-ratio-image: 0.80; \"\/><\/p>\n<p>\n          GOD STEMNING: Elvira og Valeria poserer bak alle skumbilene de talte opp. Foto: Privat\n      <\/p>\n<p>Skilte seg ut  <\/p>\n<p>I ni av de tolv posene ble det funnet 133 biler, som Nikolaj definerer som \u00abnormalt antall\u00bb.\u00a0<\/p>\n<p>\u00c9n pose inneholdt 134 biler, mens to poser skilte seg ut i negativ retning &#8211; med 1 og 3 f\u00e6rre biler enn snittet.<\/p>\n<p>Selv om antallet biler viste seg \u00e5 v\u00e6re stabilt, avsl\u00f8rte gjennomgangen store forskjeller i fargefordelingen.<\/p>\n<p>    <a itemprop=\"url\" href=\"https:\/\/www.dagbladet.no\/nyheter\/hundedrama-i-fjellet\/83730599\" rel=\"nofollow noopener\" target=\"_blank\"><\/p>\n<p>      <img loading=\"lazy\" decoding=\"async\" src=\"https:\/\/www.europesays.com\/no\/wp-content\/uploads\/2025\/10\/83731928.webp\" width=\"980\" height=\"441\" title=\"Hundedrama i fjellet\" alt=\"\" class=\"lazyload\" style=\"--aspect-ratio-image: 2.22; \"\/><\/p>\n<p>        Hundedrama i fjellet<\/p>\n<p>    <\/a><\/p>\n<p>De gr\u00f8nne bilene varierte fra 38 til 51 per pose, de rosa fra 30 til 50, og de hvite fra 32 til 56.\u00a0<\/p>\n<p class=\"font-weight-bold m-font-weight-bold\" data-lab-font_weight=\"font-weight-bold\">&#8211; Har du en favorittfarge, kan det v\u00e6re lurt \u00e5 studere innholdet i posen n\u00f8ye f\u00f8r du kj\u00f8per den, sier Nikolaj.<\/p>\n<p>Til sammen stilte Nikolaj og d\u00f8trene opp 1593 biler p\u00e5 kj\u00f8kkenbordet.<\/p>\n<p>&#8211; Resultatet ble som jeg trodde. Det var bare to poser som avviket fra det originale p\u00e5funnet. Jeg forventet at det skulle v\u00e6re ganske likt, men forventet mer variasjon i antallet farger, sier han.<\/p>\n<p>          <img loading=\"lazy\" decoding=\"async\" src=\"https:\/\/www.europesays.com\/no\/wp-content\/uploads\/2025\/10\/83732306.webp\" width=\"686\" height=\"947\" title=\"ELSKER P\u00c5FUNN: Nikolaj Bugge Erstad. Foto: Privat\" alt=\"\" class=\"\" style=\"--aspect-ratio-image: 0.72; \"\/><\/p>\n<p>\n          ELSKER P\u00c5FUNN: Nikolaj Bugge Erstad. Foto: Privat\n      <\/p>\n<p>Superhelt uten kappe<\/p>\n<p>Facebook-innlegget hans avsluttes med en selvironisk hyllest til alle som tar det trivielle problemet p\u00e5 dypeste alvor.<\/p>\n<p class=\"font-weight-bold m-font-weight-bold\" data-lab-font_weight=\"font-weight-bold\">&#8211; Jeg vet dette er noe mange kanskje har grublet p\u00e5, men aldri tatt steget til \u00e5 unders\u00f8ke n\u00e6rmere. Alle superhelter b\u00e6rer ikke kappe &#8211; og vi er blant dem, skriver han.<\/p>\n<p>    <a itemprop=\"url\" href=\"https:\/\/www.dagbladet.no\/kjendis\/holder-det-hemmelig\/83730218\" rel=\"nofollow noopener\" target=\"_blank\"><\/p>\n<p>      <img loading=\"lazy\" decoding=\"async\" src=\"https:\/\/www.europesays.com\/no\/wp-content\/uploads\/2025\/10\/83730711.webp\" width=\"147\" height=\"98\" title=\"Holder det hemmelig\" alt=\"\" class=\"lazyload\" style=\"--aspect-ratio-image: 1.50; \"\/><\/p>\n<p>        Holder det hemmelig<\/p>\n<p>    <\/a><\/p>\n<p>Nikolaj utdyper dette overfor Dagbladet:<\/p>\n<p>&#8211; Jeg er en uformell hverdagshelt som sprer info som du ikke visste at du trengte.<\/p>\n<p>P\u00e5 sp\u00f8rsm\u00e5l om vi kan forvente liknende p\u00e5funn igjen, svarer han et rungende \u00abja!\u00bb.\u00a0<\/p>\n<p class=\"font-weight-bold m-font-weight-bold\" data-lab-font_weight=\"font-weight-bold\">&#8211; &#8230; men f\u00f8rst m\u00e5 vi jobbe opp godteribudsjettet v\u00e5rt igjen, sier han og ler.<\/p>\n<p>        LANG: En 107 \u00e5r gammel dame har et 10 centimeter langt horn voksende ut av hodet sitt.<\/p>\n<p>Vekt &#8211; ikke antall<\/p>\n<p>Cloetta, som produserer Ahlgrens bilar, har forel\u00f8pig ikke svart p\u00e5 Dagbladets sp\u00f8rsm\u00e5l om den lille forskjellen p\u00e5 innholdet i posene.<\/p>\n<p>Cloetta oppgir ikke et bestemt antall biler i hver pose med Ahlgrens bilar &#8211; det er nemlig vekta som er standarden.<\/p>\n<p>Hver pose pakkes etter vekt, for eksempel 125 gram.<\/p>\n<p>Siden bilene kan variere litt i st\u00f8rrelse og tetthet, vil antallet biler naturlig kunne variere fra pose til pose.\u00a0<\/p>\n<p class=\"font-weight-bold m-font-weight-bold\" data-lab-font_weight=\"font-weight-bold\">Derfor kan \u00e9n pose inneholde 133 biler, mens en annen har 130 eller 135 &#8211; uten at noe er feil.<\/p>\n<p>Dette er vanlig praksis i godteriproduksjon, der pakkemaskiner veier innholdet, og alts\u00e5 ikke teller enkeltbiter.\u00a0<\/p>\n","protected":false},"excerpt":{"rendered":"Kort fortalt Nikolaj Bugge Erstad fra Molde unders\u00f8kte innholdet i Ahlgrens bilar-pakker. Han kj\u00f8pte tolv poser og analyserte&hellip;\n","protected":false},"author":2,"featured_media":62144,"comment_status":"","ping_status":"","sticky":false,"template":"","format":"standard","meta":{"footnotes":""},"categories":[12],"tags":[20,21,24,25,15,22,23,13,30,28,29,14,16,26,27,412,42,43,44,45],"class_list":{"0":"post-62143","1":"post","2":"type-post","3":"status-publish","4":"format-standard","5":"has-post-thumbnail","7":"category-verden","8":"tag-breaking-news","9":"tag-breakingnews","10":"tag-featured-news","11":"tag-featurednews","12":"tag-headlines","13":"tag-latest-news","14":"tag-latestnews","15":"tag-news","16":"tag-no","17":"tag-norge","18":"tag-norway","19":"tag-nyheter","20":"tag-overskrifter","21":"tag-top-stories","22":"tag-topstories","23":"tag-utenriks","24":"tag-verden","25":"tag-world","26":"tag-world-news","27":"tag-worldnews"},"share_on_mastodon":{"url":"","error":""},"_links":{"self":[{"href":"https:\/\/www.europesays.com\/no\/wp-json\/wp\/v2\/posts\/62143","targetHints":{"allow":["GET"]}}],"collection":[{"href":"https:\/\/www.europesays.com\/no\/wp-json\/wp\/v2\/posts"}],"about":[{"href":"https:\/\/www.europesays.com\/no\/wp-json\/wp\/v2\/types\/post"}],"author":[{"embeddable":true,"href":"https:\/\/www.europesays.com\/no\/wp-json\/wp\/v2\/users\/2"}],"replies":[{"embeddable":true,"href":"https:\/\/www.europesays.com\/no\/wp-json\/wp\/v2\/comments?post=62143"}],"version-history":[{"count":0,"href":"https:\/\/www.europesays.com\/no\/wp-json\/wp\/v2\/posts\/62143\/revisions"}],"wp:featuredmedia":[{"embeddable":true,"href":"https:\/\/www.europesays.com\/no\/wp-json\/wp\/v2\/media\/62144"}],"wp:attachment":[{"href":"https:\/\/www.europesays.com\/no\/wp-json\/wp\/v2\/media?parent=62143"}],"wp:term":[{"taxonomy":"category","embeddable":true,"href":"https:\/\/www.europesays.com\/no\/wp-json\/wp\/v2\/categories?post=62143"},{"taxonomy":"post_tag","embeddable":true,"href":"https:\/\/www.europesays.com\/no\/wp-json\/wp\/v2\/tags?post=62143"}],"curies":[{"name":"wp","href":"https:\/\/api.w.org\/{rel}","templated":true}]}}