{"id":62174,"date":"2025-10-16T15:41:07","date_gmt":"2025-10-16T15:41:07","guid":{"rendered":"https:\/\/www.europesays.com\/no\/62174\/"},"modified":"2025-10-16T15:41:07","modified_gmt":"2025-10-16T15:41:07","slug":"nyheter-togtrafikk-forsinkelser-og-innstillinger","status":"publish","type":"post","link":"https:\/\/www.europesays.com\/no\/62174\/","title":{"rendered":"Nyheter, Togtrafikk | \u2013 Forsinkelser og innstillinger"},"content":{"rendered":"\n<p>\u00c5rsaken skal v\u00e6re en signalfeil ved Lillestr\u00f8m stasjon.<\/p>\n<p>\u2013 Det er forsinkelser og innstillinger p\u00e5 grunn av signalfeil ved Lillestr\u00f8m, melder Bane Nor.<\/p>\n<p>Ogs\u00e5 Vy melder om togtr\u00f8bbel.<\/p>\n<p>\u2013 Togene kj\u00f8rer saktere. Du m\u00e5 regne med forsinkelser, og at noen tog kan bli innstilt. Dette skyldes en signalfeil, skriver togselskapet i en melding klokka 16.17.<\/p>\n<p>\u2013 Togene m\u00e5 kj\u00f8re litt saktere, s\u00e5 da m\u00e5 vi tynne togtrafikken litt, sier pressevakt \u00d8ystein Stavdal Paulsen i Bane Nor til NTB.<\/p>\n<p>Feilen medf\u00f8rer at flere direktetog innstilles, men Paulsen understreker at det fortsatt er flere tog som g\u00e5r p\u00e5 strekningen. Han h\u00e5per feilen er rettet innen klokken 17.30.<\/p>\n<p>Rundt halvparten av Flytogets avganger er innstilt, blant dem alle direktetogene. Derfor g\u00e5r flytoget n\u00e5 bare hvert 20. minutt mellom Oslo S og Gardermoen, if\u00f8lge <a rel=\"noopener nofollow\" href=\"https:\/\/www.aftenposten.no\/norge\/i\/5EP5m1\/signalfeil-rammer-flytoget-mange-avganger-innstilt\" target=\"_blank\">Aftenposten<\/a>.<\/p>\n<p>Saken oppdateres!<\/p>\n","protected":false},"excerpt":{"rendered":"\u00c5rsaken skal v\u00e6re en signalfeil ved Lillestr\u00f8m stasjon. \u2013 Det er forsinkelser og innstillinger p\u00e5 grunn av signalfeil&hellip;\n","protected":false},"author":2,"featured_media":62175,"comment_status":"","ping_status":"","sticky":false,"template":"","format":"standard","meta":{"footnotes":""},"categories":[10],"tags":[36,2532,20,21,24,25,15,22,23,13,30,28,29,14,16,1510,2395,26,27],"class_list":{"0":"post-62174","1":"post","2":"type-post","3":"status-publish","4":"format-standard","5":"has-post-thumbnail","7":"category-norge","8":"tag-art","9":"tag-bane-nor","10":"tag-breaking-news","11":"tag-breakingnews","12":"tag-featured-news","13":"tag-featurednews","14":"tag-headlines","15":"tag-latest-news","16":"tag-latestnews","17":"tag-news","18":"tag-no","19":"tag-norge","20":"tag-norway","21":"tag-nyheter","22":"tag-overskrifter","23":"tag-story","24":"tag-togtrafikk","25":"tag-top-stories","26":"tag-topstories"},"share_on_mastodon":{"url":"","error":""},"_links":{"self":[{"href":"https:\/\/www.europesays.com\/no\/wp-json\/wp\/v2\/posts\/62174","targetHints":{"allow":["GET"]}}],"collection":[{"href":"https:\/\/www.europesays.com\/no\/wp-json\/wp\/v2\/posts"}],"about":[{"href":"https:\/\/www.europesays.com\/no\/wp-json\/wp\/v2\/types\/post"}],"author":[{"embeddable":true,"href":"https:\/\/www.europesays.com\/no\/wp-json\/wp\/v2\/users\/2"}],"replies":[{"embeddable":true,"href":"https:\/\/www.europesays.com\/no\/wp-json\/wp\/v2\/comments?post=62174"}],"version-history":[{"count":0,"href":"https:\/\/www.europesays.com\/no\/wp-json\/wp\/v2\/posts\/62174\/revisions"}],"wp:featuredmedia":[{"embeddable":true,"href":"https:\/\/www.europesays.com\/no\/wp-json\/wp\/v2\/media\/62175"}],"wp:attachment":[{"href":"https:\/\/www.europesays.com\/no\/wp-json\/wp\/v2\/media?parent=62174"}],"wp:term":[{"taxonomy":"category","embeddable":true,"href":"https:\/\/www.europesays.com\/no\/wp-json\/wp\/v2\/categories?post=62174"},{"taxonomy":"post_tag","embeddable":true,"href":"https:\/\/www.europesays.com\/no\/wp-json\/wp\/v2\/tags?post=62174"}],"curies":[{"name":"wp","href":"https:\/\/api.w.org\/{rel}","templated":true}]}}