{"id":62187,"date":"2025-10-16T15:55:14","date_gmt":"2025-10-16T15:55:14","guid":{"rendered":"https:\/\/www.europesays.com\/no\/62187\/"},"modified":"2025-10-16T15:55:14","modified_gmt":"2025-10-16T15:55:14","slug":"kjendis-john-arne-riise-john-arne-riise-med-ekstrem-avsloring","status":"publish","type":"post","link":"https:\/\/www.europesays.com\/no\/62187\/","title":{"rendered":"Kjendis, John Arne Riise | John Arne Riise med ekstrem avsl\u00f8ring"},"content":{"rendered":"\n<p><a href=\"https:\/\/www.tb.no\/john-arne-riise-med-ekstrem-avsloring\/s\/nettavisen.no\" rel=\"Follow nofollow noopener\" target=\"_blank\">(Nettavisen)<\/a>: Det er p\u00e5 sine sosiale medie-kontoer at den tidligere Liverpool-stjernen n\u00e5 avsl\u00f8rer sitt nye prosjekt.<\/p>\n<p><b>P\u00e5 b\u00e5de Instagram og Snapchat forteller Riise at han satser mot Ironman-konkurransen i Barcelona neste \u00e5r.<\/b><\/p>\n<p>Konkurransen avholdes i den katalanske storbyen i oktober 2026.<\/p>\n<p>  <a href=\"https:\/\/www.tb.no\/5-76-2701800\" class=\"related-teaser has-image default-story-teaser article--c-eRUmMG article--c-eRUmMG-jKCPdD-design-default\" rel=\"nofollow noopener\" target=\"_blank\"><\/p>\n<p>    <img decoding=\"async\" loading=\"lazy\"  src=\"https:\/\/www.europesays.com\/no\/wp-content\/uploads\/2025\/10\/DSC_5849.JPG\" alt=\"\" class=\"brick-c-cFOWSL\" style=\"\"\/><\/p>\n<p>\n            Les ogs\u00e5<\/p>\n<p>              Reni (18) fra T\u00f8nsberg f\u00f8lger dr\u00f8mmen p\u00e5 MS Lofoten: \u2013 Jeg elsker det\n        <\/p>\n<p>  <\/a><br \/>\n  Riise f\u00e5r hjelp av trener Anders Muren<\/p>\n<p>Riise skriver ogs\u00e5 at han f\u00e5r hjelp av treneren Anders Muren for \u00e5 forberede seg p\u00e5 den r\u00e5t\u00f8ffe konkurransen.<\/p>\n<p>Muren har over 35.000 f\u00f8lgere p\u00e5 Instagram og er selv aktiv innen Ironman-disiplinen.<\/p>\n<p><b>En Ironman-konkurranse en langdistanse triatlon som best\u00e5r av sv\u00f8mming, sykling og l\u00f8ping. <\/b><\/p>\n<p>   <img decoding=\"async\" width=\"1307\" height=\"1846\" fetchpriority=\"low\"  loading=\"lazy\"  src=\"https:\/\/www.europesays.com\/no\/wp-content\/uploads\/2025\/10\/1760630113_553_riisesnap.jpg\" alt=\"\" class=\"brick-c-cFOWSL\" style=\"--brick-image-ratio: 1307 \/ 1846;\"\/><\/p>\n<p>    LA UT. John Arne Riise postet denne meldingen p\u00e5 Snapchat onsdag.<br \/>\n    Foto: John Arne Riise (Snapchat)\n  <\/p>\n<p>45-\u00e5ringen fra \u00c5lesund fikk mange til \u00e5 heve \u00f8yenbrynene da han i forbindelse med TV-programmet \u00ab16 ukers helvete\u00bb totalforvandlet b\u00e5de livsstilen og kroppen i l\u00f8pet av kort tid. Den tidligere fotballhelten raste blant annet ned i vekt.<\/p>\n<p>Forvandlingen har blitt lagt merke til b\u00e5de her hjemme i Norge og i utlandet.<\/p>\n<p>Riise imponerte p\u00e5 tredem\u00f8lle<\/p>\n<p>Etter deltakelsen i TV-programmet har Riise ogs\u00e5 virket \u00e5 ha f\u00e5tt en helt ny gl\u00f8d for trening og ekstreme \u00f8velser.<\/p>\n<p>I februar i \u00e5r l\u00f8p han over 170 kilometer i l\u00f8pet av 24 timer p\u00e5 en tredem\u00f8lle.<\/p>\n<p>Det var i forbindelse med en pengeinnsamling for Mental Helse, at Riise l\u00f8p p\u00e5 et treningssenter i Moss.<\/p>\n<p><b>\u2013 Det er det t\u00f8ffeste og r\u00e5este jeg har v\u00e6rt med p\u00e5 fysisk og psykisk, sa Riise om den opplevelsen.<\/b><\/p>\n<p>  <a href=\"https:\/\/www.tb.no\/5-76-2702074\" class=\"related-teaser default-story-teaser article--c-eRUmMG article--c-eRUmMG-jKCPdD-design-default article--c-eRUmMG-kpKLOW-cv\" rel=\"nofollow noopener\" target=\"_blank\"><\/p>\n<p>\n            Les ogs\u00e5<\/p>\n<p>              TikTok-kjendis p\u00e5grepet igjen: \u2013 Mobil beslaglagt\n        <\/p>\n<p>  <\/a><\/p>\n<p>  <a href=\"https:\/\/www.tb.no\/5-76-2699799\" class=\"related-teaser has-image default-story-teaser article--c-eRUmMG article--c-eRUmMG-jKCPdD-design-default\" rel=\"nofollow noopener\" target=\"_blank\"><\/p>\n<p>    <img decoding=\"async\" loading=\"lazy\"  src=\"https:\/\/www.europesays.com\/no\/wp-content\/uploads\/2025\/10\/IMG_2868.jpg\" alt=\"\" class=\"brick-c-cFOWSL\" style=\"\"\/><\/p>\n<p>\n            Les ogs\u00e5<\/p>\n<p>              Madeleine og Daniel ser at det uperfekte er blitt kult: \u2013 Salget har eksplodert\n        <\/p>\n<p>  <\/a><\/p>\n<p>  <a href=\"https:\/\/www.tb.no\/5-76-2701029\" class=\"related-teaser has-image default-story-teaser article--c-eRUmMG article--c-eRUmMG-jKCPdD-design-default\" rel=\"nofollow noopener\" target=\"_blank\"><\/p>\n<p>    <img decoding=\"async\" loading=\"lazy\"  src=\"https:\/\/www.europesays.com\/no\/wp-content\/uploads\/2025\/10\/IMG_7877.jpg\" alt=\"\" class=\"brick-c-cFOWSL\" style=\"\"\/><\/p>\n<p>\n            Les ogs\u00e5<\/p>\n<p>              Hadde h\u00e5pet p\u00e5 mer drahjelp fra Jens, men slik ble det ikke\n        <\/p>\n<p>  <\/a><\/p>\n","protected":false},"excerpt":{"rendered":"(Nettavisen): Det er p\u00e5 sine sosiale medie-kontoer at den tidligere Liverpool-stjernen n\u00e5 avsl\u00f8rer sitt nye prosjekt. P\u00e5 b\u00e5de&hellip;\n","protected":false},"author":2,"featured_media":61818,"comment_status":"","ping_status":"","sticky":false,"template":"","format":"standard","meta":{"footnotes":""},"categories":[59],"tags":[36,6237,479,30,28,29,83,82,1510],"class_list":{"0":"post-62187","1":"post","2":"type-post","3":"status-publish","4":"format-standard","5":"has-post-thumbnail","7":"category-sport","8":"tag-art","9":"tag-john-arne-riise","10":"tag-kjendis","11":"tag-no","12":"tag-norge","13":"tag-norway","14":"tag-sport","15":"tag-sports","16":"tag-story"},"share_on_mastodon":{"url":"","error":""},"_links":{"self":[{"href":"https:\/\/www.europesays.com\/no\/wp-json\/wp\/v2\/posts\/62187","targetHints":{"allow":["GET"]}}],"collection":[{"href":"https:\/\/www.europesays.com\/no\/wp-json\/wp\/v2\/posts"}],"about":[{"href":"https:\/\/www.europesays.com\/no\/wp-json\/wp\/v2\/types\/post"}],"author":[{"embeddable":true,"href":"https:\/\/www.europesays.com\/no\/wp-json\/wp\/v2\/users\/2"}],"replies":[{"embeddable":true,"href":"https:\/\/www.europesays.com\/no\/wp-json\/wp\/v2\/comments?post=62187"}],"version-history":[{"count":0,"href":"https:\/\/www.europesays.com\/no\/wp-json\/wp\/v2\/posts\/62187\/revisions"}],"wp:featuredmedia":[{"embeddable":true,"href":"https:\/\/www.europesays.com\/no\/wp-json\/wp\/v2\/media\/61818"}],"wp:attachment":[{"href":"https:\/\/www.europesays.com\/no\/wp-json\/wp\/v2\/media?parent=62187"}],"wp:term":[{"taxonomy":"category","embeddable":true,"href":"https:\/\/www.europesays.com\/no\/wp-json\/wp\/v2\/categories?post=62187"},{"taxonomy":"post_tag","embeddable":true,"href":"https:\/\/www.europesays.com\/no\/wp-json\/wp\/v2\/tags?post=62187"}],"curies":[{"name":"wp","href":"https:\/\/api.w.org\/{rel}","templated":true}]}}