{"id":62190,"date":"2025-10-16T16:06:27","date_gmt":"2025-10-16T16:06:27","guid":{"rendered":"https:\/\/www.europesays.com\/no\/62190\/"},"modified":"2025-10-16T16:06:27","modified_gmt":"2025-10-16T16:06:27","slug":"kiwi-billigst-i-vgs-matbors","status":"publish","type":"post","link":"https:\/\/www.europesays.com\/no\/62190\/","title":{"rendered":"Kiwi billigst i VGs matb\u00f8rs"},"content":{"rendered":"\n<p class=\"_paragraph_o9xde_4 _paragraph_xtcu6_10 layout-component text-serif-m layout-normal text-serif-m layout-padded\">Denne uken har VG v\u00e6rt p\u00e5 handletur igjen. I et h\u00e5p om kanskje \u00e5 overraske kjedene, og selvsagt sjekke butikktilbudet vest i landet, gikk turen n\u00e5 til herrliga Stavanger. <\/p>\n<p class=\"_paragraph_o9xde_4 _paragraph_xtcu6_10 layout-component text-serif-m layout-normal text-serif-m layout-padded\">Der har vi over to dager handlet hos Extra, Kiwi og Rema 1000.<\/p>\n<p class=\"_paragraph_o9xde_4 _paragraph_xtcu6_10 layout-component text-serif-m layout-normal text-serif-m layout-padded\">Og bare s\u00e5 du vett detbare s\u00e5 du vett detDu husker vel den kjente hiten fra Stavangerkameratene (2017) med denne tittelen? \u2013 her er sluttsummen for de dr\u00f8yt 100 varene vi kj\u00f8pte:<\/p>\n<p class=\"_paragraph_o9xde_4 _paragraph_xtcu6_10 layout-component text-serif-m layout-normal text-serif-m layout-padded\">Kiwi drar alts\u00e5 i land seieren med en handlekurv p\u00e5lydende 4215,64 kroner. <\/p>\n<p class=\"_paragraph_o9xde_4 _paragraph_xtcu6_10 layout-component text-serif-m layout-normal text-serif-m layout-padded\">Hakk i h\u00e6l har vi Extra, kun 20,15 kroner bak \u2013 eller bare 0,48 prosent dyrere. <\/p>\n<p class=\"_paragraph_o9xde_4 _paragraph_xtcu6_10 layout-component text-serif-m layout-normal text-serif-m layout-padded\">Rema 1000 kom sist denne gangen, med en totalsum p\u00e5 4323,81 kroner. Alts\u00e5 betalte vi 108,17 kroner mer der enn hos Kiwi.<\/p>\n<p class=\"_paragraph_o9xde_4 _paragraph_xtcu6_10 layout-component text-serif-m layout-normal text-serif-m layout-padded\"><strong class=\"_strong_o9xde_25\">Med 103 varer totalt er dette for \u00f8vrig den st\u00f8rste handlekurven i matb\u00f8rsens historie.<\/strong><\/p>\n<p>S\u00e5pe-smell<\/p>\n<p class=\"_paragraph_o9xde_4 _paragraph_xtcu6_10 layout-component text-serif-m layout-normal text-serif-m layout-padded\">Noen f\u00e5 enkeltvarer har skylden for mye av denne forskjellen:<\/p>\n<ul class=\"_list_o9xde_3 _list_xtcu6_9 _unordered_o9xde_106 layout-component text-serif-m layout-normal text-serif-m layout-padded\">\n<li class=\"_item_o9xde_30\">\u00abBilligste maskinoppvaskmiddel, 60 tabletter\u00bb er en av varene vi ser etter. Kiwi og Extra tilbyr 60 tabletter av egen merkevare. Billigste produkt hos Rema er den kjente merkevaren Sun. Riktignok har Rema ogs\u00e5 sin egen merkevare i hyllene, men denne pakken inneholder bare 40 tabletter og koster 1,25 kroner per tablett. Alternativet fra Sun gir en tablettpris p\u00e5 1,08 kroner.<\/li>\n<\/ul>\n<p><img alt=\"DYREST: Rema 1000 i midten.  Foto: \u00d8yvind Engan, VG\" class=\"_image_qp4xg_65 layout-component layout-normal\" data-fullscreen- data-track-element-type=\"Article image fullscreen\" data-track-name=\"ImageFullscreen\" decoding=\"async\" loading=\"lazy\" height=\"1970\" itemprop=\"image\"  src=\"https:\/\/www.europesays.com\/no\/wp-content\/uploads\/2025\/10\/00162373-f2b4-45ab-b7be-3f0c11578d29\"  style=\"object-position:0% 0%\" width=\"3967\"\/>DYREST: Rema 1000 i midten.  Foto: \u00d8yvind Engan, VG<\/p>\n<ul class=\"_list_o9xde_3 _list_xtcu6_9 _unordered_o9xde_106 layout-component text-serif-m layout-normal text-serif-m layout-padded\">\n<li class=\"_item_o9xde_30\">\u00abBilligste rekesalat\u00bb er en annen vare p\u00e5 handlelisten v\u00e5r. B\u00e5de Kiwi og Extra tilbyr en noks\u00e5 billig 400-gramsboks. Rema 1000 tar nesten samme pris for 180 gram. Da blir prisforskjellen betydelig n\u00e5r vi ganger opp til samme pakningsst\u00f8rrelse.<\/li>\n<\/ul>\n<p><img alt=\"DYREST: Rema 1000 nederst.  Foto: \u00d8yvind Engan, VG\" class=\"_image_qp4xg_65 layout-component layout-normal\" data-fullscreen- data-track-element-type=\"Article image fullscreen\" data-track-name=\"ImageFullscreen\" decoding=\"async\" loading=\"lazy\" height=\"2252\" itemprop=\"image\"  src=\"https:\/\/www.europesays.com\/no\/wp-content\/uploads\/2025\/10\/35d74579-968f-447c-a391-beaac6c3ec27\"  style=\"object-position:0% 0%\" width=\"4000\"\/>DYREST: Rema 1000 nederst.  Foto: \u00d8yvind Engan, VGFlere bekker sm\u00e5<\/p>\n<p class=\"_paragraph_o9xde_4 _paragraph_xtcu6_10 layout-component text-serif-m layout-normal text-serif-m layout-padded\">Ettersom dagligvaremarkedet er s\u00e5pass stort \u2013 for alle trenger jo mat \u2013 beh\u00f8ver ikke de store dagligvarekjedene \u00e5 operere med de helt store marginene for \u00e5 tjene godt p\u00e5 butikken. <\/p>\n<p class=\"_paragraph_o9xde_4 _paragraph_xtcu6_10 layout-component text-serif-m layout-normal text-serif-m layout-padded\">Det er ogs\u00e5 mulig \u00e5 bli forvirret av forskjellige st\u00f8rrelser p\u00e5 varer som ved f\u00f8rste \u00f8yekast er n\u00e6rmest identiske:<\/p>\n<p class=\"_paragraph_o9xde_4 _paragraph_xtcu6_10 layout-component text-serif-m layout-normal text-serif-m layout-padded\"><strong class=\"_strong_o9xde_25\">Bratwurst:<\/strong> Vi endte opp med tre forskjellige pakker med tre bratwurstp\u00f8lser i hver. Men kj\u00f8ttvekta er forskjellig: 240, 250 og 270 gram. Er du ute etter mest p\u00f8lse for pengene, m\u00e5 du alltid huske \u00e5 se p\u00e5 kilosprisen. Det samme gjelder for \u00f8vrig for p\u00f8lsebr\u00f8d.<\/p>\n<p class=\"_paragraph_o9xde_4 _paragraph_xtcu6_10 layout-component text-serif-m layout-normal text-serif-m layout-padded\"><strong class=\"_strong_o9xde_25\">Syltet\u00f8y:<\/strong> To av klemmeflaskene vi kj\u00f8pte var p\u00e5 410 gram. Den siste inneholdt 425 gram jordb\u00e6rsyltet\u00f8y \u2013 og endte h\u00e5rfint opp som det rimeligste alternativet, med ett \u00f8res margin!<\/p>\n<p class=\"_paragraph_o9xde_4 _paragraph_xtcu6_10 layout-component text-serif-m layout-normal text-serif-m layout-padded\"><strong class=\"_strong_o9xde_25\">Timian:<\/strong> Krydder er alltid artig. Noen krydderier kommer i glass, andre i poser av forskjellig st\u00f8rrelse. Sv\u00e6rt ofte l\u00f8nner det seg \u00e5 kj\u00f8pe i st\u00f8rre kvanta, men sjekk alltid kiloprisen for \u00e5 v\u00e6re sikker. <\/p>\n<ul class=\"_gallery_1qa3s_23\" tabindex=\"0\">\n<li class=\"_item_1qa3s_37\" data-index=\"0\"><img decoding=\"async\" class=\"_image_foru8_23 _articleGallery_foru8_39\" data-fullscreen- width=\"4000\" height=\"2252\" itemprop=\"image\" loading=\"lazy\"  src=\"https:\/\/www.europesays.com\/no\/wp-content\/uploads\/2025\/10\/72c9efac-7018-49d0-8d54-146cd6704c64\"  style=\"object-position:50% 50%;aspect-ratio:var(--gallery-aspect-ratio, 16 \/ 9)\"\/>KLEMMER UT MEST: Omregnet til samme pakningsst\u00f8rrelse er flasken i midten billigst \u2013 s\u00e5 vidt. Foto: \u00d8yvind Engan, VG<\/li>\n<li class=\"_item_1qa3s_37\" data-index=\"1\"><img decoding=\"async\" class=\"_image_foru8_23 _articleGallery_foru8_39\" data-fullscreen- width=\"3762\" height=\"2252\" itemprop=\"image\" loading=\"lazy\"  src=\"https:\/\/www.europesays.com\/no\/wp-content\/uploads\/2025\/10\/c9c5cd2e-fa12-4562-9cfd-d32c946073e3\"  style=\"object-position:50% 50%;aspect-ratio:var(--gallery-aspect-ratio, 16 \/ 9)\"\/>P\u00d8LSER OG POLITIKK: Pakken til h\u00f8yre er bare nest billigst, men gir likevel mest p\u00f8lse per krone. Foto: \u00d8yvind Engan, VG<\/li>\n<\/ul>\n<p>KLEMMER UT MEST: Omregnet til samme pakningsst\u00f8rrelse er flasken i midten billigst \u2013 s\u00e5 vidt. Foto: \u00d8yvind Engan, VG<\/p>\n<p>Tvilstilfeller<\/p>\n<p class=\"_paragraph_o9xde_4 _paragraph_xtcu6_10 layout-component text-serif-m layout-normal text-serif-m layout-padded\">Man skulle tro det var den enkleste saken i verden \u00e5 kj\u00f8pe de samme varene i tre butikker og sammenligne sluttsummen etterp\u00e5. Men hver eneste gang st\u00f8ter vi p\u00e5 noen tvilstilfeller.<\/p>\n<p class=\"_paragraph_o9xde_4 _paragraph_xtcu6_10 layout-component text-serif-m layout-normal text-serif-m layout-padded\">Her er noen av vurderingene vi gjorde denne gangen:<\/p>\n<p class=\"_paragraph_o9xde_4 _paragraph_xtcu6_10 layout-component text-serif-m layout-normal text-serif-m layout-padded\"><strong class=\"_strong_o9xde_25\">\u00abGr\u00e4ddost, billigste, 400 g\u00bb<\/strong> sto p\u00e5 handlelisten v\u00e5r. Tines velkjente sylinderformede ost veier 380 gram, mens Coops egen merkevare veier 400 gram. L\u00f8sningen er \u00e5 regne om prisen p\u00e5 Tine-osten s\u00e5 vi sammenligner samme mengde.<\/p>\n<p class=\"_paragraph_o9xde_4 _paragraph_xtcu6_10 layout-component text-serif-m layout-normal text-serif-m layout-padded\">Men denne gangen overrasket Rema 1000 med \u00e5 ha en variant p\u00e5 en hel kilo \u2013 med vesentlig lavere kilopris. Skulle vi godkjenne den? Vi endte med nei. Den er s\u00e5 mye st\u00f8rre at mange sm\u00e5 husholdninger vil slite med \u00e5 spise den opp f\u00f8r kvaliteten taper seg. For langt unna det vi ettersp\u00f8r, alts\u00e5.<\/p>\n<p><img alt=\"J\u00c4TTEGR\u00c4DDOST: Et godt kj\u00f8p hvis du spiser veldig mye.  Foto: \u00d8yvind Engan, VG\" class=\"_image_qp4xg_65 layout-component layout-normal\" data-fullscreen- data-track-element-type=\"Article image fullscreen\" data-track-name=\"ImageFullscreen\" decoding=\"async\" loading=\"lazy\" height=\"2252\" itemprop=\"image\"  src=\"https:\/\/www.europesays.com\/no\/wp-content\/uploads\/2025\/10\/d8364d5c-b275-4813-a3c3-1d29918ae82c\"  style=\"object-position:0% 0%\" width=\"4000\"\/>J\u00c4TTEGR\u00c4DDOST: Et godt kj\u00f8p hvis du spiser veldig mye.  Foto: \u00d8yvind Engan, VG<\/p>\n<p class=\"_paragraph_o9xde_4 _paragraph_xtcu6_10 layout-component text-serif-m layout-normal text-serif-m layout-padded\"><strong class=\"_strong_o9xde_25\">\u00abPils, billigste, 0,5 liter\u00bb<\/strong> er en annen vare p\u00e5 handlelisten. Den billigste pilsen hos Kiwi var en pint, alts\u00e5 0,568 liter, med Tuborg. Igjen er ledetr\u00e5den v\u00e5r at vi skal tenke som en vanlig kunde: Hvis jeg ville ha den billigste pilsen, ville jeg kj\u00f8pt denne? Vi endte med ja. Men her sto det om bare 1,58 kroner per halvliter.<\/p>\n<p><img alt=\"GODKJENT: En dr\u00f8y halvliter med Tuborg er bitte litt billigere per halvliter enn en halvliter Seidel.  Foto: \u00d8yvind Engan, VG\" class=\"_image_qp4xg_65 layout-component layout-normal\" data-fullscreen- data-track-element-type=\"Article image fullscreen\" data-track-name=\"ImageFullscreen\" decoding=\"async\" loading=\"lazy\" height=\"2252\" itemprop=\"image\"  src=\"https:\/\/www.europesays.com\/no\/wp-content\/uploads\/2025\/10\/10833308-9bec-4b85-b2b9-e2aea4746f4d\"  style=\"object-position:0% 0%\" width=\"4000\"\/>GODKJENT: En dr\u00f8y halvliter med Tuborg er bitte litt billigere per halvliter enn en halvliter Seidel.  Foto: \u00d8yvind Engan, VG<\/p>\n<p class=\"_paragraph_o9xde_4 _paragraph_xtcu6_10 layout-component text-serif-m layout-normal text-serif-m layout-padded\">Selv et standardisert produkt som <strong class=\"_strong_o9xde_25\">Toro Bali kyllinggryte<\/strong> voldte oss litt hodebry. Her tilbyr nemlig Kiwi en \u00abextra large\u00bb-pakke til nesten samme pris som den vanlige. <\/p>\n<p class=\"_paragraph_o9xde_4 _paragraph_xtcu6_10 layout-component text-serif-m layout-normal text-serif-m layout-padded\">Et godt kj\u00f8p hvis du skal lage flere porsjoner, alts\u00e5. Men da trenger du ogs\u00e5 mer fl\u00f8te og kylling. S\u00e5 her holdt vi oss strengt til standardst\u00f8rrelsen p\u00e5 handlelisten.<\/p>\n<p><img alt=\"KAN L\u00d8NNE SEG: Posen til h\u00f8yre er smalest, men likevel st\u00f8rst.  Foto: \u00d8yvind Engan, VG\" class=\"_image_qp4xg_65 layout-component layout-normal\" data-fullscreen- data-track-element-type=\"Article image fullscreen\" data-track-name=\"ImageFullscreen\" decoding=\"async\" loading=\"lazy\" height=\"2252\" itemprop=\"image\"  src=\"https:\/\/www.europesays.com\/no\/wp-content\/uploads\/2025\/10\/8f357781-762a-47d5-a614-5114db7e9162\"  style=\"object-position:0% 0%\" width=\"4000\"\/>KAN L\u00d8NNE SEG: Posen til h\u00f8yre er smalest, men likevel st\u00f8rst.  Foto: \u00d8yvind Engan, VG<\/p>\n<p class=\"_paragraph_o9xde_4 _paragraph_xtcu6_10 layout-component text-serif-m layout-normal text-serif-m layout-padded\">Siste eksempel: <strong class=\"_strong_o9xde_25\">\u00abPepsi Max, 4 x 1,5 liter\u00bb<\/strong> er en gjenganger i matb\u00f8rsen. Denne gangen hadde b\u00e5de Kiwi og Rema tilbud p\u00e5 6-pakning som var vesentlig rimeligere per flaske enn 4-pakningen vi etterspurte.<\/p>\n<p class=\"_paragraph_o9xde_4 _paragraph_xtcu6_10 layout-component text-serif-m layout-normal text-serif-m layout-padded\">Den endte vi med \u00e5 si nei til. Det er lett \u00e5 tenke seg minst to argumenter mot: 6-pakningen begynner \u00e5 bli ganske tung \u00e5 b\u00e6re. Og kanskje \u00f8nsker man ikke \u00e5 ha brus st\u00e5ende som en fristelse i lang tid.<\/p>\n<p class=\"_paragraph_o9xde_4 _paragraph_xtcu6_10 layout-component text-serif-m layout-normal text-serif-m layout-padded\">Her ville Kiwi og Rema 1000 ha kommet nesten 30 kroner bedre ut om ikke vi hadde holdt oss strengt til handlelisten. <\/p>\n<p><img alt=\"MAX ST\u00d8RRELSE: Veldig mye brus.  Foto: \u00d8yvind Engan, VG\" class=\"_image_qp4xg_65 layout-component layout-normal\" data-fullscreen- data-track-element-type=\"Article image fullscreen\" data-track-name=\"ImageFullscreen\" decoding=\"async\" loading=\"lazy\" height=\"1548\" itemprop=\"image\"  src=\"https:\/\/www.europesays.com\/no\/wp-content\/uploads\/2025\/10\/22756f8e-6595-41f0-81be-a84c13aae303\"  style=\"object-position:0% 0%\" width=\"2815\"\/>MAX ST\u00d8RRELSE: Veldig mye brus.  Foto: \u00d8yvind Engan, VGF\u00e5rik\u00e5l-felle<\/p>\n<p class=\"_paragraph_o9xde_4 _paragraph_xtcu6_10 layout-component text-serif-m layout-normal text-serif-m layout-padded\">I Rogaland i oktober m\u00e5tte vi selvf\u00f8lgelig handle inn ingredienser til en <a href=\"https:\/\/www.godt.no\/oppskrifter\/gryte\/kjoettgryte\/8203\/lise-finckenhagens-klassiske-faarikaal\" class=\"_link_o9xde_39\" rel=\"nofollow noopener\" target=\"_blank\">klassisk f\u00e5rik\u00e5lmiddag<\/a>. Her var Kiwi klart billigst p\u00e5 kj\u00f8ttet, litt dyrere p\u00e5 k\u00e5len og litt billigere p\u00e5 potetene.<\/p>\n<p class=\"_paragraph_o9xde_4 _paragraph_xtcu6_10 layout-component text-serif-m layout-normal text-serif-m layout-padded\">Den siste ingrediensen, hel sort pepper, mistenker vi kan ha g\u00e5tt under radaren for kjedene selv. Prislappen sa 16,70 kroner b\u00e5de hos Kiwi og Extra, men posen hos Kiwi var vesentlig mindre \u2013 70 mot 100 gram. Aller dyrest pepper hadde Rema 1000, mer enn dobbelt s\u00e5 dyrt som hos Extra.<\/p>\n<p><img alt=\"NAM! F\u00e5rik\u00e5l.  Foto: Trond Solberg, VG\" class=\"_image_qp4xg_65 layout-component layout-normal\" data-fullscreen- data-track-element-type=\"Article image fullscreen\" data-track-name=\"ImageFullscreen\" decoding=\"async\" loading=\"lazy\" height=\"3456\" itemprop=\"image\"  src=\"https:\/\/www.europesays.com\/no\/wp-content\/uploads\/2025\/10\/b49462d6-ecf7-4d91-a4df-3e69f81b84eb\"  style=\"object-position:0% 0%\" width=\"5184\"\/>NAM! F\u00e5rik\u00e5l.  Foto: Trond Solberg, VG<\/p>\n<p class=\"_paragraph_o9xde_4 _paragraph_xtcu6_10 layout-component text-serif-m layout-normal text-serif-m layout-padded\">Etter en god f\u00e5rik\u00e5lmiddag trenger man som regel en kj\u00f8kkenklut, og det var ogs\u00e5 dyrest hos Rema 1000: 19,90 kroner mot cirka 8 per klut hos de to andre. Rema-kluten hadde riktignok et hendig skrubbehj\u00f8rne som de andre ikke hadde, men her etterspurte vi bare billigste kj\u00f8kkenklut av mikrofiber.<\/p>\n<p>Dyrt \u00e5 spise sunt<\/p>\n<p class=\"_paragraph_o9xde_4 _paragraph_xtcu6_10 layout-component text-serif-m layout-normal text-serif-m layout-padded\">38 av varene i dagens handlekurv fantes ogs\u00e5 i VGs p\u00e5skematb\u00f8rs i april.<\/p>\n<p class=\"_paragraph_o9xde_4 _paragraph_xtcu6_10 layout-component text-serif-m layout-normal text-serif-m layout-padded\"><strong class=\"_strong_o9xde_25\">Hos b\u00f8rsvinner Kiwi har prisen p\u00e5 disse varene \u00f8kt med nesten 19 prosent det siste halve \u00e5ret!<\/strong><\/p>\n<p class=\"_paragraph_o9xde_4 _paragraph_xtcu6_10 layout-component text-serif-m layout-normal text-serif-m layout-padded\">P\u00e5 listen over varer som har \u00f8kt mest i pris siden forrige matb\u00f8rs, finner vi landbruksvarer som frukt, gr\u00f8nt og meieriprodukter.<\/p>\n<p>Mest opp i pris<\/p>\n<p class=\"_paragraph_o9xde_4 _paragraph_xtcu6_10 _paragraph_16v91_10 layout-component text-serif-m layout-normal text-sans-m layout-padded\">Varer som har \u00f8kt mest i pris siden VGs matb\u00f8rs i april: <\/p>\n<ul class=\"_list_o9xde_3 _list_xtcu6_9 _list_16v91_9 _unordered_o9xde_106 layout-component text-serif-m layout-normal text-sans-m layout-padded\">\n<li class=\"_item_o9xde_30\">Gulr\u00f8tter: + 16,90 kr (130 %)<\/li>\n<li class=\"_item_o9xde_30\">Blomk\u00e5l: + 15,00 kr (101 %)<\/li>\n<li class=\"_item_o9xde_30\">Brokkoli: + 15,00 kr (101 %)<\/li>\n<li class=\"_item_o9xde_30\">Bananer: + 10,10 kr (73 %)<\/li>\n<li class=\"_item_o9xde_30\">Epler: + 10,10 kr (73 %)<\/li>\n<li class=\"_item_o9xde_30\">Freia Melkesjokolade: + 25,00 kr (72 %)<\/li>\n<li class=\"_item_o9xde_30\">Gulost: + 41,00 kr (53 %)<\/li>\n<li class=\"_item_o9xde_30\">Isbergsalat: + 12,00 kr (52 %)<\/li>\n<li class=\"_item_o9xde_30\">Kremfl\u00f8te: + 6,50 kr (36 %)<\/li>\n<li class=\"_item_o9xde_30\">Gilde Stjernebacon: + 7,00 kr (27 %)<\/li>\n<\/ul>\n<p class=\"_paragraph_o9xde_4 _paragraph_xtcu6_10 _paragraph_16v91_10 layout-component text-serif-m layout-normal text-sans-m layout-padded\">Prisene er fra Kiwi, som vant begge de to matb\u00f8rsene. Det betyr likevel ikke at Kiwi n\u00f8dvendigvis var billigst p\u00e5 alle disse varene.<\/p>\n<p>Vis mer<\/p>\n<p class=\"_paragraph_o9xde_4 _paragraph_xtcu6_10 layout-component text-serif-m layout-normal text-serif-m layout-padded\"><strong class=\"_strong_o9xde_25\">Her ser du hvordan gulr\u00f8tter har steget i pris det siste halve \u00e5ret: <\/strong><\/p>\n<p class=\"_paragraph_o9xde_4 _paragraph_xtcu6_10 layout-component text-serif-m layout-normal text-serif-m layout-padded\"><strong class=\"_strong_o9xde_25\">\u2013 Det er ingenting som tilsier at dette er et resultat av \u00f8kte priser til b\u00f8ndene, sier Anders Nordstad, sivil\u00f8konom, matblogger og tidligere generalsekret\u00e6r i Norsk Bonde- og Sm\u00e5brukarlag.<\/strong><\/p>\n<p><img decoding=\"async\" alt=\"Bilde av Anders Nordstad\" class=\"_image_ygndg_42\" height=\"27\" itemprop=\"image\" loading=\"lazy\"  src=\"https:\/\/www.europesays.com\/no\/wp-content\/uploads\/2025\/10\/93586b2f-432e-4182-9fac-fe584a233278\"  width=\"40\"\/><strong class=\"_name_ygndg_51 title-serif-xs\">Anders Nordstad<\/strong><\/p>\n<p class=\"_paragraph_o9xde_4 text-sans-m _description_ygndg_56\">Matblogger og sivil\u00f8konom<\/p>\n<p class=\"_paragraph_o9xde_4 _paragraph_xtcu6_10 layout-component text-serif-m layout-normal text-serif-m layout-padded\">Nordstad viser til at salgsprisene til b\u00f8ndene i hovedsak bare har fulgt den generelle prisstigningen i samfunnet.<\/p>\n<p class=\"_paragraph_o9xde_4 _paragraph_xtcu6_10 layout-component text-serif-m layout-normal text-serif-m layout-padded\">Han mener forklaringen snarere ligger et annet sted.<\/p>\n<p class=\"_paragraph_o9xde_4 _paragraph_xtcu6_10 layout-component text-serif-m layout-normal text-serif-m layout-padded\">\u2013 Handelens oppgave er \u00e5 finne ut av hva folk er villige til \u00e5 betale. De setter prisene opp n\u00e5r de kan, og tester hvor h\u00f8y betalingsviljen er.<\/p>\n<p class=\"_paragraph_o9xde_4 _paragraph_xtcu6_10 layout-component text-serif-m layout-normal text-serif-m layout-padded\">I en handlekurv p\u00e5 dr\u00f8yt 4000 kroner er forskjellen mellom vinneren og taperen av denne h\u00f8stens matb\u00f8rs p\u00e5 omtrent 100 kroner. <\/p>\n<p class=\"_paragraph_o9xde_4 _paragraph_xtcu6_10 layout-component text-serif-m layout-normal text-serif-m layout-padded\">\u2013 Det viser at akt\u00f8rene f\u00f8lger hverandre tett p\u00e5 pris, sier Nordstad.<\/p>\n<p>\u2013 For f\u00e5 akt\u00f8rer<\/p>\n<p class=\"_paragraph_o9xde_4 _paragraph_xtcu6_10 layout-component text-serif-m layout-normal text-serif-m layout-padded\">Nordstad viser til Konkurransetilsynets vurdering i den s\u00e5kalte prisjegersaken, hvor tilsynet slo fast at kjedenes systematiske overv\u00e5kning av hverandres priser kan svekke konkurransen.<\/p>\n<p class=\"_paragraph_o9xde_4 _paragraph_xtcu6_10 layout-component text-serif-m layout-normal text-serif-m layout-padded\">\u2013 Jeg er enig med Konkurransetilsynets vurdering. Hvis en akt\u00f8r setter ned prisen, vil de andre umiddelbart gj\u00f8re det samme. Dermed forsvinner mye av motivasjonen for \u00e5 kutte.<\/p>\n<p class=\"_paragraph_o9xde_4 _paragraph_xtcu6_10 layout-component text-serif-m layout-normal text-serif-m layout-padded\">\u2013 Samtidig har de sikkert erfart at de andre ogs\u00e5 f\u00f8lger etter n\u00e5r prisene \u00f8kes. Da blir risikoen mindre.<\/p>\n<p class=\"_paragraph_o9xde_4 _paragraph_xtcu6_10 layout-component text-serif-m layout-normal text-serif-m layout-padded\">Han mener det er for f\u00e5 akt\u00f8rer i markedet.<\/p>\n<p class=\"_paragraph_o9xde_4 _paragraph_xtcu6_10 layout-component text-serif-m layout-normal text-serif-m layout-padded\">\u2013 De st\u00f8rste kjedene st\u00e5r for 99 prosent av volumet. N\u00e5r de f\u00f8lger hverandre tett p\u00e5 pris, blir det lite rom for uavhengige akt\u00f8rer som kunne tenkt annerledes.<\/p>\n<p class=\"_paragraph_o9xde_4 _paragraph_xtcu6_10 layout-component text-serif-m layout-normal text-serif-m layout-padded\">\u2013 Det er for lite konkurranse om kj\u00f8pekraften. Jeg skal ikke beskylde dem for \u00e5 snakke sammen, men de opptrer overraskende likt hele tiden.<\/p>\n<p><img alt=\"DYREST: Matvarene som har \u00f8kt mest i pris siden sist.  Foto: Ida Lokland, VG\" class=\"_image_qp4xg_65 layout-component layout-normal\" data-fullscreen- data-track-element-type=\"Article image fullscreen\" data-track-name=\"ImageFullscreen\" decoding=\"async\" loading=\"lazy\" height=\"2474\" itemprop=\"image\"  src=\"https:\/\/www.europesays.com\/no\/wp-content\/uploads\/2025\/10\/61d9c7cb-0f56-4030-9eef-f84e93449c51\"  style=\"object-position:0% 0%\" width=\"3793\"\/>DYREST: Matvarene som har \u00f8kt mest i pris siden sist.  Foto: Ida Lokland, VG\u2013 F\u00f8lger n\u00f8ye p\u00e5 hverandre<\/p>\n<p class=\"_paragraph_o9xde_4 _paragraph_xtcu6_10 layout-component text-serif-m layout-normal text-serif-m layout-padded\">If\u00f8lge \u00d8ystein Foros, professor ved Norges Handelsh\u00f8yskole, er det ikke overraskende at dagligvarekjedene ligger s\u00e5 tett:<\/p>\n<p class=\"_paragraph_o9xde_4 _paragraph_xtcu6_10 layout-component text-serif-m layout-normal text-serif-m layout-padded\">\u2013 Det betyr at alt er som det pleier \u00e5 v\u00e6re. De f\u00f8lger n\u00f8ye med p\u00e5 hverandres priser. Det er h\u00f8st, og det er tid for VGs matb\u00f8rs, s\u00e5 her gjelder det ikke \u00e5 bli liggende over i pris. Dette er ogs\u00e5 grunnen til at s\u00e5 mange av varene er likt priset, utdyper professoren.<\/p>\n<p><img decoding=\"async\" alt=\"Bilde av \u00d8ystein Foros\" class=\"_image_ygndg_42\" height=\"40\" itemprop=\"image\" loading=\"lazy\"  src=\"https:\/\/www.europesays.com\/no\/wp-content\/uploads\/2025\/10\/790c4dc6-88b9-4b59-aeca-5d89f1ad510b\"  width=\"40\"\/><strong class=\"_name_ygndg_51 title-serif-xs\">\u00d8ystein Foros<\/strong><\/p>\n<p class=\"_paragraph_o9xde_4 text-sans-m _description_ygndg_56\">Professor ved Norges Handelsh\u00f8yskole<\/p>\n<p class=\"_paragraph_o9xde_4 _paragraph_xtcu6_10 layout-component text-serif-m layout-normal text-serif-m layout-padded\">If\u00f8lge Foros ligger kjedene fortsatt tett i pris, men \u00e5rets matb\u00f8rs viser noe f\u00e6rre identiske priser og et litt st\u00f8rre strekk i laget enn vanlig.<\/p>\n<p class=\"_paragraph_o9xde_4 _paragraph_xtcu6_10 layout-component text-serif-m layout-normal text-serif-m layout-padded\">Den store \u00f8kningen i matvareprisene fra p\u00e5ske og frem til dagens matb\u00f8rs \u2013 spesielt innen frukt og gr\u00f8nt-kategorien \u2013 kommer heller ikke som noen nyhet for Foros.<\/p>\n<p class=\"_paragraph_o9xde_4 _paragraph_xtcu6_10 layout-component text-serif-m layout-normal text-serif-m layout-padded\">\u2013 Dette speiler vel det bildet vi har sett, med betydelige pris\u00f8kninger. Det interessante i dette, er at det er s\u00e6rlig meieriprodukter i tillegg til frukt og gr\u00f8nt som har skutt i v\u00e6ret.<\/p>\n<p> Dette sier kjedene<\/p>\n<p class=\"_paragraph_o9xde_4 _paragraph_xtcu6_10 layout-component text-serif-m layout-normal text-serif-m layout-padded\">Kommunikasjonsdirekt\u00f8r Harald Kristiansen i Coop Norge er tydelige p\u00e5 at de ikke er forn\u00f8yde med \u00e5 v\u00e6re nest rimeligst.<\/p>\n<p><img decoding=\"async\" alt=\"Bilde av Harald Kristiansen\" class=\"_image_ygndg_42\" height=\"40\" itemprop=\"image\" loading=\"lazy\"  src=\"https:\/\/www.europesays.com\/no\/wp-content\/uploads\/2025\/10\/4d3c81e3-dcde-4803-8e00-347b6d65a73e\"  width=\"40\"\/><strong class=\"_name_ygndg_51 title-serif-xs\">Harald Kristiansen<\/strong><\/p>\n<p class=\"_paragraph_o9xde_4 text-sans-m _description_ygndg_56\">Kommunikasjonsdirekt\u00f8r i Coop Norge<\/p>\n<p class=\"_paragraph_o9xde_4 _paragraph_xtcu6_10 layout-component text-serif-m layout-normal text-serif-m layout-padded\">\u2013 Extra skal v\u00e6re billigste kjede, og prisene er allerede justert. Extra har kommet billigst ut i fem ulike prisunders\u00f8kelser hittil i \u00e5r, s\u00e5 alle kundene kan v\u00e6re trygge p\u00e5 at handleturen gj\u00f8res billigst hos Extra. V\u00e5re over to millioner Coop-medlemmer i f\u00e5r i tillegg minst \u00e9n prosent kj\u00f8peutbytte p\u00e5 alt de handler, og for dem er Extra den billigste kjeden ogs\u00e5 denne gangen, skriver Kristiansen til VG.<\/p>\n<p class=\"_paragraph_o9xde_4 _paragraph_xtcu6_10 layout-component text-serif-m layout-normal text-serif-m layout-padded\">Kategori- og innkj\u00f8psdirekt\u00f8r Line Aarnes i Rema 1000 kan ogs\u00e5 fortelle at de har tatt grep.<\/p>\n<p><img decoding=\"async\" alt=\"Bilde av Line Aarnes\" class=\"_image_ygndg_42\" height=\"40\" itemprop=\"image\" loading=\"lazy\"  src=\"https:\/\/www.europesays.com\/no\/wp-content\/uploads\/2025\/10\/2fbca1bf-57fc-47f0-bc4d-ead759ce5ce5\"  width=\"40\"\/><strong class=\"_name_ygndg_51 title-serif-xs\">Line Aarnes<\/strong><\/p>\n<p class=\"_paragraph_o9xde_4 text-sans-m _description_ygndg_56\">Kategori- og innkj\u00f8psdirekt\u00f8r i Rema 1000<\/p>\n<p class=\"_paragraph_o9xde_4 _paragraph_xtcu6_10 layout-component text-serif-m layout-normal text-serif-m layout-padded\">\u2013 Rema 1000 skal v\u00e6re billigst p\u00e5 dagligvarer i Norge, og det viser ogs\u00e5 de aller fleste pristestene de siste \u00e5rene, der vi har v\u00e6rt mestvinnende. Derfor er vi selvsagt ikke forn\u00f8yde med dette resultatet. Kundene skal likevel v\u00e6re trygge p\u00e5 at de f\u00e5r den billigste handlekurven hos oss, og vi har allerede justert prisene p\u00e5 alle sammenlignbare varer.<\/p>\n<p>Slik har vi innhentet prisene<\/p>\n<p class=\"_paragraph_o9xde_4 _paragraph_xtcu6_10 _paragraph_16v91_10 layout-component text-serif-m layout-normal text-sans-m layout-padded\">\u25cf Varene er handlet inn av VGs journalister i Stavanger den 13. og 14. oktober 2025.<\/p>\n<p class=\"_paragraph_o9xde_4 _paragraph_xtcu6_10 _paragraph_16v91_10 layout-component text-serif-m layout-normal text-sans-m layout-padded\">\u25cf Butikkene vi har prissjekket er Extra, Kiwi og Rema 1000. Nettbutikken Oda tilbyr ikke levering i Stavanger.<\/p>\n<p class=\"_paragraph_o9xde_4 _paragraph_xtcu6_10 _paragraph_16v91_10 layout-component text-serif-m layout-normal text-sans-m layout-padded\">\u25cf Prisene i VGs matb\u00f8rs er i hovedsak basert p\u00e5 kassakvittering, og forutsetter at det er registrert riktig pris.<\/p>\n<p class=\"_paragraph_o9xde_4 _paragraph_xtcu6_10 _paragraph_16v91_10 layout-component text-serif-m layout-normal text-sans-m layout-padded\">\u25cf Journalistene har opptr\u00e5dt anonymt, som vanlige kunder, og handelen er avsluttet p\u00e5 omtrent samme tidspunkt i alle butikkene. Handlelisten ble delt i to, s\u00e5 vi har kj\u00f8pt de samme varene p\u00e5 samme dag.<\/p>\n<p class=\"_paragraph_o9xde_4 _paragraph_xtcu6_10 _paragraph_16v91_10 layout-component text-serif-m layout-normal text-sans-m layout-padded\">\u25cf Vareutvalget best\u00e5r i denne testen av 103 varer. B\u00e5de merkevarer, kjedenes egne merkevarer og billigste vare er representert i utvalget. Mengde, st\u00f8rrelse og antall vi har etterspurt, fremg\u00e5r av <a href=\"https:\/\/www.vg.no\/spesial\/matborsen\/matborser\/127\/\" class=\"_link_o9xde_39\" rel=\"nofollow noopener\" target=\"_blank\">tabellen<\/a>.<\/p>\n<p class=\"_paragraph_o9xde_4 _paragraph_xtcu6_10 _paragraph_16v91_10 layout-component text-serif-m layout-normal text-sans-m layout-padded\">\u25cf N\u00e5r vi ettersp\u00f8r \u00abbilligste vare\u00bb, er kvalitet ikke hensyntatt.<\/p>\n<p class=\"_paragraph_o9xde_4 _paragraph_xtcu6_10 _paragraph_16v91_10 layout-component text-serif-m layout-normal text-sans-m layout-padded\">\u25cf Med \u00abbilligste vare\u00bb mener vi billigste tilgjengelige vare. I praksis betyr det at hvis den billigste er utsolgt, kj\u00f8per vi den nest billigste. <\/p>\n<p class=\"_paragraph_o9xde_4 _paragraph_xtcu6_10 _paragraph_16v91_10 layout-component text-serif-m layout-normal text-sans-m layout-padded\">\u25cf Utgangspunktet for prisene er vareutvalget i den enkelte butikk p\u00e5 kj\u00f8psdagen.<\/p>\n<p class=\"_paragraph_o9xde_4 _paragraph_xtcu6_10 _paragraph_16v91_10 layout-component text-serif-m layout-normal text-sans-m layout-padded\">\u25cf Prisene er hentet inn uten kjedenes medvirkning, og alle varene er kj\u00f8pt og betalt av VG.<\/p>\n<p class=\"_paragraph_o9xde_4 _paragraph_xtcu6_10 _paragraph_16v91_10 layout-component text-serif-m layout-normal text-sans-m layout-padded\">\u25cf Tilbudsvarer p\u00e5 kj\u00f8psdagen er tatt med. Det er ikke benyttet rabattordninger, medlemskap eller tilbud p\u00e5 grunn av dato.<\/p>\n<p class=\"_paragraph_o9xde_4 _paragraph_xtcu6_10 _paragraph_16v91_10 layout-component text-serif-m layout-normal text-sans-m layout-padded\">\u25cf N\u00e5r vi ettersp\u00f8r en vare av en viss mengde\/st\u00f8rrelse, har vi i noen tilfeller valgt tilsvarende produkter s\u00e5 n\u00e6r etterspurt mengde som mulig.<\/p>\n<p class=\"_paragraph_o9xde_4 _paragraph_xtcu6_10 _paragraph_16v91_10 layout-component text-serif-m layout-normal text-sans-m layout-padded\">\u25cf Der pakningsst\u00f8rrelsen avviker, er prisen omregnet til etterspurt vekt\/st\u00f8rrelse.<\/p>\n<p class=\"_paragraph_o9xde_4 _paragraph_xtcu6_10 _paragraph_16v91_10 layout-component text-serif-m layout-normal text-sans-m layout-padded\">\u25cf Kjedene har f\u00e5tt sjekke sine egne priser etter at VG har innhentet dem.<\/p>\n<p class=\"_paragraph_o9xde_4 _paragraph_xtcu6_10 _paragraph_16v91_10 layout-component text-serif-m layout-normal text-sans-m layout-padded\">\u25cf Vi tar forbehold om at prisene i VGs matb\u00f8rs kan v\u00e6re endret etter kj\u00f8psdato.<\/p>\n<p class=\"_paragraph_o9xde_4 _paragraph_xtcu6_10 _paragraph_16v91_10 layout-component text-serif-m layout-normal text-sans-m layout-padded\">\u25cf Matvarene ble gitt til Matsentralen i Sandnes etter at artikkelen var ferdig skrevet.<\/p>\n<p>Vis mer    <\/p>\n","protected":false},"excerpt":{"rendered":"Denne uken har VG v\u00e6rt p\u00e5 handletur igjen. I et h\u00e5p om kanskje \u00e5 overraske kjedene, og selvsagt&hellip;\n","protected":false},"author":2,"featured_media":62191,"comment_status":"","ping_status":"","sticky":false,"template":"","format":"standard","meta":{"footnotes":""},"categories":[5],"tags":[20,21,1790,24,25,15,19,22,23,17,18,1229,13,30,28,29,14,16,26,27],"class_list":{"0":"post-62190","1":"post","2":"type-post","3":"status-publish","4":"format-standard","5":"has-post-thumbnail","7":"category-overskrifter","8":"tag-breaking-news","9":"tag-breakingnews","10":"tag-butikker","11":"tag-featured-news","12":"tag-featurednews","13":"tag-headlines","14":"tag-hovedoppslag","15":"tag-latest-news","16":"tag-latestnews","17":"tag-main-news","18":"tag-mainnews","19":"tag-matpriser","20":"tag-news","21":"tag-no","22":"tag-norge","23":"tag-norway","24":"tag-nyheter","25":"tag-overskrifter","26":"tag-top-stories","27":"tag-topstories"},"share_on_mastodon":{"url":"","error":""},"_links":{"self":[{"href":"https:\/\/www.europesays.com\/no\/wp-json\/wp\/v2\/posts\/62190","targetHints":{"allow":["GET"]}}],"collection":[{"href":"https:\/\/www.europesays.com\/no\/wp-json\/wp\/v2\/posts"}],"about":[{"href":"https:\/\/www.europesays.com\/no\/wp-json\/wp\/v2\/types\/post"}],"author":[{"embeddable":true,"href":"https:\/\/www.europesays.com\/no\/wp-json\/wp\/v2\/users\/2"}],"replies":[{"embeddable":true,"href":"https:\/\/www.europesays.com\/no\/wp-json\/wp\/v2\/comments?post=62190"}],"version-history":[{"count":0,"href":"https:\/\/www.europesays.com\/no\/wp-json\/wp\/v2\/posts\/62190\/revisions"}],"wp:featuredmedia":[{"embeddable":true,"href":"https:\/\/www.europesays.com\/no\/wp-json\/wp\/v2\/media\/62191"}],"wp:attachment":[{"href":"https:\/\/www.europesays.com\/no\/wp-json\/wp\/v2\/media?parent=62190"}],"wp:term":[{"taxonomy":"category","embeddable":true,"href":"https:\/\/www.europesays.com\/no\/wp-json\/wp\/v2\/categories?post=62190"},{"taxonomy":"post_tag","embeddable":true,"href":"https:\/\/www.europesays.com\/no\/wp-json\/wp\/v2\/tags?post=62190"}],"curies":[{"name":"wp","href":"https:\/\/api.w.org\/{rel}","templated":true}]}}