{"id":62202,"date":"2025-10-16T16:21:11","date_gmt":"2025-10-16T16:21:11","guid":{"rendered":"https:\/\/www.europesays.com\/no\/62202\/"},"modified":"2025-10-16T16:21:11","modified_gmt":"2025-10-16T16:21:11","slug":"snakker-med-putin-na","status":"publish","type":"post","link":"https:\/\/www.europesays.com\/no\/62202\/","title":{"rendered":"\u2013 Snakker med Putin n\u00e5"},"content":{"rendered":"\n<p class=\"_lead_o9xde_2 _lead_xtcu6_50 layout-component text-serif-m layout-normal text-serif-l layout-component layout-wide layout-padded _wide_17hqh_1 layout-padded\">USAs president Donald Trump sier han er midt i en samtale med president Vladimir Putin, dagen f\u00f8r Ukrainas president Volodymyr Zelenskyj bes\u00f8ker Det hvite hus.<\/p>\n<p><img alt=\" Foto: Jae C. Hong \/ AP \/ NTB\" class=\"_image_qp4xg_65 layout-component layout-wide\" data-fullscreen- data-track-element-type=\"Article image fullscreen\" data-track-name=\"ImageFullscreen\" fetchpriority=\"high\" decoding=\"sync\" loading=\"eager\" height=\"1551\" itemprop=\"image\"  src=\"https:\/\/www.europesays.com\/no\/wp-content\/uploads\/2025\/10\/807ec404-08eb-4c14-b00a-b30837176f93\"  style=\"object-position:0% 0%\" width=\"2327\"\/> Foto: Jae C. Hong \/ AP \/ NTB<\/p>\n<ul aria-hidden=\"true\" class=\"_images_1y6fe_106\">\n<li><a class=\"_link_1y6fe_111\" href=\"https:\/\/www.vg.no\/forfatter\/ntb\" style=\"z-index:1\" title=\"NTB\" rel=\"nofollow noopener\" target=\"_blank\"><img alt=\"Bilde av NTB\" class=\"_image_1y6fe_88\" fetchpriority=\"low\" loading=\"lazy\" decoding=\"async\" itemprop=\"image\"  src=\"https:\/\/www.europesays.com\/no\/wp-content\/uploads\/2025\/10\/1760631671_32_c33980b0-5d07-4027-84a1-813f90a7c8d6\"  width=\"480\"\/><\/a><\/li>\n<\/ul>\n<p> Oppdatert torsdag 16. oktober kl. 17:33     <\/p>\n<p class=\"_paragraph_o9xde_4 _paragraph_xtcu6_10 layout-component text-serif-m layout-normal text-serif-m layout-padded\">\u2013 Jeg snakker med Putin n\u00e5. Samtalen p\u00e5g\u00e5r, det er en lang prat. Jeg vil melde om innholdet, det samme vil president Putin, n\u00e5r samtalen rundes av. Takk for din oppmerksomhet om denne saken, sier USAs president i et innlegg p\u00e5 Truth Social.<\/p>\n<p class=\"_paragraph_o9xde_4 _paragraph_xtcu6_10 layout-component text-serif-m layout-normal text-serif-m layout-padded\">Samtalen skjer dagen f\u00f8r m\u00f8tet der Zelenskyj h\u00e5per \u00e5 f\u00e5 tilgang til langtrekkende amerikanske krysserraketter.<\/p>\n<p class=\"_paragraph_o9xde_4 _paragraph_xtcu6_10 layout-component text-serif-m layout-normal text-serif-m layout-padded\">\u2013  Samtalen p\u00e5g\u00e5r, er lang, og jeg vil rapportere innholdet, i likhet med president Putin, n\u00e5r den er avsluttet, skriver han.<\/p>\n<p class=\"_paragraph_o9xde_4 _paragraph_xtcu6_10 layout-component text-serif-m layout-normal text-serif-m layout-padded\">Den ukrainske presidenten har argumentert for at de langtrekkende v\u00e5pnene vil \u00f8ke presset p\u00e5 Russland, noe som kan bidra til \u00e5 presse Putin til forhandlingsbordet.<\/p>\n<p class=\"_paragraph_o9xde_4 _paragraph_xtcu6_10 layout-component text-serif-m layout-normal text-serif-m layout-padded\">Trump antydet i forrige uke at han kunne gi Putin et ultimatum: Hvis ikke han godtok \u00e5 bli med p\u00e5 seri\u00f8se fredssamtaler, ville USA levere Tomahawk-raketter til Ukraina.<\/p>\n<p class=\"_paragraph_o9xde_4 _paragraph_xtcu6_10 layout-component text-serif-m layout-normal text-serif-m layout-padded\">Russland har flere ganger uttalt at Tomahawk-leveranser til Ukraina ville krysse \u00aben r\u00f8d linje\u00bb og ytterligere forverre forholdet til USA.<\/p>\n","protected":false},"excerpt":{"rendered":"USAs president Donald Trump sier han er midt i en samtale med president Vladimir Putin, dagen f\u00f8r Ukrainas&hellip;\n","protected":false},"author":2,"featured_media":62203,"comment_status":"","ping_status":"","sticky":false,"template":"","format":"standard","meta":{"footnotes":""},"categories":[12],"tags":[20,21,55,24,25,15,22,23,13,30,28,29,14,16,26,27,42,186,43,44,45],"class_list":{"0":"post-62202","1":"post","2":"type-post","3":"status-publish","4":"format-standard","5":"has-post-thumbnail","7":"category-verden","8":"tag-breaking-news","9":"tag-breakingnews","10":"tag-donald-trump","11":"tag-featured-news","12":"tag-featurednews","13":"tag-headlines","14":"tag-latest-news","15":"tag-latestnews","16":"tag-news","17":"tag-no","18":"tag-norge","19":"tag-norway","20":"tag-nyheter","21":"tag-overskrifter","22":"tag-top-stories","23":"tag-topstories","24":"tag-verden","25":"tag-vladimir-putin","26":"tag-world","27":"tag-world-news","28":"tag-worldnews"},"share_on_mastodon":{"url":"","error":""},"_links":{"self":[{"href":"https:\/\/www.europesays.com\/no\/wp-json\/wp\/v2\/posts\/62202","targetHints":{"allow":["GET"]}}],"collection":[{"href":"https:\/\/www.europesays.com\/no\/wp-json\/wp\/v2\/posts"}],"about":[{"href":"https:\/\/www.europesays.com\/no\/wp-json\/wp\/v2\/types\/post"}],"author":[{"embeddable":true,"href":"https:\/\/www.europesays.com\/no\/wp-json\/wp\/v2\/users\/2"}],"replies":[{"embeddable":true,"href":"https:\/\/www.europesays.com\/no\/wp-json\/wp\/v2\/comments?post=62202"}],"version-history":[{"count":0,"href":"https:\/\/www.europesays.com\/no\/wp-json\/wp\/v2\/posts\/62202\/revisions"}],"wp:featuredmedia":[{"embeddable":true,"href":"https:\/\/www.europesays.com\/no\/wp-json\/wp\/v2\/media\/62203"}],"wp:attachment":[{"href":"https:\/\/www.europesays.com\/no\/wp-json\/wp\/v2\/media?parent=62202"}],"wp:term":[{"taxonomy":"category","embeddable":true,"href":"https:\/\/www.europesays.com\/no\/wp-json\/wp\/v2\/categories?post=62202"},{"taxonomy":"post_tag","embeddable":true,"href":"https:\/\/www.europesays.com\/no\/wp-json\/wp\/v2\/tags?post=62202"}],"curies":[{"name":"wp","href":"https:\/\/api.w.org\/{rel}","templated":true}]}}