{"id":6238,"date":"2025-08-12T17:57:21","date_gmt":"2025-08-12T17:57:21","guid":{"rendered":"https:\/\/www.europesays.com\/no\/6238\/"},"modified":"2025-08-12T17:57:21","modified_gmt":"2025-08-12T17:57:21","slug":"gaza-israel-palestina-det-er-utrolig-synd-at-vi-fortsatt-ma-demonstrere","status":"publish","type":"post","link":"https:\/\/www.europesays.com\/no\/6238\/","title":{"rendered":"Gaza, Israel &#8211; Palestina | \u2013 Det er utrolig synd at vi fortsatt m\u00e5 demonstrere"},"content":{"rendered":"\n<p>Al-Sharif er en av over 230 journalister, reportere og fotografer som er blitt drept p\u00e5 Gaza siden 7. oktober 2023.<\/p>\n<p>MDGs f\u00f8rstekandidat i Hordaland og Gr\u00f8nn Ungdoms nestleder Fr\u00f8ya Sjurs\u00e6ther (19) var blant dem som m\u00f8tte opp p\u00e5 dagens markering.<\/p>\n<p>\u2013 Det er utrolig synd at vi fortsatt m\u00e5 demonstrere, forteller hun tydelig ber\u00f8rt til BA.<\/p>\n<p>   <img decoding=\"async\" width=\"4032\" height=\"3024\" fetchpriority=\"low\"  loading=\"lazy\"  src=\"https:\/\/www.europesays.com\/no\/wp-content\/uploads\/2025\/08\/IMG_2997.jpeg\" alt=\"\" class=\"brick-c-cFOWSL\" style=\"--brick-image-ratio: 4032 \/ 3024;\"\/><\/p>\n<p>    Navnet p\u00e5 alle de drepte journalistene, reporterne og fotografene p\u00e5 Gazastripen ble lest opp.<br \/>\n    Foto: Edvard Haugland\n  <\/p>\n<p>Al-Sharif var en av Al Jazeeras mest framtredende korrespondenter p\u00e5 Gazastripen, og var blitt et kjent ansikt utad for journalistene i krigen.<\/p>\n<p>IDF skal lenge ha hatt Al-Sharif p\u00e5 en drapsliste, og det israelske forsvaret bekreftet s\u00f8ndag kveld at journalisten var blitt drept i et m\u00e5lrettet angrep. De hevder han ledet en Hamas-celle, noe han og hans kollegaer flere ganger har nektet for, det skriver VG.<\/p>\n<p>\u2013 \u00abFullstendig uakseptabelt\u00bb<\/p>\n<p>Sjurs\u00e6ther mener det er mye Norge kan gj\u00f8re for palestinerne.<\/p>\n<p>\u2013 Vi kan trekke Oljefondet ut av Israel og boikotte Israel. Vi i MDG har ogs\u00e5 foresl\u00e5tt \u00e5 sende fredsbevarende styrker til Gaza, eller ta initiativ til at FN skal gj\u00f8re det.<\/p>\n<p>   <img decoding=\"async\" width=\"4032\" height=\"3024\" fetchpriority=\"low\"  loading=\"lazy\"  src=\"https:\/\/www.europesays.com\/no\/wp-content\/uploads\/2025\/08\/IMG_2994.jpeg\" alt=\"\" class=\"brick-c-cFOWSL\" style=\"--brick-image-ratio: 4032 \/ 3024;\"\/><\/p>\n<p>    Flere mennesker m\u00f8tte opp denne ettermiddagen i solidaritet med palestinerne og de drepte journalistene.<br \/>\n    Foto: Edvard Haugland\n  <\/p>\n<p>Hun forteller videre at b\u00e5de hun og MDG ogs\u00e5 \u00f8nsker \u00e5 ta imot flere skadde palestinere til medisinsk behandling i Norge. MDG-politikeren har deltatt p\u00e5 flere demonstrasjoner og markeringer siden 2023. Det har hun planer om \u00e5 fortsette med.<\/p>\n<p>\u2013 Israel har alt \u00e5 tjene p\u00e5 at den frie pressen ikke f\u00e5r skrive om det som skjer p\u00e5 Gazastripen, med folkemord, krigsforbrytelser og folkerettsbrudd, hevder Sjurs\u00e6ther.<\/p>\n<p>Utenriksminister Espen Barth Eide omtaler angrepet p\u00e5 Al Jazeera-journalister i Gaza for \u00aboppr\u00f8rende\u00bb og \u00abfullstendig uakseptabelt\u00bb.<\/p>\n<p>\u2013 Over 200 journalister og mediefolk er allerede drept i Gaza, noe som gj\u00f8r Gaza til det farligste stedet i verden \u00e5 v\u00e6re reporter, sier utenriksministeren i en uttalelse mandag morgen, if\u00f8lge VG.<\/p>\n<p>\u2013 De har gjort en spesielt viktig jobb i Gaza, hvor Israel nekter internasjonale journalister tilgang. Dette gj\u00f8r dem til hele verdens \u00f8yne. N\u00e5r journalister angripes med overlegg er det ikke bare angrep p\u00e5 dem direkte, men p\u00e5 selve ytringsfriheten, uttaler Eide.<\/p>\n","protected":false},"excerpt":{"rendered":"Al-Sharif er en av over 230 journalister, reportere og fotografer som er blitt drept p\u00e5 Gaza siden 7.&hellip;\n","protected":false},"author":2,"featured_media":6239,"comment_status":"","ping_status":"","sticky":false,"template":"","format":"standard","meta":{"footnotes":""},"categories":[12],"tags":[36,20,21,1417,24,25,53,432,15,1243,1416,22,23,13,30,28,29,14,16,26,27,42,43,44,45],"class_list":{"0":"post-6238","1":"post","2":"type-post","3":"status-publish","4":"format-standard","5":"has-post-thumbnail","7":"category-verden","8":"tag-art","9":"tag-breaking-news","10":"tag-breakingnews","11":"tag-demonstrasjon","12":"tag-featured-news","13":"tag-featurednews","14":"tag-gaza","15":"tag-gaza-markering","16":"tag-headlines","17":"tag-israel-palestina","18":"tag-journalister","19":"tag-latest-news","20":"tag-latestnews","21":"tag-news","22":"tag-no","23":"tag-norge","24":"tag-norway","25":"tag-nyheter","26":"tag-overskrifter","27":"tag-top-stories","28":"tag-topstories","29":"tag-verden","30":"tag-world","31":"tag-world-news","32":"tag-worldnews"},"share_on_mastodon":{"url":"","error":""},"_links":{"self":[{"href":"https:\/\/www.europesays.com\/no\/wp-json\/wp\/v2\/posts\/6238","targetHints":{"allow":["GET"]}}],"collection":[{"href":"https:\/\/www.europesays.com\/no\/wp-json\/wp\/v2\/posts"}],"about":[{"href":"https:\/\/www.europesays.com\/no\/wp-json\/wp\/v2\/types\/post"}],"author":[{"embeddable":true,"href":"https:\/\/www.europesays.com\/no\/wp-json\/wp\/v2\/users\/2"}],"replies":[{"embeddable":true,"href":"https:\/\/www.europesays.com\/no\/wp-json\/wp\/v2\/comments?post=6238"}],"version-history":[{"count":0,"href":"https:\/\/www.europesays.com\/no\/wp-json\/wp\/v2\/posts\/6238\/revisions"}],"wp:featuredmedia":[{"embeddable":true,"href":"https:\/\/www.europesays.com\/no\/wp-json\/wp\/v2\/media\/6239"}],"wp:attachment":[{"href":"https:\/\/www.europesays.com\/no\/wp-json\/wp\/v2\/media?parent=6238"}],"wp:term":[{"taxonomy":"category","embeddable":true,"href":"https:\/\/www.europesays.com\/no\/wp-json\/wp\/v2\/categories?post=6238"},{"taxonomy":"post_tag","embeddable":true,"href":"https:\/\/www.europesays.com\/no\/wp-json\/wp\/v2\/tags?post=6238"}],"curies":[{"name":"wp","href":"https:\/\/api.w.org\/{rel}","templated":true}]}}