{"id":62404,"date":"2025-10-16T20:18:08","date_gmt":"2025-10-16T20:18:08","guid":{"rendered":"https:\/\/www.europesays.com\/no\/62404\/"},"modified":"2025-10-16T20:18:08","modified_gmt":"2025-10-16T20:18:08","slug":"refleks-trygg-trafikk-lys-opp-i-morket-dette-ma-du-huske-pa-na","status":"publish","type":"post","link":"https:\/\/www.europesays.com\/no\/62404\/","title":{"rendered":"Refleks, Trygg Trafikk | Lys opp i m\u00f8rket \u2013 dette M\u00c5 du huske p\u00e5 n\u00e5"},"content":{"rendered":"\n<p>Dagene har blitt over 8 timer kortere siden sommersolverv og det betyr m\u00f8rke morgener \u2013 og kvelder. P\u00e5 refleksdagen som hvert \u00e5r er p\u00e5 den tredje torsdagen i oktober, minner fylkeskommunen og Trygg Trafikk om viktigheten av \u00e5 bli sett i trafikken.<\/p>\n<p>For \u00e5 markere dagen delte de, og representanter for Sykehuset i Vestfold, ut 900 refleksb\u00e5nd til bes\u00f8kende og ansatte ved SiV.<\/p>\n<p><b>\u2013 Det er mange om er flinke til \u00e5 bruke refleks, men jammen ser vi mange som ikke er s\u00e5 flinke ogs\u00e5, sier Unni Knutli fra Trygg Trafikk i en pressemelding.<\/b><\/p>\n<p>Hun sier det ofte er barna som er flinke til \u00e5 bruke refleks, og oppfordrer voksne til \u00e5 l\u00e6re av dem.<\/p>\n<p>\u2013 N\u00e5r vi h\u00f8rer folk fortelle at de har refleks p\u00e5 hunden, men ikke seg selv, s\u00e5 blir vi jo litt forundra.<\/p>\n<p>I videoen under kan du se hvor stor forskjell det er n\u00e5r man bruker refleks eller ikke.<\/p>\n<p>    Vil du se neste video?<\/p>\n<p>    <a href=\"https:\/\/www.tb.no\/sjamanen-pa-sem-mange-er-skeptiske\/v\/5-76-2698085\" class=\"recommend-poster\" data-adp-clicklabel=\"video-recommend\" data-adp-clickvalue=\"poster\" rel=\"nofollow noopener\" target=\"_blank\"><\/p>\n<p>Sjamanen p\u00e5 Sem: \u2013 Mange er skeptiske0:54<\/p>\n<p>    <\/a><\/p>\n<p>Ogs\u00e5 politet delte ut reflekser under en trafikkontroll i dag. Mer om det kan du lese her:<\/p>\n<p>  <a href=\"https:\/\/www.tb.no\/5-76-2702593\" class=\"related-teaser default-story-teaser article--c-eRUmMG article--c-eRUmMG-jKCPdD-design-default article--c-eRUmMG-kpKLOW-cv\" rel=\"nofollow noopener\" target=\"_blank\"><\/p>\n<p>\n            Les ogs\u00e5<\/p>\n<p>              71 bilister sjekket for rus\n        <\/p>\n<p>  <\/a><\/p>\n","protected":false},"excerpt":{"rendered":"Dagene har blitt over 8 timer kortere siden sommersolverv og det betyr m\u00f8rke morgener \u2013 og kvelder. P\u00e5&hellip;\n","protected":false},"author":2,"featured_media":62405,"comment_status":"","ping_status":"","sticky":false,"template":"","format":"standard","meta":{"footnotes":""},"categories":[10],"tags":[36,20,21,24,25,15,22,23,13,30,28,29,14,16,9095,1510,1680,26,27,431,5373,3350],"class_list":{"0":"post-62404","1":"post","2":"type-post","3":"status-publish","4":"format-standard","5":"has-post-thumbnail","7":"category-norge","8":"tag-art","9":"tag-breaking-news","10":"tag-breakingnews","11":"tag-featured-news","12":"tag-featurednews","13":"tag-headlines","14":"tag-latest-news","15":"tag-latestnews","16":"tag-news","17":"tag-no","18":"tag-norge","19":"tag-norway","20":"tag-nyheter","21":"tag-overskrifter","22":"tag-refleks","23":"tag-story","24":"tag-sykehuset-i-vestfold","25":"tag-top-stories","26":"tag-topstories","27":"tag-tonsberg","28":"tag-trafikksikkerhet","29":"tag-trygg-trafikk"},"share_on_mastodon":{"url":"","error":""},"_links":{"self":[{"href":"https:\/\/www.europesays.com\/no\/wp-json\/wp\/v2\/posts\/62404","targetHints":{"allow":["GET"]}}],"collection":[{"href":"https:\/\/www.europesays.com\/no\/wp-json\/wp\/v2\/posts"}],"about":[{"href":"https:\/\/www.europesays.com\/no\/wp-json\/wp\/v2\/types\/post"}],"author":[{"embeddable":true,"href":"https:\/\/www.europesays.com\/no\/wp-json\/wp\/v2\/users\/2"}],"replies":[{"embeddable":true,"href":"https:\/\/www.europesays.com\/no\/wp-json\/wp\/v2\/comments?post=62404"}],"version-history":[{"count":0,"href":"https:\/\/www.europesays.com\/no\/wp-json\/wp\/v2\/posts\/62404\/revisions"}],"wp:featuredmedia":[{"embeddable":true,"href":"https:\/\/www.europesays.com\/no\/wp-json\/wp\/v2\/media\/62405"}],"wp:attachment":[{"href":"https:\/\/www.europesays.com\/no\/wp-json\/wp\/v2\/media?parent=62404"}],"wp:term":[{"taxonomy":"category","embeddable":true,"href":"https:\/\/www.europesays.com\/no\/wp-json\/wp\/v2\/categories?post=62404"},{"taxonomy":"post_tag","embeddable":true,"href":"https:\/\/www.europesays.com\/no\/wp-json\/wp\/v2\/tags?post=62404"}],"curies":[{"name":"wp","href":"https:\/\/api.w.org\/{rel}","templated":true}]}}