{"id":62416,"date":"2025-10-16T20:40:11","date_gmt":"2025-10-16T20:40:11","guid":{"rendered":"https:\/\/www.europesays.com\/no\/62416\/"},"modified":"2025-10-16T20:40:11","modified_gmt":"2025-10-16T20:40:11","slug":"russ-pa-porsgrunn-videregaende-skole-reagerer-pa-nytt-forbud","status":"publish","type":"post","link":"https:\/\/www.europesays.com\/no\/62416\/","title":{"rendered":"Russ p\u00e5 Porsgrunn videreg\u00e5ende skole reagerer p\u00e5 nytt forbud"},"content":{"rendered":"\n<ul class=\"_list_o9xde_3 _list_64s2r_85 _unordered_o9xde_106 text-sans-m\">\n<li class=\"_item_o9xde_30\">Russestyret ved Porsgrunn videreg\u00e5ende skole er frustrerte over forbud mot russekl\u00e6r med gruppenavn.<\/li>\n<li class=\"_item_o9xde_30\">Forbudet er innf\u00f8rt for \u00e5 bekjempe utenforskap, if\u00f8lge Telemark fylkeskommune.<\/li>\n<li class=\"_item_o9xde_30\">Russen mener beslutningen kom uten tilstrekkelig med kommunikasjon<\/li>\n<li class=\"_item_o9xde_30\">Elevene i russestyret f\u00f8ler at et forbud ikke vil l\u00f8se selve problemet med utenforskap<\/li>\n<\/ul>\n<p>Vis mer <\/p>\n<p class=\"_paragraph_o9xde_4 _paragraph_xtcu6_10 layout-component text-serif-m layout-normal text-serif-m layout-padded\">\u00abJeg er glad for at det ikke skjer her\u00bb.<\/p>\n<p class=\"_paragraph_o9xde_4 _paragraph_xtcu6_10 layout-component text-serif-m layout-normal text-serif-m layout-padded\">Det har elevene fra Porsgrunn videreg\u00e5ende skole tenkt siden russekl\u00e6r ble forbudt p\u00e5 andre skoler, <a href=\"https:\/\/www.vg.no\/nyheter\/i\/kwLgLL\/kunnskapsdepartementet-beholder-forbudet-mot-russegensere\" data-track-element-type=\"Link\" data-track-id=\"link:kwLgLL\" class=\"_link_o9xde_39\" rel=\"nofollow noopener\" target=\"_blank\">blant annet i Innlandet fylke<\/a>.<\/p>\n<p class=\"_paragraph_o9xde_4 _paragraph_xtcu6_10 layout-component text-serif-m layout-normal text-serif-m layout-padded\"><strong class=\"_strong_o9xde_25\">Men rett f\u00f8r h\u00f8stferien fikk de beskjeden:<\/strong><\/p>\n<p class=\"_paragraph_o9xde_4 _paragraph_xtcu6_10 layout-component text-serif-m layout-normal text-serif-m layout-padded\"><strong class=\"_strong_o9xde_25\">Forbudet mot russekl\u00e6r med gruppenavn gjelder ogs\u00e5 deres skole.<\/strong><\/p>\n<p class=\"_paragraph_o9xde_4 _paragraph_xtcu6_10 layout-component text-serif-m layout-normal text-serif-m layout-padded\">\u2013 Dette har v\u00e6rt et tema hele uken. Alle snakker om det, sier russepresidentrussepresidentEn elev fra tredjeklasse som er valgt til \u00e5 representere og lede russen p\u00e5 sin videreg\u00e5ende skole. Ada Pedersen (18).<\/p>\n<p class=\"_paragraph_o9xde_4 _paragraph_xtcu6_10 layout-component text-serif-m layout-normal text-serif-m layout-padded\">Det er total enighet i russestyret: Forbudet er skikkelig kjipt.<\/p>\n<p class=\"_paragraph_o9xde_4 _paragraph_xtcu6_10 layout-component text-serif-m layout-normal text-serif-m layout-padded\">\u2013 Hva skal vi gj\u00f8re i russetiden n\u00e5? Russegenseren passer jo til russedressen.<\/p>\n<p class=\"_paragraph_o9xde_4 _paragraph_xtcu6_10 layout-component text-serif-m layout-normal text-serif-m layout-padded\">VisepresidentVisepresidentEn elev som er nestleder i russestyret. i russestyret, Magnus Kildebo (18), mener at russekl\u00e6r har blitt overproblematisert, og at det ligger mye mer bak et gruppenavn enn man kanskje skulle tro.<\/p>\n<p class=\"_paragraph_o9xde_4 _paragraph_xtcu6_10 layout-component text-serif-m layout-normal text-serif-m layout-padded\">\u2013 Det er som et isfjell. Man ser kun toppen av det, sier atten\u00e5ringen.<\/p>\n<p><img alt=\"LITE TRO P\u00c5 FORBUDET: Visepresident Magnus Kildebo (18) og russepresident Ada Pedersen (18) synes det er bra at man \u00f8nsker \u00e5 redusere utenforskapet, men tror ikke at et forbud er l\u00f8sningen.  Foto: Maren Olava H\u00fctt \/ VG\" class=\"_image_qp4xg_65 layout-component layout-normal\" data-fullscreen- data-track-element-type=\"Article image fullscreen\" data-track-name=\"ImageFullscreen\" decoding=\"async\" loading=\"lazy\" height=\"5464\" itemprop=\"image\"  src=\"https:\/\/www.europesays.com\/no\/wp-content\/uploads\/2025\/10\/503be369-2d4b-45a1-a05f-fd83d68ecb12\"  style=\"object-position:0% 0%\" width=\"8192\"\/>LITE TRO P\u00c5 FORBUDET: Visepresident Magnus Kildebo (18) og russepresident Ada Pedersen (18) synes det er bra at man \u00f8nsker \u00e5 redusere utenforskapet, men tror ikke at et forbud er l\u00f8sningen.  Foto: Maren Olava H\u00fctt \/ VG<\/p>\n<p class=\"_paragraph_o9xde_4 _paragraph_xtcu6_10 layout-component text-serif-m layout-normal text-serif-m layout-padded\">I tillegg mener Kildebo at det har oppst\u00e5tt en feil oppfatning om at absolutt alle \u00f8nsker \u00e5 delta i russetiden:<\/p>\n<p class=\"_paragraph_o9xde_4 _paragraph_xtcu6_10 layout-component text-serif-m layout-normal text-serif-m layout-padded\"><strong class=\"_strong_o9xde_25\">\u2013 Jeg syntes det er blitt et veldig stort fokus p\u00e5 at absolutt alle vil v\u00e6re med, men slik er det ikke alltid. Du har ogs\u00e5 de som ikke vil v\u00e6re russ eller ha noe med det \u00e5 gj\u00f8re. Men n\u00e5 blir det sett ned p\u00e5.<\/strong><\/p>\n<p class=\"_paragraph_o9xde_4 _paragraph_xtcu6_10 layout-component text-serif-m layout-normal text-serif-m layout-padded\">\u2013 Og det er jo ikke feil. Det er selvf\u00f8lgelig ikke noe man b\u00f8r f\u00f8le at man m\u00e5 v\u00e6re med p\u00e5 for \u00e5 kunne passe inn, fortsetter Pedersen.<\/p>\n<p class=\"_paragraph_o9xde_4 _paragraph_xtcu6_10 layout-component text-serif-m layout-normal text-serif-m layout-padded\">Elevene er alle enige om at forbudet sannsynligvis ikke vil l\u00f8se noe som helst \u2013 nettopp fordi det ikke tar problemet ved roten.<\/p>\n<p class=\"_paragraph_o9xde_4 _paragraph_xtcu6_10 layout-component text-serif-m layout-normal text-serif-m layout-padded\">De forteller at russegrupper allerede dannes p\u00e5 ungdomsskolen. \u00c5 forby russekl\u00e6r med gruppenavn p\u00e5 videreg\u00e5ende er derfor altfor sent, if\u00f8lge dem.<\/p>\n<p> Et \u00f8nske om mer samarbeid<\/p>\n<p class=\"_paragraph_o9xde_4 _paragraph_xtcu6_10 layout-component text-serif-m layout-normal text-serif-m layout-padded\">Gjengen fra Porsgrunn videreg\u00e5ende skole understreker at det er flere grunner for hvorfor de mener et slikt forbud ikke er gunstig.<\/p>\n<p>Elevene forklarer russekl\u00e6r og gruppenavn med egne ord:Tilh\u00f8righet og fellesskap<\/p>\n<ul class=\"_list_o9xde_3 _list_xtcu6_9 _list_16v91_9 _unordered_o9xde_106 layout-component text-serif-m layout-normal text-sans-m layout-padded\" itemprop=\"text\">\n<li class=\"_item_o9xde_30\">Det handler om hvem man er.<\/li>\n<li class=\"_item_o9xde_30\">Noe man jobber med i langt tid sammen med gode venner.<\/li>\n<li class=\"_item_o9xde_30\">N\u00e5r man har slippslippEn stor fest der gruppene avsl\u00f8rer hva de kaller seg og hvordan logoen ser ut. inviterer man veldig mange, selv de som ikke er del av en gruppe.<\/li>\n<\/ul>\n<p>Det er g\u00f8y<\/p>\n<ul class=\"_list_o9xde_3 _list_xtcu6_9 _list_16v91_9 _unordered_o9xde_106 layout-component text-serif-m layout-normal text-sans-m layout-padded\" itemprop=\"text\">\n<li class=\"_item_o9xde_30\">Man kan bygge opp forventninger i forkant av slippet, og folk blir nysgjerrig.<\/li>\n<li class=\"_item_o9xde_30\">Hele prosessen bak \u00e5 lage navn, logo og sanger.<\/li>\n<li class=\"_item_o9xde_30\">N\u00e5r man endelig slipper navnet, er det veldig stas.<\/li>\n<li class=\"_item_o9xde_30\">Man kan bruke mye kreativitet for \u00e5 sette sammen ulike navn og logoer.<\/li>\n<\/ul>\n<p>Tradisjon<\/p>\n<ul class=\"_list_o9xde_3 _list_xtcu6_9 _list_16v91_9 _unordered_o9xde_106 layout-component text-serif-m layout-normal text-sans-m layout-padded\" itemprop=\"text\">\n<li class=\"_item_o9xde_30\">Man har sett tidligere kull g\u00e5 rundt med russekl\u00e6r p\u00e5 skolen.<\/li>\n<li class=\"_item_o9xde_30\">Mange har sett eldre s\u00f8sken v\u00e6re russ med kl\u00e6r og gruppenavn.<\/li>\n<li class=\"_item_o9xde_30\">Noe man har gledet seg til i mange \u00e5r.<\/li>\n<li class=\"_item_o9xde_30\">Mange har planlagt og tenkt p\u00e5 det i flere \u00e5r.<\/li>\n<\/ul>\n<p class=\"_paragraph_o9xde_4 _paragraph_xtcu6_10 layout-component text-serif-m layout-normal text-serif-m layout-padded\">Mye av frustrasjonen deres bunner i det de anser som mangel p\u00e5 kommunikasjon og samarbeid.<\/p>\n<p class=\"_paragraph_o9xde_4 _paragraph_xtcu6_10 layout-component text-serif-m layout-normal text-serif-m layout-padded\">\u2013 Vi skulle \u00f8nske at det var mer kommunikasjon med oss, og at det ikke ble tatt s\u00e5 drastiske valg uten at vi visste det, sier Pedersen.<\/p>\n<p><img alt=\"DISKUTERER: Rektor kommer bort til russestyret. Da starter en diskusjon om forbudet.  Foto: Maren Olava H\u00fctt \/ VG\" class=\"_image_qp4xg_65 layout-component layout-normal\" data-fullscreen- data-track-element-type=\"Article image fullscreen\" data-track-name=\"ImageFullscreen\" decoding=\"async\" loading=\"lazy\" height=\"5464\" itemprop=\"image\"  src=\"https:\/\/www.europesays.com\/no\/wp-content\/uploads\/2025\/10\/811fb40d-084d-49a0-b7d7-2ae6b12d82ab\"  style=\"object-position:0% 0%\" width=\"8192\"\/>DISKUTERER: Rektor kommer bort til russestyret. Da starter en diskusjon om forbudet.  Foto: Maren Olava H\u00fctt \/ VG<\/p>\n<p class=\"_paragraph_o9xde_4 _paragraph_xtcu6_10 layout-component text-serif-m layout-normal text-serif-m layout-padded\">Hun og de andre i russestyret ble sjokkerte da de fikk med seg nyheten. Den spredte seg raskt via sosiale medier og i gruppechatter.<\/p>\n<p class=\"_paragraph_o9xde_4 _paragraph_xtcu6_10 layout-component text-serif-m layout-normal text-serif-m layout-padded\">\u2013 Ingen p\u00e5 skolen hadde snakket med oss om det. S\u00e5 dette kom ut av ingenting, helt uten forvarsel, skyter Linnea Farstad (17) inn.<\/p>\n<p class=\"_paragraph_o9xde_4 _paragraph_xtcu6_10 layout-component text-serif-m layout-normal text-serif-m layout-padded\">Farstad forteller at hun har f\u00e5tt med seg forbud som har rammet andre russ, men aldri hadde hun trodd at det samme skulle skje henne.<\/p>\n<p class=\"_paragraph_o9xde_4 _paragraph_xtcu6_10 layout-component text-serif-m layout-normal text-serif-m layout-padded\">If\u00f8lge forbudet kan elevene risikere \u00e5 bli nedsatt i orden dersom de bruker russegenser p\u00e5 skolen. Innenfor d\u00f8ren m\u00e5 genserne av.<\/p>\n<p class=\"_paragraph_o9xde_4 _paragraph_xtcu6_10 layout-component text-serif-m layout-normal text-serif-m layout-padded\">Linus Holtren (18) er bussjefbussjefen som russegruppen velger ut til \u00e5 ha ekstra ansvar for russebussen. p\u00e5 en av bussene i <a href=\"https:\/\/www.vg.no\/tag\/telemark?utm_source=vg-article&amp;utm_medium=auto-tagger&amp;utm_campaign=JbVweR\" class=\"_link_o9xde_39\" rel=\"nofollow noopener\" target=\"_blank\">Telemark<\/a>. Han mener mangelen p\u00e5 kommunikasjon og samarbeid har hatt store konsekvenser for dem:<\/p>\n<p class=\"_paragraph_o9xde_4 _paragraph_xtcu6_10 layout-component text-serif-m layout-normal text-serif-m layout-padded\"><strong class=\"_strong_o9xde_25\">\u2013 Russekl\u00e6rne er allerede kj\u00f8pt inn, og v\u00e5r buss har brukt litt over 100.000 kroner p\u00e5 det.<\/strong><\/p>\n<p><img alt=\"BRUKT MANGE TUSEN: Kl\u00e6rne som bussen til Holtren og Kildebo allerede har kj\u00f8pt, er i utgangspunktet kun ett av to innkj\u00f8p.  Foto: Maren Olava H\u00fctt \/ VG\" class=\"_image_qp4xg_65 layout-component layout-normal\" data-fullscreen- data-track-element-type=\"Article image fullscreen\" data-track-name=\"ImageFullscreen\" decoding=\"async\" loading=\"lazy\" height=\"3999\" itemprop=\"image\"  src=\"https:\/\/www.europesays.com\/no\/wp-content\/uploads\/2025\/10\/d4dd2afd-1ebd-4f06-bce5-50ffebea9217\"  style=\"object-position:0% 0%\" width=\"5332\"\/>BRUKT MANGE TUSEN: Kl\u00e6rne som bussen til Holtren og Kildebo allerede har kj\u00f8pt, er i utgangspunktet kun ett av to innkj\u00f8p.  Foto: Maren Olava H\u00fctt \/ VG<\/p>\n<p class=\"_paragraph_o9xde_4 _paragraph_xtcu6_10 layout-component text-serif-m layout-normal text-serif-m layout-padded\">Holtren mener at det burde v\u00e6rt p\u00e5 sin plass \u00e5 f\u00e5 kompensasjon for det som allerede er kj\u00f8pt, s\u00e6rlig fordi han opplever at det ikke har v\u00e6rt tilstrekkelig med dialog i forkant av forbudet.<\/p>\n<p class=\"_paragraph_o9xde_4 _paragraph_xtcu6_10 layout-component text-serif-m layout-normal text-serif-m layout-padded\">\u2013 Hva skal dere gj\u00f8re med kl\u00e6rne dere allerede har kj\u00f8pt?<\/p>\n<p class=\"_paragraph_o9xde_4 _paragraph_xtcu6_10 layout-component text-serif-m layout-normal text-serif-m layout-padded\"><strong class=\"_strong_o9xde_25\">\u2013 Nei, de m\u00e5 vel brennes da! Eller kanskje gi dem bort til noen utenfor fylket, svarer Kildebo med en humoristisk tone.<\/strong><\/p>\n<p> Vil motvirke utenforskap<\/p>\n<p class=\"_paragraph_o9xde_4 _paragraph_xtcu6_10 layout-component text-serif-m layout-normal text-serif-m layout-padded\">Etter at Telemark fylkeskommune meldte om forbudet, gikk russepresidentene fra fire av skolene i omr\u00e5det sammen og sendte en e-post.<\/p>\n<p class=\"_paragraph_o9xde_4 _paragraph_xtcu6_10 layout-component text-serif-m layout-normal text-serif-m layout-padded\">Stig Kolbj\u00f8rnsen, hovedutvalgsleder for utdanning i Telemark fylkeskommuneTelemark fylkeskommuneDen administrative enheten som styrer fylket Telemark i Norge, og som har ansvar for videreg\u00e5ende skoler i omr\u00e5det., bekrefter at de har f\u00e5tt henvendelser b\u00e5de fra russ og andre.<\/p>\n<p class=\"_paragraph_o9xde_4 _paragraph_xtcu6_10 layout-component text-serif-m layout-normal text-serif-m layout-padded\">\u2013 Noen er imot vedtaket om ekskluderende gruppeeffekter, og noen takker for at det tas tak i en problemstilling, skriver han i en e-post til VG.<\/p>\n<p><img decoding=\"async\" alt=\"Bilde av Stig Kolbj\u00f8rnsen\" class=\"_image_ygndg_42\" height=\"39\" itemprop=\"image\" loading=\"lazy\"  src=\"https:\/\/www.europesays.com\/no\/wp-content\/uploads\/2025\/10\/6d0fe042-4948-4d72-a147-540ad8148ffd\"  width=\"40\"\/><strong class=\"_name_ygndg_51 title-serif-xs\">Stig Kolbj\u00f8rnsen<\/strong><\/p>\n<p class=\"_paragraph_o9xde_4 text-sans-m _description_ygndg_56\">Hovedutvalgsleder for utdanning i Telemark fylkeskommune<\/p>\n<p class=\"_paragraph_o9xde_4 _paragraph_xtcu6_10 layout-component text-serif-m layout-normal text-serif-m layout-padded\">Hovedutvalgslederen understreker at alle henvendelser vil f\u00e5 svar som dekker russens sp\u00f8rsm\u00e5l.<\/p>\n<p class=\"_paragraph_o9xde_4 _paragraph_xtcu6_10 layout-component text-serif-m layout-normal text-serif-m layout-padded\">Kolbj\u00f8rnsen trekker frem en <a href=\"https:\/\/www.blakors.no\/nyheter\/inkludering-russetid\/\" class=\"_link_o9xde_39\" rel=\"nofollow noopener\" target=\"_blank\">unders\u00f8kelse<\/a> som vitner om h\u00f8ye utenforskapstall.<\/p>\n<p>Dette viser unders\u00f8kelsen<\/p>\n<ul class=\"_list_o9xde_3 _list_xtcu6_9 _list_16v91_9 _unordered_o9xde_106 layout-component text-serif-m layout-normal text-sans-m layout-padded\">\n<li class=\"_item_o9xde_30\">1 av 4 mellom 16 og 19 \u00e5r opplever, eller har opplevd, usikkerhet om hvordan de f\u00e5r bli med i russegruppe eller ei.<\/li>\n<li class=\"_item_o9xde_30\">16 % har opplevd \u00e5 bli st\u00e5ende utenfor i russefeiringen.<\/li>\n<li class=\"_item_o9xde_30\">1 av 4 ungdommer sier at de ikke vet hvordan de kan inkludere venner og\/eller klassekamerater som st\u00e5r utenfor.<\/li>\n<li class=\"_item_o9xde_30\">40 % av jentene svarer at de kjenner noen som har blitt holdt utenfor.<\/li>\n<li class=\"_item_o9xde_30\">24 % av guttene svarer at de kjenner noen som har blitt holdt utenfor.<\/li>\n<li class=\"_item_o9xde_30\">4 av 10 opplever et press p\u00e5 at man skal bruke mye penger p\u00e5 russekl\u00e6r og annet utstyr i forbindelse med russetiden.<\/li>\n<\/ul>\n<p class=\"_paragraph_o9xde_4 _paragraph_xtcu6_10 _paragraph_16v91_10 layout-component text-serif-m layout-normal text-sans-m layout-padded\">Unders\u00f8kelsen er gjennomf\u00f8rt av Ipsos.<\/p>\n<p>Vis mer<\/p>\n<p class=\"_paragraph_o9xde_4 _paragraph_xtcu6_10 layout-component text-serif-m layout-normal text-serif-m layout-padded\"><strong class=\"_strong_o9xde_25\">\u2013 Bruken av denne typen russekl\u00e6r blir en daglig p\u00e5minnelse om at de ikke er en del av fellesskapet.<\/strong><\/p>\n<p class=\"_paragraph_o9xde_4 _paragraph_xtcu6_10 layout-component text-serif-m layout-normal text-serif-m layout-padded\">I pressemeldingen der Telemark fylkeskommune f\u00f8rst meldte om forbudet st\u00e5r det f\u00f8lgende:<\/p>\n<p class=\"_paragraph_o9xde_4 _paragraph_xtcu6_10 layout-component text-serif-m layout-normal text-serif-m layout-padded\">\u00ab\u00c5 markere hvilken russegruppe du tilh\u00f8rer gjennom bruk av symboler og effekter, skal ikke lenger aksepteres i skoletiden. N\u00e5 vil det bli forbudt med for eksempel kl\u00e6r og klistremerker som viser navn p\u00e5 russegrupper.\u00bb<\/p>\n<p class=\"_paragraph_o9xde_4 _paragraph_xtcu6_10 layout-component text-serif-m layout-normal layout-padded\"><strong class=\"_strong_o9xde_25\">Les ogs\u00e5:<\/strong> <a href=\"https:\/\/www.vg.no\/i\/B0AWW7\" data-track-element-type=\"Link\" data-track-id=\"link:B0AWW7\" class=\"_link_o9xde_39\" rel=\"nofollow noopener\" target=\"_blank\">Telemark forbyr russekl\u00e6r med gruppenavn<\/a><\/p>\n<p class=\"_paragraph_o9xde_4 _paragraph_xtcu6_10 layout-component text-serif-m layout-normal text-serif-m layout-padded\">\u2013 Det \u00e5 v\u00e6re bekymret for om man blir inkludert eller ikke, er et stresselement for mange over lang tid, og kan i stor grad g\u00e5 ut over elevenes psykiske helse. Det m\u00e5 vi som skoleeiere ta p\u00e5 alvor, skriver Kolbj\u00f8rnsen.<\/p>\n<p class=\"_paragraph_o9xde_4 _paragraph_xtcu6_10 layout-component text-serif-m layout-normal text-serif-m layout-padded\">\u00c5 forby ekskluderende russeeffekter russeeffekterGjenstander som brukes av russen for \u00e5 markere tilh\u00f8righet til en russegruppe, som kl\u00e6r, klistremerker og andre symboler. i skoletiden, er ett av grepene.<\/p>\n<p class=\"_paragraph_o9xde_4 _paragraph_xtcu6_10 layout-component text-serif-m layout-normal text-serif-m layout-padded\">Dette skal etter planen hjelpe skolene med \u00e5 skape en mer inkluderende og helsefremmende russefeiring.<\/p>\n<p><img alt=\"UTYDELIGE REGLER: Elevene opplever at reglene for bruken av russekl\u00e6r ikke er tydelige nok, og fors\u00f8ker \u00e5 finne noen smutthull her og der.  Foto: Amalie Nordb\u00f8 Odiin \/ VG\" class=\"_image_qp4xg_65 layout-component layout-normal\" data-fullscreen- data-track-element-type=\"Article image fullscreen\" data-track-name=\"ImageFullscreen\" decoding=\"async\" loading=\"lazy\" height=\"5464\" itemprop=\"image\"  src=\"https:\/\/www.europesays.com\/no\/wp-content\/uploads\/2025\/10\/3a25dbd3-b67f-466a-8585-d0d29a3fc0d7\"  style=\"object-position:0% 0%\" width=\"8192\"\/>UTYDELIGE REGLER: Elevene opplever at reglene for bruken av russekl\u00e6r ikke er tydelige nok, og fors\u00f8ker \u00e5 finne noen smutthull her og der.  Foto: Amalie Nordb\u00f8 Odiin \/ VG<\/p>\n<p class=\"_paragraph_o9xde_4 _paragraph_xtcu6_10 layout-component text-serif-m layout-normal text-serif-m layout-padded\"><strong class=\"_strong_o9xde_25\">Likevel understreker Kolbj\u00f8rnsen at russekl\u00e6r er en del av russetradisjonen, og at det er noe de ikke \u00f8nsker \u00e5 r\u00f8re.<\/strong><\/p>\n<p class=\"_paragraph_o9xde_4 _paragraph_xtcu6_10 layout-component text-serif-m layout-normal text-serif-m layout-padded\">\u2013 Men vi vil ha en slutt p\u00e5 kl\u00e6r og effekter som signaliserer hvilken russegruppe du tilh\u00f8rer.<\/p>\n<p class=\"_paragraph_o9xde_4 _paragraph_xtcu6_10 layout-component text-serif-m layout-normal text-serif-m layout-padded\">Telemark fylkeskommune \u00f8nsker i all hovedsak at russefeiringen skal handle mindre om russegrupper, og mer om feiring sammen med klassen eller hele kullet.<\/p>\n<p> Ser begge sider av saken<\/p>\n<p class=\"_paragraph_o9xde_4 _paragraph_xtcu6_10 layout-component text-serif-m layout-normal text-serif-m layout-padded\">Til tross for negative reaksjoner, innr\u00f8mmer elevene fra Porsgrunn at de ser begge sider av saken.<\/p>\n<p class=\"_paragraph_o9xde_4 _paragraph_xtcu6_10 layout-component text-serif-m layout-normal text-serif-m layout-padded\">\u2013 S\u00e5 klart er det en kjempegod tanke! Det er veldig fint at man pr\u00f8ver \u00e5 fikse s\u00e5nn at folk ikke har det vondt p\u00e5 skolen, sier russepresident Pedersen.<\/p>\n<p class=\"_paragraph_o9xde_4 _paragraph_xtcu6_10 layout-component text-serif-m layout-normal text-serif-m layout-padded\"><strong class=\"_strong_o9xde_25\">\u2013 Dette er litt vanskelig \u00e5 snakke om. Man vil ikke at det skal g\u00e5 utover en selv, men samtidig klarer man \u00e5 se at det faktisk er et problem.<\/strong><\/p>\n<p class=\"_paragraph_o9xde_4 _paragraph_xtcu6_10 layout-component text-serif-m layout-normal text-serif-m layout-padded\">Det sier Farstad og forklarer at det sniker seg inn litt d\u00e5rlig samvittighet n\u00e5r hun argumenterer mot forbudet.<\/p>\n<p><img alt=\"BRUKER KL\u00c6RNE MEST P\u00c5 SKOLEN: Russestyret understreker at de i all hovedsak bruker russekl\u00e6r p\u00e5 skolen. Med det nye forbudet vil tiden i kl\u00e6rne dermed reduseres betydelig.  Foto: Maren Olava H\u00fctt \/ VG\" class=\"_image_qp4xg_65 layout-component layout-normal\" data-fullscreen- data-track-element-type=\"Article image fullscreen\" data-track-name=\"ImageFullscreen\" decoding=\"async\" loading=\"lazy\" height=\"5464\" itemprop=\"image\"  src=\"https:\/\/www.europesays.com\/no\/wp-content\/uploads\/2025\/10\/bc5b0b23-9db8-40fc-9b5e-d2bef00379fa\"  style=\"object-position:0% 0%\" width=\"8192\"\/>BRUKER KL\u00c6RNE MEST P\u00c5 SKOLEN: Russestyret understreker at de i all hovedsak bruker russekl\u00e6r p\u00e5 skolen. Med det nye forbudet vil tiden i kl\u00e6rne dermed reduseres betydelig.  Foto: Maren Olava H\u00fctt \/ VG<\/p>\n<p class=\"_paragraph_o9xde_4 _paragraph_xtcu6_10 layout-component text-serif-m layout-normal text-serif-m layout-padded\">Likevel har de ikke helt troen p\u00e5 at utf\u00f8relsen er like god som tanken bak.<\/p>\n<p class=\"_paragraph_o9xde_4 _paragraph_xtcu6_10 layout-component text-serif-m layout-normal text-serif-m layout-padded\">\u2013 Gjengene er der uansett om man har p\u00e5 seg en genser eller ikke, for det er jo de man faktisk er venner med, sier Linea Rams\u00e5s (18).<\/p>\n<p class=\"_paragraph_o9xde_4 _paragraph_xtcu6_10 layout-component text-serif-m layout-normal text-serif-m layout-padded\">Hun og resten av gjengen opplever at beslutningen om \u00e5 forby russekl\u00e6r p\u00e5 skolen er tatt basert p\u00e5 en noe overdrevet sannhet. <\/p>\n<p class=\"_paragraph_o9xde_4 _paragraph_xtcu6_10 layout-component text-serif-m layout-normal text-serif-m layout-padded\">De oppfatter at det ikke er et s\u00e5 stort skille mellom de som har p\u00e5 russekl\u00e6r og de som ikke har p\u00e5 russekl\u00e6r.<\/p>\n<p class=\"_paragraph_o9xde_4 _paragraph_xtcu6_10 layout-component text-serif-m layout-normal text-serif-m layout-padded\">Zuheb Musa (18) er den eneste i russestyret som ikke er p\u00e5 buss eller konseptkonseptEn gruppe som ogs\u00e5 ofte har slipp og kl\u00e6r med gruppenavn og logo, men som ikke har egen buss..<\/p>\n<p class=\"_paragraph_o9xde_4 _paragraph_xtcu6_10 layout-component text-serif-m layout-normal text-serif-m layout-padded\">Utenforskapet som ofte beskrives, kjenner han seg ikke igjen i:<\/p>\n<p class=\"_paragraph_o9xde_4 _paragraph_xtcu6_10 layout-component text-serif-m layout-normal text-serif-m layout-padded\">\u2013 Det er nok kjipt for noen, men jeg tenker at det finnes bedre tiltak enn et forbud.<\/p>\n<p><img alt=\"L\u00c5NER BORT KL\u00c6R: Zuheb Musa (18) sitter i genseren til Linus Holtren (18). \u00c5 l\u00e5ne bort gensere til hverandre er noe de ofte gj\u00f8r.  Foto: Maren Olava H\u00fctt \/ VG\" class=\"_image_qp4xg_65 layout-component layout-normal\" data-fullscreen- data-track-element-type=\"Article image fullscreen\" data-track-name=\"ImageFullscreen\" decoding=\"async\" loading=\"lazy\" height=\"3375\" itemprop=\"image\"  src=\"https:\/\/www.europesays.com\/no\/wp-content\/uploads\/2025\/10\/ae6687bf-df56-42c2-9c8b-56b91cb5ca03\"  style=\"object-position:0% 0%\" width=\"4725\"\/>L\u00c5NER BORT KL\u00c6R: Zuheb Musa (18) sitter i genseren til Linus Holtren (18). \u00c5 l\u00e5ne bort gensere til hverandre er noe de ofte gj\u00f8r.  Foto: Maren Olava H\u00fctt \/ VG<\/p>\n<p class=\"_paragraph_o9xde_4 _paragraph_xtcu6_10 layout-component text-serif-m layout-normal text-serif-m layout-padded\">B\u00e5de han og de andre elevene ramser opp en rekke grep de har mer troen p\u00e5. Blant dem er temadager, felles fester i lokaler, russerevy og avgangsball.<\/p>\n<p class=\"_paragraph_o9xde_4 _paragraph_xtcu6_10 layout-component text-serif-m layout-normal text-serif-m layout-padded\">De tror ogs\u00e5 det er en bedre id\u00e9 \u00e5 ha en felles russegenser for hele trinnet, enn at ingen f\u00e5r ha russegenser.<\/p>\n<p class=\"_paragraph_o9xde_4 _paragraph_xtcu6_10 layout-component text-serif-m layout-normal text-serif-m layout-padded\">Kildebo skyter inn fra siden at det ikke har noe \u00e5 si at Musa ikke er med p\u00e5 en gruppe. Han f\u00e5r selvf\u00f8lgelig alltid l\u00e5ne kl\u00e6r av dem.<\/p>\n<p class=\"_paragraph_o9xde_4 _paragraph_xtcu6_10 layout-component text-serif-m layout-normal text-serif-m layout-padded\">\u2013 Vi er jo fortsatt venn med han selv om han ikke er p\u00e5 bussen, det er ikke noe stress i det hele tatt!<\/p>\n","protected":false},"excerpt":{"rendered":"Russestyret ved Porsgrunn videreg\u00e5ende skole er frustrerte over forbud mot russekl\u00e6r med gruppenavn. Forbudet er innf\u00f8rt for \u00e5&hellip;\n","protected":false},"author":2,"featured_media":62417,"comment_status":"","ping_status":"","sticky":false,"template":"","format":"standard","meta":{"footnotes":""},"categories":[10],"tags":[20,21,24,25,4521,15,22,23,13,30,28,29,14,16,3750,992,26,27],"class_list":{"0":"post-62416","1":"post","2":"type-post","3":"status-publish","4":"format-standard","5":"has-post-thumbnail","7":"category-norge","8":"tag-breaking-news","9":"tag-breakingnews","10":"tag-featured-news","11":"tag-featurednews","12":"tag-forbud","13":"tag-headlines","14":"tag-latest-news","15":"tag-latestnews","16":"tag-news","17":"tag-no","18":"tag-norge","19":"tag-norway","20":"tag-nyheter","21":"tag-overskrifter","22":"tag-russ","23":"tag-telemark","24":"tag-top-stories","25":"tag-topstories"},"share_on_mastodon":{"url":"","error":""},"_links":{"self":[{"href":"https:\/\/www.europesays.com\/no\/wp-json\/wp\/v2\/posts\/62416","targetHints":{"allow":["GET"]}}],"collection":[{"href":"https:\/\/www.europesays.com\/no\/wp-json\/wp\/v2\/posts"}],"about":[{"href":"https:\/\/www.europesays.com\/no\/wp-json\/wp\/v2\/types\/post"}],"author":[{"embeddable":true,"href":"https:\/\/www.europesays.com\/no\/wp-json\/wp\/v2\/users\/2"}],"replies":[{"embeddable":true,"href":"https:\/\/www.europesays.com\/no\/wp-json\/wp\/v2\/comments?post=62416"}],"version-history":[{"count":0,"href":"https:\/\/www.europesays.com\/no\/wp-json\/wp\/v2\/posts\/62416\/revisions"}],"wp:featuredmedia":[{"embeddable":true,"href":"https:\/\/www.europesays.com\/no\/wp-json\/wp\/v2\/media\/62417"}],"wp:attachment":[{"href":"https:\/\/www.europesays.com\/no\/wp-json\/wp\/v2\/media?parent=62416"}],"wp:term":[{"taxonomy":"category","embeddable":true,"href":"https:\/\/www.europesays.com\/no\/wp-json\/wp\/v2\/categories?post=62416"},{"taxonomy":"post_tag","embeddable":true,"href":"https:\/\/www.europesays.com\/no\/wp-json\/wp\/v2\/tags?post=62416"}],"curies":[{"name":"wp","href":"https:\/\/api.w.org\/{rel}","templated":true}]}}