{"id":62429,"date":"2025-10-16T20:54:07","date_gmt":"2025-10-16T20:54:07","guid":{"rendered":"https:\/\/www.europesays.com\/no\/62429\/"},"modified":"2025-10-16T20:54:07","modified_gmt":"2025-10-16T20:54:07","slug":"det-var-pang-pang-pang-som-a-vaere-med-i-en-film-adressa-no","status":"publish","type":"post","link":"https:\/\/www.europesays.com\/no\/62429\/","title":{"rendered":"\u2013 Det var pang, pang, pang, som \u00e5 v\u00e6re med i en film &#8211; adressa.no"},"content":{"rendered":"<ol>\n<li><a href=\"https:\/\/news.google.com\/rss\/articles\/CBMipAFBVV95cUxPVElNWC1XVzNKZnZNYmVVVG5kMzBWRng2U1BybE1fWUhXQldVUE93WERwOThIRmI3TS1Tazg0akdKQmhVSmJqTzY4a1Y0aHpWWFM0SFNDZmExMGFtZkZyalU4UExqRjdCeU9CUDF2clkzSVNTQlRzRFllbkJVNHBsaDB6VEo4dTVQaVlJdi1yaEpIT3gyU2w1X1RmQjhpc1BiU1lZaw?oc=5\" target=\"_blank\" rel=\"nofollow noopener\">\u2013 Det var pang, pang, pang, som \u00e5 v\u00e6re med i en film<\/a>&nbsp;&nbsp;adressa.no<\/li>\n<li><a href=\"https:\/\/news.google.com\/rss\/articles\/CBMijwFBVV95cUxOTjlrbG10S3VvOVlzWjRTV3B3QVBqRkhKMFItVVE2czNEeGNodEVIXzZkT3g1OE5GUmpSWG03UjJxcXhuWkptdU5xU2hFck45VWVNSVVoQ3NIRWk0Q0hWUHlxekZuRHJURk0xS0x6dGt3UGpVeE5xbTNNNFZtRk04YUtpQkRTQ2hFcTNlNnBaVQ?oc=5\" target=\"_blank\" rel=\"nofollow noopener\">Person p\u00e5grepet i storstilt politi\u00adaksjon<\/a>&nbsp;&nbsp;innherred.no<\/li>\n<li><a href=\"https:\/\/news.google.com\/rss\/articles\/CBMijwFBVV95cUxOdnljcEc1V0R3VVYyNkJsOHBuODVlUEsyYl9laVVPYjRZdjZmN01EbDNLM3RFZjFIal9QTDF1N1hGU1Azb2JUVEZ3NURQeVVPeXRGemV4WXJhazhaSDNSY285NDJWMmxLeGRhOUNfYkxPdFJUYWt6TFdDcmxPY2pJbTJraDBZcmpwOFpzSEVLUQ?oc=5\" target=\"_blank\" rel=\"nofollow noopener\">Ulykker og hendelser, Inder\u00f8y | Stor politiaksjon p\u00e5 Innherred: Person p\u00e5grepet og siktet<\/a>&nbsp;&nbsp;Tr\u00f8nder-Avisa<\/li>\n<li><a href=\"https:\/\/news.google.com\/rss\/articles\/CBMikgFBVV95cUxPeHVpOUNBbzZ5S1FYU1BsZmpubjIxRzlxcjNvcGFxazdjM0hDbGZJRFZmUGJjNFNVa0RPRTlXMDFKM2dpbFZZT0pZWHF4X0Y0NW9RdTBrVmlBaU9zLV8tcGlJYloxdDUyc1BjU3RwSzg5WFpmVUYzbE94Nk9ZY2lMYnFCVTJMMnJfamlCWFVSNXpSQQ?oc=5\" target=\"_blank\" rel=\"nofollow noopener\">Stort politi\u00adoppbud \u2013 person p\u00e5grepet<\/a>&nbsp;&nbsp;steinkjer24.no<\/li>\n<li><a href=\"https:\/\/news.google.com\/rss\/articles\/CBMinAFBVV95cUxOMEczSXF4OEtEV0Itc1BPQUlLRUh4WkVjczF4T0JPdmlBU0dOeGlrNEhFMG5mMUp1dFJDOUZtTkx0WDFienp2cEtXLS00cGFDNmI0TGs2aEx4VW9EMmM4SjJRTFZQODJ0Mlg2N3hzaHdINHl6alA4cnRGWVh6bjh5VTJzYnNPQkpYcFplc3JISGZFelM3d2FTUlBjWmQ?oc=5\" target=\"_blank\" rel=\"nofollow noopener\">Ulykker og hendelser, Inder\u00f8y | Flere patruljer har aksjonert: \u2013 Kontroll p\u00e5 en person<\/a>&nbsp;&nbsp;Inder\u00f8yningen<\/li>\n<\/ol>\n","protected":false},"excerpt":{"rendered":"\u2013 Det var pang, pang, pang, som \u00e5 v\u00e6re med i en film&nbsp;&nbsp;adressa.no Person p\u00e5grepet i storstilt politi\u00adaksjon&nbsp;&nbsp;innherred.no&hellip;\n","protected":false},"author":2,"featured_media":62430,"comment_status":"","ping_status":"","sticky":false,"template":"","format":"standard","meta":{"footnotes":""},"categories":[10],"tags":[20,21,24,25,15,22,23,13,30,28,29,14,16,254,26,27,2133],"class_list":{"0":"post-62429","1":"post","2":"type-post","3":"status-publish","4":"format-standard","5":"has-post-thumbnail","7":"category-norge","8":"tag-breaking-news","9":"tag-breakingnews","10":"tag-featured-news","11":"tag-featurednews","12":"tag-headlines","13":"tag-latest-news","14":"tag-latestnews","15":"tag-news","16":"tag-no","17":"tag-norge","18":"tag-norway","19":"tag-nyheter","20":"tag-overskrifter","21":"tag-politi","22":"tag-top-stories","23":"tag-topstories","24":"tag-verdal"},"share_on_mastodon":{"url":"","error":""},"_links":{"self":[{"href":"https:\/\/www.europesays.com\/no\/wp-json\/wp\/v2\/posts\/62429","targetHints":{"allow":["GET"]}}],"collection":[{"href":"https:\/\/www.europesays.com\/no\/wp-json\/wp\/v2\/posts"}],"about":[{"href":"https:\/\/www.europesays.com\/no\/wp-json\/wp\/v2\/types\/post"}],"author":[{"embeddable":true,"href":"https:\/\/www.europesays.com\/no\/wp-json\/wp\/v2\/users\/2"}],"replies":[{"embeddable":true,"href":"https:\/\/www.europesays.com\/no\/wp-json\/wp\/v2\/comments?post=62429"}],"version-history":[{"count":0,"href":"https:\/\/www.europesays.com\/no\/wp-json\/wp\/v2\/posts\/62429\/revisions"}],"wp:featuredmedia":[{"embeddable":true,"href":"https:\/\/www.europesays.com\/no\/wp-json\/wp\/v2\/media\/62430"}],"wp:attachment":[{"href":"https:\/\/www.europesays.com\/no\/wp-json\/wp\/v2\/media?parent=62429"}],"wp:term":[{"taxonomy":"category","embeddable":true,"href":"https:\/\/www.europesays.com\/no\/wp-json\/wp\/v2\/categories?post=62429"},{"taxonomy":"post_tag","embeddable":true,"href":"https:\/\/www.europesays.com\/no\/wp-json\/wp\/v2\/tags?post=62429"}],"curies":[{"name":"wp","href":"https:\/\/api.w.org\/{rel}","templated":true}]}}