{"id":62431,"date":"2025-10-16T21:00:17","date_gmt":"2025-10-16T21:00:17","guid":{"rendered":"https:\/\/www.europesays.com\/no\/62431\/"},"modified":"2025-10-16T21:00:17","modified_gmt":"2025-10-16T21:00:17","slug":"derfor-er-trump-rasende-pa-meg","status":"publish","type":"post","link":"https:\/\/www.europesays.com\/no\/62431\/","title":{"rendered":"\u2013 Derfor er Trump rasende p\u00e5 meg"},"content":{"rendered":"\n<p class=\"_paragraph_o9xde_4 _paragraph_xtcu6_10 layout-component text-serif-m layout-normal text-serif-m layout-padded\">Kapitalisme mot kommunisme.<\/p>\n<p class=\"_paragraph_o9xde_4 _paragraph_xtcu6_10 layout-component text-serif-m layout-normal text-serif-m layout-padded\">Det er det som st\u00e5r p\u00e5 spill i h\u00f8stens borgermestervalg i New York by. I alle fall hvis vi skal tro president og milliard\u00e6r Donald Trump og hans st\u00f8ttespillere.<\/p>\n<p class=\"_paragraph_o9xde_4 _paragraph_xtcu6_10 layout-component text-serif-m layout-normal text-serif-m layout-padded\">Om tre uker kan den 33 \u00e5r gamle, muslimske, indisk-amerikanske demokraten Zohran Mamdani bli valgt til ny politisk leder i USAs st\u00f8rste by, med sine 8,5 millioner innbyggere.<\/p>\n<p class=\"_paragraph_o9xde_4 _paragraph_xtcu6_10 layout-component text-serif-m layout-normal text-serif-m layout-padded\">Han <a href=\"https:\/\/www.nytimes.com\/2025\/09\/09\/nyregion\/mayor-poll-mamdani-cuomo.html?smid=nytcore-ios-share&amp;referringSource=articleShare\" class=\"_link_o9xde_39\" rel=\"nofollow noopener\" target=\"_blank\">leder stort<\/a> p\u00e5 meningsm\u00e5lingene og hylles av venstresiden i partiet. <\/p>\n<p class=\"_paragraph_o9xde_4 _paragraph_xtcu6_10 layout-component text-serif-m layout-normal text-serif-m layout-padded\"><strong class=\"_strong_o9xde_25\">Det har <a href=\"https:\/\/www.vg.no\/nyheter\/i\/8qeAo1\/new-york-kampen-som-trigger-trump\" data-track-element-type=\"Link\" data-track-id=\"link:8qeAo1\" class=\"_link_o9xde_39\" rel=\"nofollow noopener\" target=\"_blank\">f\u00e5tt Trump til \u00e5 rase<\/a> \u2013 og til \u00e5 blande seg inn i valget i hjembyen.<\/strong><\/p>\n<p class=\"_paragraph_o9xde_4 _paragraph_xtcu6_10 layout-component text-serif-m layout-normal text-serif-m layout-padded\">VG m\u00f8tte Mamdani og fikk sp\u00f8rre hvordan han opplever angrepene fra Det hvite hus.<\/p>\n<p><img alt=\"\" class=\"_image_qp4xg_65 layout-component layout-normal\" data-fullscreen- data-track-element-type=\"Article image fullscreen\" data-track-name=\"ImageFullscreen\" decoding=\"async\" loading=\"lazy\" height=\"3199\" itemprop=\"image\"  src=\"https:\/\/www.europesays.com\/no\/wp-content\/uploads\/2025\/10\/b68fa78e-0fe6-4d59-9e59-4aecee5ed9fb\"  style=\"object-position:0% 0%\" width=\"4800\"\/><img alt=\"\" class=\"_image_qp4xg_65 layout-component layout-normal\" data-fullscreen- data-track-element-type=\"Article image fullscreen\" data-track-name=\"ImageFullscreen\" decoding=\"async\" loading=\"lazy\" height=\"3200\" itemprop=\"image\"  src=\"https:\/\/www.europesays.com\/no\/wp-content\/uploads\/2025\/10\/ef7e1895-6dd3-4964-a77f-b611a04a4f81\"  style=\"object-position:0% 0%\" width=\"4800\"\/><\/p>\n<p class=\"_paragraph_o9xde_4 _paragraph_xtcu6_10 layout-component text-serif-m layout-normal text-serif-m layout-padded\">Klokken n\u00e6rmer seg 17, og en dresskledd Mamdani klyver ut av en svart Chevrolet Suburban p\u00e5 et gatehj\u00f8rne i Crown Heights dypt inn i giga-bydelen Brooklyn. <\/p>\n<p class=\"_paragraph_o9xde_4 _paragraph_xtcu6_10 layout-component text-serif-m layout-normal text-serif-m layout-padded\">Menn med \u00f8repropper har sikret gaten, en politibil har sperret av. <\/p>\n<p class=\"_paragraph_o9xde_4 _paragraph_xtcu6_10 layout-component text-serif-m layout-normal text-serif-m layout-padded\">Mamdani er ute p\u00e5 stemmejakt. Denne kvelden er det svarte velgere han skal overbevise \u2013 en viktig velgergruppe han sliter med \u00e5 finne fotfeste hos. <\/p>\n<p class=\"_paragraph_o9xde_4 _paragraph_xtcu6_10 layout-component text-serif-m layout-normal text-serif-m layout-padded\">Mamdani smiler blidt til journalistene som har m\u00f8tt opp \u2013 deriblant VG. <\/p>\n<p><img alt=\"\" class=\"_image_qp4xg_65 layout-component layout-normal\" data-fullscreen- data-track-element-type=\"Article image fullscreen\" data-track-name=\"ImageFullscreen\" decoding=\"async\" loading=\"lazy\" height=\"2801\" itemprop=\"image\"  src=\"https:\/\/www.europesays.com\/no\/wp-content\/uploads\/2025\/10\/9b606918-0c65-461c-8912-05f1e582bb3b\"  style=\"object-position:0% 0%\" width=\"4200\"\/><\/p>\n<p class=\"_paragraph_o9xde_4 _paragraph_xtcu6_10 layout-component text-serif-m layout-normal text-serif-m layout-padded\">\u2013 President Trump har kalt deg en \u00abradikal, gal, kommunist og venstreorientert\u00bb, og han truer med \u00e5 kutte finansieringen til New York by hvis du blir valgt til ordf\u00f8rer. Hva synes du om dette, og hvordan vil du samarbeide med Trump? sp\u00f8r VG.<\/p>\n<p class=\"_paragraph_o9xde_4 _paragraph_xtcu6_10 layout-component text-serif-m layout-normal text-serif-m layout-padded\">\u2013 President Trump har kalt meg mange ting. Han v\u00e5kner hver morgen og har et nytt ord, svarer Mamdani.<\/p>\n<p class=\"_paragraph_o9xde_4 _paragraph_xtcu6_10 layout-component text-serif-m layout-normal text-serif-m layout-padded\"><strong class=\"_strong_o9xde_25\">Se intervjuet her:<\/strong><\/p>\n<p class=\"_paragraph_o9xde_4 _paragraph_xtcu6_10 layout-component text-serif-m layout-normal text-serif-m layout-padded\">Han mener Trump g\u00e5r etter New York, allerede f\u00f8r borgermestervalget er avgjort. <\/p>\n<p class=\"_paragraph_o9xde_4 _paragraph_xtcu6_10 layout-component text-serif-m layout-normal text-serif-m layout-padded\">Mamdani nevner som eksempel at Trump-administrasjonen har <a href=\"https:\/\/www.nytimes.com\/2025\/10\/01\/nyregion\/trump-nyc-subway-gateway-infrastructure-funding.html\" class=\"_link_o9xde_39\" rel=\"nofollow noopener\" target=\"_blank\">frosset 18 milliarder dollar<\/a> i f\u00f8deral st\u00f8tte til to store infrastrukturprosjekter i New York by. <\/p>\n<p class=\"_paragraph_o9xde_4 _paragraph_xtcu6_10 layout-component text-serif-m layout-normal text-serif-m layout-padded\"><strong class=\"_strong_o9xde_25\">\u2013 Det er en \u00e5penbar politisk hevn, sier Mamdani til VG.<\/strong><\/p>\n<p class=\"_paragraph_o9xde_4 _paragraph_xtcu6_10 layout-component text-serif-m layout-normal text-serif-m layout-padded\">\u2013 Og \u00e6rlig talt er det dette president Trump gj\u00f8r: Han straffer folk fordi han hverken vil eller makter \u00e5 tjene folket og levere p\u00e5 valgl\u00f8ftene sine.<\/p>\n<p>Dette er Zohran Mamdani<\/p>\n<ul class=\"_list_o9xde_3 _list_xtcu6_9 _list_16v91_9 _unordered_o9xde_106 layout-component text-serif-m layout-normal text-sans-m layout-padded\">\n<li class=\"_item_o9xde_30\">Mamdani\u00a0er f\u00f8dt i Kampala i Uganda og har indisk bakgrunn. Familien flyttet f\u00f8rst til Cape Town, f\u00f8r de til slutt emigrerte til New York da\u00a0Mamdani\u00a0var syv \u00e5r gammel.<\/li>\n<li class=\"_item_o9xde_30\">F\u00f8r han gikk inn i politikken jobbet\u00a0Mamdani\u00a0som boligforkjemper og rap-produsent. Han ble f\u00f8rst valgt inn i delstatsforsamlingen i New York i 2020, og annonserte ordf\u00f8rerkandidatur i 2024.<\/li>\n<li class=\"_item_o9xde_30\">33-\u00e5ringen kan dermed bli storbyens f\u00f8rste muslimske og indisk-amerikanske ordf\u00f8rer dersom han blir valgt. Han er sosialdemokrat og tilh\u00f8rer Det demokratiske partiet, som han representerer i delstatsforsamlingen.<\/li>\n<li class=\"_item_o9xde_30\">Han har blant annet g\u00e5tt til valg p\u00e5 \u00e5 gj\u00f8re storbyen rimeligere for innbyggere. Det inkluderer blant annet \u00e5 fryse leien for mange innbyggere, tilby gratis offentlig buss og rimeligere barnehageplass. <\/li>\n<li class=\"_item_o9xde_30\">Mamdani er sv\u00e6rt kritisk til amerikansk st\u00f8tte til Israels krigf\u00f8ring i Gaza.<\/li>\n<\/ul>\n<p class=\"_paragraph_o9xde_4 _paragraph_xtcu6_10 _paragraph_16v91_10 layout-component text-serif-m layout-normal text-sans-m layout-padded\">Kilde: NTB<\/p>\n<p>Vis mer<\/p>\n<p class=\"_paragraph_o9xde_4 _paragraph_xtcu6_10 layout-component text-serif-m layout-normal text-serif-m layout-padded\">Mamdani kaller seg selv en \u00abdemokratisk sosialist\u00bb, men Trump kaller ham konsekvent for kommunist.<\/p>\n<p class=\"_paragraph_o9xde_4 _paragraph_xtcu6_10 layout-component text-serif-m layout-normal text-serif-m layout-padded\">Presidenten, som fortsatt er en av <a href=\"https:\/\/www.vg.no\/nyheter\/i\/onbOja\/luksus-eller-luftslott\" data-track-element-type=\"Link\" data-track-id=\"link:onbOja\" class=\"_link_o9xde_39\" rel=\"nofollow noopener\" target=\"_blank\">New Yorks eiendomsmoguler<\/a>, truer med \u00e5 holde tilbake milliarder av dollar i f\u00f8deral st\u00f8tte f\u00f8deral st\u00f8tte Dette er penger eller ressurser som den nasjonale regjeringen i USA gir til stater eller byer for \u00e5 hjelpe med ulike prosjekter eller behov. I 2025 har New York by budsjettert med 9,7 milliarder dollar i f\u00f8deral st\u00f8tte til blant annet pandemiberedskap, sosialboliger, universiteter og statlige helseforsikringer. til New York by hvis Mamdani blir valgt og vedtar politikk han ikke liker.<\/p>\n<p class=\"_paragraph_o9xde_4 _paragraph_xtcu6_10 layout-component text-serif-m layout-normal text-serif-m layout-padded\">\u2013 Jeg ville ikke v\u00e6rt sjener\u00f8s mot en kommunist, en fyr som kommer til \u00e5 ta pengene og kaste dem ut av vinduet, har Trump <a href=\"https:\/\/www.nytimes.com\/2025\/10\/14\/nyregion\/mamdani-hochul-trump.html\" class=\"_link_o9xde_39\" rel=\"nofollow noopener\" target=\"_blank\">uttalt<\/a>.<\/p>\n<p><img alt=\"\" class=\"_image_qp4xg_65 layout-component layout-normal\" data-fullscreen- data-track-element-type=\"Article image fullscreen\" data-track-name=\"ImageFullscreen\" decoding=\"async\" loading=\"lazy\" height=\"3200\" itemprop=\"image\"  src=\"https:\/\/www.europesays.com\/no\/wp-content\/uploads\/2025\/10\/73996bf6-99e5-412b-9e54-3bf8b53c22e5\"  style=\"object-position:0% 0%\" width=\"4800\"\/><img alt=\"\" class=\"_image_qp4xg_65 layout-component layout-normal\" data-fullscreen- data-track-element-type=\"Article image fullscreen\" data-track-name=\"ImageFullscreen\" decoding=\"async\" loading=\"lazy\" height=\"3200\" itemprop=\"image\"  src=\"https:\/\/www.europesays.com\/no\/wp-content\/uploads\/2025\/10\/80abceda-e5b0-4172-9415-2a56809108fc\"  style=\"object-position:0% 0%\" width=\"4800\"\/><\/p>\n<p class=\"_paragraph_o9xde_4 _paragraph_xtcu6_10 layout-component text-serif-m layout-normal text-serif-m layout-padded\">Angrepene fra Trump og hans administrasjon har v\u00e6rt mange og aggressive de siste m\u00e5nedene:<\/p>\n<p>Dette sier Trump om Mamdani<\/p>\n<ul class=\"_list_o9xde_3 _list_xtcu6_9 _list_16v91_9 _unordered_o9xde_106 layout-component text-serif-m layout-normal text-sans-m layout-padded\">\n<li class=\"_item_o9xde_30\">Trump har karakterisert Mamdani som en uerfaren kandidat som \u00abikke har jobbet en dag i livet\u00bb. <\/li>\n<li class=\"_item_o9xde_30\">Presidenten har hevdet at Mamdani vil \u00abkvitte seg med alt politi\u00bb, noe som ikke stemmer.<\/li>\n<li class=\"_item_o9xde_30\">Trump hevder ogs\u00e5 at Mamdani hater j\u00f8der. Mamdani er en sterk kritiker av Israel og uttalt st\u00f8ttespiller til den palestinske saken, men har flere ganger uttalt at han ikke tolererer antisemittisme.<\/li>\n<li class=\"_item_o9xde_30\">Trump anklages ogs\u00e5 for \u00e5 ha blandet seg inn i valget ved \u00e5 presse sittende borgermester Eric Adams til \u00e5 trekke seg fra valgkampen og dermed \u00f8ke sjansene for en annen kandidat, Andrew Cuomo. <\/li>\n<\/ul>\n<p>Vis mer<\/p>\n<p class=\"_paragraph_o9xde_4 _paragraph_xtcu6_10 layout-component text-serif-m layout-normal text-serif-m layout-padded\">Trumps trusler har til og med f\u00e5tt enkelte demokrater til \u00e5 advare mot partifellen Mamdani: <\/p>\n<p class=\"_paragraph_o9xde_4 _paragraph_xtcu6_10 layout-component text-serif-m layout-normal text-serif-m layout-padded\">De frykter Trump vil bruke ham til \u00e5 s\u00e5 splid blant demokratene, og at det kan koste dem det viktige mellomvalget til Kongressen neste \u00e5r. <\/p>\n<p class=\"_paragraph_o9xde_4 _paragraph_xtcu6_10 layout-component text-serif-m layout-normal text-serif-m layout-padded\"><strong class=\"_strong_o9xde_25\">Historien om Mamdani:<\/strong> <a href=\"https:\/\/www.vg.no\/nyheter\/i\/qPoWy0\/zohran-mamdani-33-har-skapt-politisk-jordskjelv-i-usa\" data-track-element-type=\"Link\" data-track-id=\"link:qPoWy0\" class=\"_link_o9xde_39\" rel=\"nofollow noopener\" target=\"_blank\">Fra rapper til politisk stjerne<\/a><\/p>\n<p><img alt=\"\" class=\"_image_qp4xg_65 layout-component layout-normal\" data-fullscreen- data-track-element-type=\"Article image fullscreen\" data-track-name=\"ImageFullscreen\" decoding=\"async\" loading=\"lazy\" height=\"3200\" itemprop=\"image\"  src=\"https:\/\/www.europesays.com\/no\/wp-content\/uploads\/2025\/10\/4d9e3b2a-f26b-4f97-929a-721435e9901a\"  style=\"object-position:0% 0%\" width=\"4800\"\/><\/p>\n<p class=\"_paragraph_o9xde_4 _paragraph_xtcu6_10 layout-component text-serif-m layout-normal text-serif-m layout-padded\">Mamdani sl\u00e5r tilbake. Ikke bare i intervju med VG, men live p\u00e5 Trumps favorittkanal Fox News denne uken:<\/p>\n<p class=\"_paragraph_o9xde_4 _paragraph_xtcu6_10 layout-component text-serif-m layout-normal text-serif-m layout-padded\">\u2013 Jeg vil bare ta et \u00f8yeblikk og snakke rett til presidenten, for han ser kanskje p\u00e5 n\u00e5, sier Mamdani og <a href=\"https:\/\/www.facebook.com\/share\/r\/17EAFXmGcZ\/\" class=\"_link_o9xde_39\" rel=\"nofollow noopener\" target=\"_blank\">ser rett inn i kamera<\/a>, f\u00f8r han g\u00e5r l\u00f8s p\u00e5 de andre borgermesterkandidatene for \u00e5 ha tatt imot Trumps hjelp.<\/p>\n<p class=\"_paragraph_o9xde_4 _paragraph_xtcu6_10 layout-component text-serif-m layout-normal text-serif-m layout-padded\">\u2013 Jeg klarer meg p\u00e5 egen h\u00e5nd, sier Mamdani.<\/p>\n<p>Disse vil bli borgermester i New York<\/p>\n<ul class=\"_list_o9xde_3 _list_xtcu6_9 _list_16v91_9 _unordered_o9xde_106 layout-component text-serif-m layout-normal text-sans-m layout-padded\">\n<li class=\"_item_o9xde_30\"><strong class=\"_strong_o9xde_25\">Zohran Mamdani:<\/strong> Demokrat og storfavoritt if\u00f8lge meningsm\u00e5lingene. <\/li>\n<li class=\"_item_o9xde_30\"><strong class=\"_strong_o9xde_25\">Andrew Cuomo:<\/strong> Tidligere guvern\u00f8r i New York stat. Stiller som uavhengig etter \u00e5 ta tapt nominasjonsvalget i juni mot Mamdani i Det demokratiske partiet. Cuomo er anklaget for seksuell trakassering og m\u00e5tte trekke seg fra guvern\u00f8rjobben. Trump har uttalt at han har lite til overs for ham \u2013 men at han er et mye bedre valg enn Mamdani. <\/li>\n<li class=\"_item_o9xde_30\"><strong class=\"_strong_o9xde_25\">Curtis Sliwa: <\/strong>Republikanernes kandidat. Skal ha f\u00e5tt tilbud om flere millioner dollar for \u00e5 trekke seg, men sier han tenker \u00e5 st\u00e5 l\u00f8pet ut, selv om han anses som sjansel\u00f8s. Er blitt latterliggjort av Trump.<\/li>\n<li class=\"_item_o9xde_30\">Den sittende, korrupsjonsanklagede borgermesteren <strong class=\"_strong_o9xde_25\">Eric Adams<\/strong> trakk seg fra valgkampen etter press fra president Trump. Det \u00f8kte sjansene til tidligere guvern\u00f8r og demokrat Andrew Cuomo til \u00e5 sl\u00e5 Mamdani \u2013 men det ser alts\u00e5 ut til \u00e5 v\u00e6re langt fra nok fra \u00e5 holde Mamdani borte fra makten. <\/li>\n<\/ul>\n<p>Vis mer<\/p>\n<p class=\"_paragraph_o9xde_4 _paragraph_xtcu6_10 layout-component text-serif-m layout-normal text-serif-m layout-padded\">Mamdani g\u00e5r til valg p\u00e5 \u00abaffordability\u00bb. Han lover arbeiderklassen bedre r\u00e5d, og stiller seg p\u00e5 leietagernes side \u2013 i storbyen kjent som eiendomsutviklernes mekka.<\/p>\n<p class=\"_paragraph_o9xde_4 _paragraph_xtcu6_10 layout-component text-serif-m layout-normal text-serif-m layout-padded\">Bedre \u00f8konomi var ogs\u00e5 et av Trumps viktigste valgkampl\u00f8fter i presidentvalgkampen i fjor. <\/p>\n<p class=\"_paragraph_o9xde_4 _paragraph_xtcu6_10 layout-component text-serif-m layout-normal text-serif-m layout-padded\">Trump lovet lavere priser p\u00e5 mat og bensin, og at amerikanerne skulle f\u00e5 mer \u00e5 rutte med etter flere \u00e5r med h\u00f8y inflasjon og dyrtid. <\/p>\n<p class=\"_paragraph_o9xde_4 _paragraph_xtcu6_10 layout-component text-serif-m layout-normal text-serif-m layout-padded\"><strong class=\"_strong_o9xde_25\">VG p\u00e5 supermarked i USA:<\/strong> <a href=\"https:\/\/www.vg.no\/nyheter\/i\/kwd4k9\/valget-i-usa-raadyrt-i-usa-vil-lommeboka-avgjoere-for-kamala-harris\" data-track-element-type=\"Link\" data-track-id=\"link:kwd4k9\" class=\"_link_o9xde_39\" rel=\"nofollow noopener\" target=\"_blank\">Br\u00f8d til 79 kroner, skivet ost kroner 104<\/a><\/p>\n<p><img alt=\"\" class=\"_image_qp4xg_65 layout-component layout-normal\" data-fullscreen- data-track-element-type=\"Article image fullscreen\" data-track-name=\"ImageFullscreen\" decoding=\"async\" loading=\"lazy\" height=\"3721\" itemprop=\"image\"  src=\"https:\/\/www.europesays.com\/no\/wp-content\/uploads\/2025\/10\/b6033391-f214-4ba5-b3a8-a5a568b3b2b8\"  style=\"object-position:0% 0%\" width=\"4800\"\/><\/p>\n<p class=\"_paragraph_o9xde_4 _paragraph_xtcu6_10 layout-component text-serif-m layout-normal text-serif-m layout-padded\">Men snart ett \u00e5r inn i presidentperioden har prisen p\u00e5 en rekke varer \u00f8kt p\u00e5 grunn av Trumps tollmurer og deportering av <a href=\"https:\/\/www.vg.no\/nyheter\/i\/xmEOx8\/migrantene-trump-vil-kaste-ut-amerikanerne-vil-ikke-gjoere-jobben\" data-track-element-type=\"Link\" data-track-id=\"link:xmEOx8\" class=\"_link_o9xde_39\" rel=\"nofollow noopener\" target=\"_blank\">billig utenlandsk arbeidskraft<\/a>, og inflasjonen stiger. <\/p>\n<p class=\"_paragraph_o9xde_4 _paragraph_xtcu6_10 layout-component text-serif-m layout-normal text-serif-m layout-padded\">Neste \u00e5r <a href=\"https:\/\/www.theguardian.com\/commentisfree\/2025\/sep\/25\/trump-rebrand-one-big-beautiful-bill-act\" class=\"_link_o9xde_39\" rel=\"nofollow noopener\" target=\"_blank\">venter store skattekutt<\/a> \u2013 for USAs rikeste, samtidig som helseforsikringer for USAs fattigste trues. <\/p>\n<p class=\"_paragraph_o9xde_4 _paragraph_xtcu6_10 layout-component text-serif-m layout-normal text-serif-m layout-padded\">I New York, USAs dyreste by, har leieprisene lenge v\u00e6rt skyh\u00f8ye.<\/p>\n<p class=\"_paragraph_o9xde_4 _paragraph_xtcu6_10 layout-component text-serif-m layout-normal text-serif-m layout-padded\"><strong class=\"_strong_o9xde_25\">\u2013 Grunnen til at Trump er s\u00e5 rasende p\u00e5 meg, er at han vet at jeg, i motsetning til ham, kommer til \u00e5 levere p\u00e5 valgl\u00f8ftene mine. Og han frykter det, sier Mamdani til VG.<\/strong><\/p>\n<p><img alt=\"\" class=\"_image_qp4xg_65 layout-component layout-normal\" data-fullscreen- data-track-element-type=\"Article image fullscreen\" data-track-name=\"ImageFullscreen\" decoding=\"async\" loading=\"lazy\" height=\"3200\" itemprop=\"image\"  src=\"https:\/\/www.europesays.com\/no\/wp-content\/uploads\/2025\/10\/060f94cd-d276-4218-b57e-739e317b59a4\"  style=\"object-position:0% 0%\" width=\"4800\"\/><\/p>\n<p class=\"_paragraph_o9xde_4 _paragraph_xtcu6_10 layout-component text-serif-m layout-normal text-serif-m layout-padded\">Borgermesterkandidaten lover \u00e5 fryse husleien for mange innbyggere, innf\u00f8re gratis offentlig buss og gratis barnehageplass for barn under fem \u00e5r i New York by. <\/p>\n<p class=\"_paragraph_o9xde_4 _paragraph_xtcu6_10 layout-component text-serif-m layout-normal text-serif-m layout-padded\">\u2013 Ved \u00e5 gj\u00f8re alt dette, st\u00e5r vi opp mot den autorit\u00e6re administrasjonen i Washington D.C., sier Mamdani.<\/p>\n<p class=\"_paragraph_o9xde_4 _paragraph_xtcu6_10 layout-component text-serif-m layout-normal text-serif-m layout-padded\">\u2013 Men for \u00e5 kunne gjennomf\u00f8re alt det du nevner, trenger du Trumps st\u00f8tte og penger? sp\u00f8r VG.<\/p>\n<p class=\"_paragraph_o9xde_4 _paragraph_xtcu6_10 layout-component text-serif-m layout-normal text-serif-m layout-padded\">\u2013 Vi vil fortsette \u00e5 f\u00e5 f\u00f8deral st\u00f8tte, og det er ikke p\u00e5 grunn av president Trumps sjener\u00f8sitet. <br \/>Det er fordi det er loven. Bare fordi han sier noe, endrer det ikke loven, svarer Mamdani. <\/p>\n<p><img alt=\"\" class=\"_image_qp4xg_65 layout-component layout-normal\" data-fullscreen- data-track-element-type=\"Article image fullscreen\" data-track-name=\"ImageFullscreen\" decoding=\"async\" loading=\"lazy\" height=\"3160\" itemprop=\"image\"  src=\"https:\/\/www.europesays.com\/no\/wp-content\/uploads\/2025\/10\/beed23c8-c3a4-4b37-bba5-66e8f6ee8aad\"  style=\"object-position:0% 0%\" width=\"4800\"\/><\/p>\n<p class=\"_paragraph_o9xde_4 _paragraph_xtcu6_10 layout-component text-serif-m layout-normal text-serif-m layout-padded\">33-\u00e5ringen virker innstilt p\u00e5 \u00e5 ta presidenten til domstolene hvis han m\u00e5, og nevner eksempler p\u00e5 opposisjonspolitikere og f\u00f8derale dommere som allerede har utfordret Trump i retten. <\/p>\n<p class=\"_paragraph_o9xde_4 _paragraph_xtcu6_10 layout-component text-serif-m layout-normal text-serif-m layout-padded\">\u2013 Vi vil fortsette \u00e5 holde Trump ansvarlig. Loven skal v\u00e6re lik for alle i dette landet, sier Mamdani.<\/p>\n<p class=\"_paragraph_o9xde_4 _paragraph_xtcu6_10 layout-component text-serif-m layout-normal text-serif-m layout-padded\"><strong class=\"_strong_o9xde_25\">Leste du?<\/strong> <a href=\"https:\/\/www.vg.no\/nyheter\/i\/xmGoBB\/ordfoererkandidat-vil-arrestere-netanyahu-hvis-han-kommer-til-new-york\" data-track-element-type=\"Link\" data-track-id=\"link:xmGoBB\" class=\"_link_o9xde_39\" rel=\"nofollow noopener\" target=\"_blank\">Vil arrestere Netanyahu hvis han kommer til New York<\/a><\/p>\n<p class=\"_paragraph_o9xde_4 _paragraph_xtcu6_10 layout-component text-serif-m layout-normal text-serif-m layout-padded\">Selv om han ligger sv\u00e6rt godt an til seier 4. november, er Mamdani h\u00f8yt og lavt i New Yorks fem bydeler for \u00e5 sikre seg velgere.<\/p>\n<p class=\"_paragraph_o9xde_4 _paragraph_xtcu6_10 layout-component text-serif-m layout-normal text-serif-m layout-padded\">Han gj\u00f8r det s\u00e6rlig sterkt blant unge og urbane i gentrifisertegentrifiserteDette er omr\u00e5der i en by som har blitt oppgradert eller modernisert, ofte noe som f\u00f8rer til at de opprinnelige innbyggerne m\u00e5 flytte fordi de ikke lenger har r\u00e5d til \u00e5 bo der. omr\u00e5der, men sliter mer blant newyorkere som har bodd i byen i mange \u00e5r, velgere i utkanten av byen og blant svarte velgere. <\/p>\n<p><img alt=\"\" class=\"_image_qp4xg_65 layout-component layout-normal\" data-fullscreen- data-track-element-type=\"Article image fullscreen\" data-track-name=\"ImageFullscreen\" decoding=\"async\" loading=\"lazy\" height=\"3199\" itemprop=\"image\"  src=\"https:\/\/www.europesays.com\/no\/wp-content\/uploads\/2025\/10\/90826bdd-8b9b-4c9b-9cb9-2330f5b2952c\"  style=\"object-position:0% 0%\" width=\"4800\"\/><\/p>\n<p class=\"_paragraph_o9xde_4 _paragraph_xtcu6_10 layout-component text-serif-m layout-normal text-serif-m layout-padded\">Under nominasjonsvalget i juni stemte under 30 prosent i overveiende svarte nabolag p\u00e5 Mamdani. Denne kvelden i Brooklyn fors\u00f8ker Mamdani \u00e5 gj\u00f8re noe med det:<\/p>\n<p class=\"_paragraph_o9xde_4 _paragraph_xtcu6_10 layout-component text-serif-m layout-normal text-serif-m layout-padded\">Han stiller opp p\u00e5 en intim pressekonferanse p\u00e5 et gatehj\u00f8rne sammen med toneangivende afroamerikanske pastorer i bydelen, som alle har gitt ham sin offisielle st\u00f8tte. <\/p>\n<p class=\"_paragraph_o9xde_4 _paragraph_xtcu6_10 layout-component text-serif-m layout-normal text-serif-m layout-padded\">Etterp\u00e5 reiser Mamdani til et offentlig samlingshus, der over 200 svarte velgere har m\u00f8tt opp for \u00e5 h\u00f8re hva han kan tilby dem.<\/p>\n<p class=\"_paragraph_o9xde_4 _paragraph_xtcu6_10 layout-component text-serif-m layout-normal text-serif-m layout-padded\">Ble de overbevist?<\/p>\n<p class=\"_paragraph_o9xde_4 _paragraph_xtcu6_10 layout-component text-serif-m layout-normal text-serif-m layout-padded\"><strong class=\"_strong_o9xde_25\">VG sp\u00f8r tre av velgerne:<\/strong><\/p>\n<p>Kenny Andersson (50)<img alt=\"\" class=\"_image_qp4xg_65 layout-component layout-normal\" data-fullscreen- data-track-element-type=\"Article image fullscreen\" data-track-name=\"ImageFullscreen\" decoding=\"async\" loading=\"lazy\" height=\"3201\" itemprop=\"image\"  src=\"https:\/\/www.europesays.com\/no\/wp-content\/uploads\/2025\/10\/7909bd0b-b2ce-43c4-96d7-175ee97dd3a4\"  style=\"object-position:0% 0%\" width=\"4800\"\/><\/p>\n<p class=\"_paragraph_o9xde_4 _paragraph_xtcu6_10 layout-component text-serif-m layout-normal text-serif-m layout-padded\">\u2013 Jeg skal stemme p\u00e5 Mamdani. Han snakker rett til folket og virker genuin. Amerikansk politikk har g\u00e5tt helt av skaftet, og dette er et kritisk punkt for demokratene. Det betyr ingenting at Mamdani trigger Trump, s\u00e5 lenge folk f\u00e5r det bedre. Hvorfor han sliter blant svarte velgere? Det er fordi svarte er lojale mot sine egne. Og Mamdani er ikke svart. Han gikk p\u00e5 privatskole, og det resonnerer ikke helt med folk her. Men det er p\u00e5 tide med noe nytt. <\/p>\n<p>Najuma Russell (48)<img alt=\"\" class=\"_image_qp4xg_65 layout-component layout-normal\" data-fullscreen- data-track-element-type=\"Article image fullscreen\" data-track-name=\"ImageFullscreen\" decoding=\"async\" loading=\"lazy\" height=\"3200\" itemprop=\"image\"  src=\"https:\/\/www.europesays.com\/no\/wp-content\/uploads\/2025\/10\/0984819d-c928-4810-aa21-b57a61979715\"  style=\"object-position:0% 0%\" width=\"4800\"\/><\/p>\n<p class=\"_paragraph_o9xde_4 _paragraph_xtcu6_10 layout-component text-serif-m layout-normal text-serif-m layout-padded\">\u2013 Jeg likte det jeg s\u00e5. Det er bra at han vil senke leieprisene og gj\u00f8re New York rimeligere. Og som l\u00e6rer i den offentlige skolen, liker jeg at han vil gi mer st\u00f8tte til skolene. Men det er klart, Trump kommer til \u00e5 g\u00e5 etter ham. <\/p>\n<p>Rabia Williams (39)<img alt=\"\" class=\"_image_qp4xg_65 layout-component layout-normal\" data-fullscreen- data-track-element-type=\"Article image fullscreen\" data-track-name=\"ImageFullscreen\" decoding=\"async\" loading=\"lazy\" height=\"3200\" itemprop=\"image\"  src=\"https:\/\/www.europesays.com\/no\/wp-content\/uploads\/2025\/10\/bd3c4c18-fb3e-46e5-837b-a8f560c28e89\"  style=\"object-position:0% 0%\" width=\"4800\"\/><\/p>\n<p class=\"_paragraph_o9xde_4 _paragraph_xtcu6_10 layout-component text-serif-m layout-normal text-serif-m layout-padded\">\u2013 Han er en interessant karakter. Trump er en newyorker. Mamdani er ogs\u00e5 en newyorker, bare en helt annerledes versjon. Jeg liker at Mamdani lover \u00e5 verne om b\u00e5de leietagere og huseiere, og st\u00e5 imot de store utbyggerne. <\/p>\n<p>Les ogs\u00e5<\/p>\n","protected":false},"excerpt":{"rendered":"Kapitalisme mot kommunisme. Det er det som st\u00e5r p\u00e5 spill i h\u00f8stens borgermestervalg i New York by. I&hellip;\n","protected":false},"author":2,"featured_media":62432,"comment_status":"","ping_status":"","sticky":false,"template":"","format":"standard","meta":{"footnotes":""},"categories":[12],"tags":[1238,8050,20,21,55,24,25,15,22,23,4009,13,30,28,29,14,16,26,27,42,43,44,45],"class_list":{"0":"post-62431","1":"post","2":"type-post","3":"status-publish","4":"format-standard","5":"has-post-thumbnail","7":"category-verden","8":"tag-amerikansk-politikk","9":"tag-andrew-cuomo","10":"tag-breaking-news","11":"tag-breakingnews","12":"tag-donald-trump","13":"tag-featured-news","14":"tag-featurednews","15":"tag-headlines","16":"tag-latest-news","17":"tag-latestnews","18":"tag-new-york-city","19":"tag-news","20":"tag-no","21":"tag-norge","22":"tag-norway","23":"tag-nyheter","24":"tag-overskrifter","25":"tag-top-stories","26":"tag-topstories","27":"tag-verden","28":"tag-world","29":"tag-world-news","30":"tag-worldnews"},"share_on_mastodon":{"url":"","error":""},"_links":{"self":[{"href":"https:\/\/www.europesays.com\/no\/wp-json\/wp\/v2\/posts\/62431","targetHints":{"allow":["GET"]}}],"collection":[{"href":"https:\/\/www.europesays.com\/no\/wp-json\/wp\/v2\/posts"}],"about":[{"href":"https:\/\/www.europesays.com\/no\/wp-json\/wp\/v2\/types\/post"}],"author":[{"embeddable":true,"href":"https:\/\/www.europesays.com\/no\/wp-json\/wp\/v2\/users\/2"}],"replies":[{"embeddable":true,"href":"https:\/\/www.europesays.com\/no\/wp-json\/wp\/v2\/comments?post=62431"}],"version-history":[{"count":0,"href":"https:\/\/www.europesays.com\/no\/wp-json\/wp\/v2\/posts\/62431\/revisions"}],"wp:featuredmedia":[{"embeddable":true,"href":"https:\/\/www.europesays.com\/no\/wp-json\/wp\/v2\/media\/62432"}],"wp:attachment":[{"href":"https:\/\/www.europesays.com\/no\/wp-json\/wp\/v2\/media?parent=62431"}],"wp:term":[{"taxonomy":"category","embeddable":true,"href":"https:\/\/www.europesays.com\/no\/wp-json\/wp\/v2\/categories?post=62431"},{"taxonomy":"post_tag","embeddable":true,"href":"https:\/\/www.europesays.com\/no\/wp-json\/wp\/v2\/tags?post=62431"}],"curies":[{"name":"wp","href":"https:\/\/api.w.org\/{rel}","templated":true}]}}