{"id":62443,"date":"2025-10-16T21:14:11","date_gmt":"2025-10-16T21:14:11","guid":{"rendered":"https:\/\/www.europesays.com\/no\/62443\/"},"modified":"2025-10-16T21:14:11","modified_gmt":"2025-10-16T21:14:11","slug":"john-bolton-tiltalt-i-dokumentsak","status":"publish","type":"post","link":"https:\/\/www.europesays.com\/no\/62443\/","title":{"rendered":"John Bolton tiltalt i dokumentsak"},"content":{"rendered":"\n<p class=\"_lead_o9xde_2 _lead_xtcu6_50 layout-component text-serif-m layout-normal text-serif-l layout-component layout-wide layout-padded _wide_17hqh_1 layout-padded\">USAs tidligere sikkerhetsr\u00e5dgiver anklages for \u00e5 ha h\u00e5ndtert graderte dokumenter feil.<\/p>\n<p><img alt=\" Foto: Michael Dwyer \/ AP \/ NTB\" class=\"_image_qp4xg_65 layout-component layout-wide\" data-fullscreen- data-track-element-type=\"Article image fullscreen\" data-track-name=\"ImageFullscreen\" fetchpriority=\"high\" decoding=\"sync\" loading=\"eager\" height=\"3886\" itemprop=\"image\"  src=\"https:\/\/www.europesays.com\/no\/wp-content\/uploads\/2025\/10\/6b21e1a1-a06a-4039-8969-9612c89f90a2\"  style=\"object-position:0% 0%\" width=\"5829\"\/> Foto: Michael Dwyer \/ AP \/ NTB<\/p>\n<ul aria-hidden=\"true\" class=\"_images_1y6fe_106\">\n<li><a class=\"_link_1y6fe_111\" href=\"https:\/\/www.vg.no\/forfatter\/oscar-stroem-korsnes\" style=\"z-index:1\" title=\"Oscar Str\u00f8m Korsnes\" rel=\"nofollow noopener\" target=\"_blank\"><img alt=\"Bilde av Oscar Str\u00f8m Korsnes\" class=\"_image_1y6fe_88\" fetchpriority=\"low\" loading=\"lazy\" decoding=\"async\" itemprop=\"image\"  src=\"https:\/\/www.europesays.com\/no\/wp-content\/uploads\/2025\/10\/1760649249_975_42bf26cf-ad4c-4de0-a71e-34ecdab4bb12\"  width=\"480\"\/><\/a><\/li>\n<\/ul>\n<p> Oppdatert torsdag 16. oktober kl. 23:07     <\/p>\n<p class=\"_paragraph_o9xde_4 _paragraph_xtcu6_10 layout-component text-serif-m layout-normal text-serif-m layout-padded\">John Bolton, som var nasjonal sikkerhetsr\u00e5dgiver for Donald Trump, er tiltalt av en f\u00f8deral storjury i Maryland, melder\u00a0<a href=\"https:\/\/edition.cnn.com\/2025\/10\/16\/politics\/john-bolton-grand-jury-maryland\" class=\"_link_o9xde_39\" rel=\"nofollow noopener\" target=\"_blank\">CNN torsdag kveld.<\/a><\/p>\n<p class=\"_paragraph_o9xde_4 _paragraph_xtcu6_10 layout-component text-serif-m layout-normal text-serif-m layout-padded\">Bolton er under etterforskning for ulovlig h\u00e5ndtering av gradert informasjon. Han skal ha delt h\u00f8yt klassifiserte opplysninger med sin kone og datter via e-post, if\u00f8lge kilder til CNN.<\/p>\n<p class=\"_paragraph_o9xde_4 _paragraph_xtcu6_10 layout-component text-serif-m layout-normal text-serif-m layout-padded\">Bolton jobbet som nasjonal sikkerhetsr\u00e5dgiver for Trump, men ble senere en av presidentens kritikere. Han har tidligere uttalt seg kritisk om Trumps utenrikspolitikk og sikkerhetsh\u00e5ndtering.<\/p>\n<p><img alt=\"Foto: NICHOLAS KAMM \/ AFP \/ NTB\" class=\"_image_qp4xg_65 layout-component layout-normal\" data-fullscreen- data-track-element-type=\"Article image fullscreen\" data-track-name=\"ImageFullscreen\" decoding=\"async\" loading=\"lazy\" height=\"3537\" itemprop=\"image\"  src=\"https:\/\/www.europesays.com\/no\/wp-content\/uploads\/2025\/10\/93024ef1-d14a-40b5-a625-173f43506d43\"  style=\"object-position:0% 0%\" width=\"5050\"\/>Foto: NICHOLAS KAMM \/ AFP \/ NTB<\/p>\n<p class=\"_paragraph_o9xde_4 _paragraph_xtcu6_10 layout-component text-serif-m layout-normal text-serif-m layout-padded\">Justisdepartementets etterforskning dreier seg delvis om notater og sensitiv informasjon Bolton skrev til seg selv p\u00e5 en personlig e-postkonto.<\/p>\n<p class=\"_paragraph_o9xde_4 _paragraph_xtcu6_10 layout-component text-serif-m layout-normal text-serif-m layout-padded\">Han skrev sammendrag av sine aktiviteter som dagboknotater, opplyser kilder til CNN.<\/p>\n<p class=\"_paragraph_o9xde_4 _paragraph_xtcu6_10 layout-component text-serif-m layout-normal text-serif-m layout-padded\">President Donald Trump visste ikke at hans tidligere sikkerhetsr\u00e5dgiver var tiltalt torsdag kveld.<\/p>\n<p class=\"_paragraph_o9xde_4 _paragraph_xtcu6_10 layout-component text-serif-m layout-normal text-serif-m layout-padded\">\u2013 Jeg visste ikke det. Du er den f\u00f8rste som forteller meg det. Jeg syns han er en d\u00e5rlig person. Synd, men s\u00e5nn er det, sa Trump p\u00e5 sp\u00f8rsm\u00e5l om han hadde en reaksjon p\u00e5 tiltalen torsdag kveld.<\/p>\n<p class=\"_paragraph_o9xde_4 _paragraph_xtcu6_10 layout-component text-serif-m layout-normal text-serif-m layout-padded\">Etterforskningen av Bolton begynte under Biden-administrasjonen, opplyser en kilde til Bloomberg.<\/p>\n<p class=\"_paragraph_o9xde_4 _paragraph_xtcu6_10 layout-component text-serif-m layout-normal text-serif-m layout-padded\">Bolton har benektet anklagene. En talsperson for justisdepartementet \u00f8nsker ikke \u00e5 kommentere saken.<\/p>\n<p class=\"_paragraph_o9xde_4 _paragraph_xtcu6_10 layout-component text-serif-m layout-normal text-serif-m layout-padded\">I slutten av august gikk FBI-agenter til <a href=\"https:\/\/www.vg.no\/nyheter\/i\/xmL4JX\/new-york-post-fbi-agenter-til-aksjon-mot-john-boltons-hus\" data-track-element-type=\"Link\" data-track-id=\"link:xmL4JX\" class=\"_link_o9xde_39\" rel=\"nofollow noopener\" target=\"_blank\">aksjon<\/a> mot Boltons hus Bethesda i Maryland. <\/p>\n<ul class=\"_gallery_1qa3s_23\" tabindex=\"0\">\n<li class=\"_item_1qa3s_37\" data-index=\"0\"><img decoding=\"async\" class=\"_image_foru8_23 _articleGallery_foru8_39\" data-fullscreen- width=\"5500\" height=\"3667\" itemprop=\"image\" loading=\"lazy\"  src=\"https:\/\/www.europesays.com\/no\/wp-content\/uploads\/2025\/10\/b5d5e916-6e5d-4621-b909-99ff7d6036da\"  style=\"object-position:50% 50%;aspect-ratio:var(--gallery-aspect-ratio, 16 \/ 9)\"\/>Foto: Tasos Katopodis \/ Reuters \/ NTB<\/li>\n<li class=\"_item_1qa3s_37\" data-index=\"1\"><img decoding=\"async\" class=\"_image_foru8_23 _articleGallery_foru8_39\" data-fullscreen- width=\"4920\" height=\"3280\" itemprop=\"image\" loading=\"lazy\"  src=\"https:\/\/www.europesays.com\/no\/wp-content\/uploads\/2025\/10\/3351e221-52f1-458e-86de-1b92e8e1388e\"  style=\"object-position:50% 50%;aspect-ratio:var(--gallery-aspect-ratio, 16 \/ 9)\"\/>Foto: Tasos Katopodis \/ Reuters \/ NTB<\/li>\n<li class=\"_item_1qa3s_37\" data-index=\"2\"><img decoding=\"async\" class=\"_image_foru8_23 _articleGallery_foru8_39\" data-fullscreen- width=\"5500\" height=\"3667\" itemprop=\"image\" loading=\"lazy\"  src=\"https:\/\/www.europesays.com\/no\/wp-content\/uploads\/2025\/10\/00c8a415-1eca-4650-84eb-b27db8663b5f\"  style=\"object-position:50% 50%;aspect-ratio:var(--gallery-aspect-ratio, 16 \/ 9)\"\/>Foto: Tasos Katopodis \/ Reuters \/ NTB<\/li>\n<\/ul>\n<p>Foto: Tasos Katopodis \/ Reuters \/ NTB<\/p>\n<p class=\"_paragraph_o9xde_4 _paragraph_xtcu6_10 layout-component text-serif-m layout-normal text-serif-m layout-padded\">Den gang beslagla agentene flere dokumenter merket \u00abhemmelig\u00bb, \u00abkonfidensiell\u00bb og \u00abgradert\u00bb, inkludert noen om masse\u00f8deleggelsesv\u00e5pen, viser rettsdokumenter, if\u00f8lge CNN.<\/p>\n<p class=\"_paragraph_o9xde_4 _paragraph_xtcu6_10 layout-component text-serif-m layout-normal text-serif-m layout-padded\">Nylig har ogs\u00e5 tidligere FBI-direkt\u00f8r James Comey og New Yorks statsadvokat Letitia James f\u00e5tt tiltale mot seg. Begge har benektet anklagene og sagt de vil kjempe mot dem i retten.<\/p>\n","protected":false},"excerpt":{"rendered":"USAs tidligere sikkerhetsr\u00e5dgiver anklages for \u00e5 ha h\u00e5ndtert graderte dokumenter feil. Foto: Michael Dwyer \/ AP \/ NTB&hellip;\n","protected":false},"author":2,"featured_media":62444,"comment_status":"","ping_status":"","sticky":false,"template":"","format":"standard","meta":{"footnotes":""},"categories":[12],"tags":[31,20,21,24,25,15,22,23,13,30,28,29,14,16,26,27,50,42,43,44,45],"class_list":{"0":"post-62443","1":"post","2":"type-post","3":"status-publish","4":"format-standard","5":"has-post-thumbnail","7":"category-verden","8":"tag-breaking","9":"tag-breaking-news","10":"tag-breakingnews","11":"tag-featured-news","12":"tag-featurednews","13":"tag-headlines","14":"tag-latest-news","15":"tag-latestnews","16":"tag-news","17":"tag-no","18":"tag-norge","19":"tag-norway","20":"tag-nyheter","21":"tag-overskrifter","22":"tag-top-stories","23":"tag-topstories","24":"tag-usa","25":"tag-verden","26":"tag-world","27":"tag-world-news","28":"tag-worldnews"},"share_on_mastodon":{"url":"","error":""},"_links":{"self":[{"href":"https:\/\/www.europesays.com\/no\/wp-json\/wp\/v2\/posts\/62443","targetHints":{"allow":["GET"]}}],"collection":[{"href":"https:\/\/www.europesays.com\/no\/wp-json\/wp\/v2\/posts"}],"about":[{"href":"https:\/\/www.europesays.com\/no\/wp-json\/wp\/v2\/types\/post"}],"author":[{"embeddable":true,"href":"https:\/\/www.europesays.com\/no\/wp-json\/wp\/v2\/users\/2"}],"replies":[{"embeddable":true,"href":"https:\/\/www.europesays.com\/no\/wp-json\/wp\/v2\/comments?post=62443"}],"version-history":[{"count":0,"href":"https:\/\/www.europesays.com\/no\/wp-json\/wp\/v2\/posts\/62443\/revisions"}],"wp:featuredmedia":[{"embeddable":true,"href":"https:\/\/www.europesays.com\/no\/wp-json\/wp\/v2\/media\/62444"}],"wp:attachment":[{"href":"https:\/\/www.europesays.com\/no\/wp-json\/wp\/v2\/media?parent=62443"}],"wp:term":[{"taxonomy":"category","embeddable":true,"href":"https:\/\/www.europesays.com\/no\/wp-json\/wp\/v2\/categories?post=62443"},{"taxonomy":"post_tag","embeddable":true,"href":"https:\/\/www.europesays.com\/no\/wp-json\/wp\/v2\/tags?post=62443"}],"curies":[{"name":"wp","href":"https:\/\/api.w.org\/{rel}","templated":true}]}}