{"id":62451,"date":"2025-10-16T21:21:13","date_gmt":"2025-10-16T21:21:13","guid":{"rendered":"https:\/\/www.europesays.com\/no\/62451\/"},"modified":"2025-10-16T21:21:13","modified_gmt":"2025-10-16T21:21:13","slug":"universitetet-i-bergen-politikk-boris-johnson-kommer-til-bergen-og-skal-delta-i-holbergdebatten","status":"publish","type":"post","link":"https:\/\/www.europesays.com\/no\/62451\/","title":{"rendered":"Universitetet i Bergen, Politikk | Boris Johnson kommer til Bergen og skal delta i Holbergdebatten"},"content":{"rendered":"\n<p>9. desember arrangeres Holbergdebatten i universitetsaulaen i Bergen. Dette er en \u00e5rlig debatt som skal finne svar p\u00e5 viktige samfunnssp\u00f8rsm\u00e5l.<\/p>\n<p><b>I \u00e5r kommer ingen ringere enn Boris Johnson (Det Konservative Partiet) for \u00e5 delta i debatten.<\/b><\/p>\n<p>Han skal v\u00e6re en av tre deltakere i en diskusjon om kollektiv sikkerhet og global stabilitet.<\/p>\n<p>Rufsete fyr<\/p>\n<p><b>Boris Johnson var statsminister i Storbritannia fra 2019 til 2022, og er kanskje mest kjent for sin rufsete stil, enda mer rufsete h\u00e5r og for \u00e5 ha frontet Brexit-kampanjen som f\u00f8rte Storbritannia ut av EU i 2020.<\/b><\/p>\n<p>   <img decoding=\"async\" width=\"7661\" height=\"5107\" fetchpriority=\"low\"  loading=\"lazy\"  src=\"https:\/\/www.europesays.com\/no\/wp-content\/uploads\/2025\/10\/NTB_fBh9CU93djs.jpg\" alt=\"Former Britain's Prime Minister Boris Johnson arrives to attend a Service of Thanksgiving at Westminster Abbey on V-E Day in London, Thursday, May 8, 2025.(AP Photo\/Kirsty Wigglesworth)\" class=\"brick-c-cFOWSL\" style=\"--brick-image-ratio: 7661 \/ 5107;\"\/><\/p>\n<p>    Boris Johnson er kjent for sin lyse manke.<br \/>\n    Foto: Kirsty Wigglesworth\n  <\/p>\n<p>Tidligere har han blant annet v\u00e6rt journalist, forfatter, borgermester i London og Storbritannias utenriksminister fra 2016 til 2018.<\/p>\n<p>Man kan nok trygt si at Johnson b\u00e5de er kontroversiell, og en av verdens mest kjente politikere.<\/p>\n<p><b>Etter at han trakk seg som statsminister i 2022, og deretter forlot Parlamentet i 2023, har han hovedsakelig jobbet som forfatter, foredragsholder og kommentator.<\/b><\/p>\n<p>Trekkplaster<\/p>\n<p><b>De to andre deltakerne i debatten er for \u00f8vrig statsviter og fredsforsker Mary Kaldor, samt statsviter Stephen Walt. Debatten ledes av den britiske journalisten Stephen Sackur.<\/b><\/p>\n<p>\u00abKan prinsipper om kollektiv sikkerhet overleve hvis internasjonal politikk i \u00f8kende grad preges av skarp konkurranse mellom stormakter?\u00bb, er et av flere sp\u00f8rsm\u00e5l som de skal snakke om.<\/p>\n<p>\u2013 Jeg tror det kommer til \u00e5 bli en relevant diskusjon om et viktig tema n\u00e5 som Europa st\u00e5r i brann, sier Ole Andreas Sandmo, kommunikasjonsr\u00e5dgiver ved universitetsdirekt\u00f8rens kontor.<\/p>\n<p>Han omtaler Kaldor og Walt som to \u00abstjerneforskere\u00bb, mens Sackur skal v\u00e6re kapabel til \u00e5 hamle opp med de sterke personlighetene i panelet.<\/p>\n<p>\u2013 Tror du Boris Johnson blir et trekkplaster til debatten?<\/p>\n<p>\u2013 Ja, det blir han. Men det er viktig \u00e5 f\u00e5 frem at alle tre er viktige stemmer i denne debatten. Litt av hensikten er \u00e5 f\u00e5 til en debatt med folk med ulik erfaringsbakgrunn. Forh\u00e5pentligvis kommer de frem til noe nytt, og ikke bare noe som folk har h\u00f8rt mange ganger f\u00f8r, svarer Sandmo.<\/p>\n<p><b>Selve debatten er gratis, og kan ogs\u00e5 f\u00f8lges via Youtube.<\/b><\/p>\n<p>   <img decoding=\"async\" width=\"8640\" height=\"5760\" fetchpriority=\"low\"  loading=\"lazy\"  src=\"https:\/\/www.europesays.com\/no\/wp-content\/uploads\/2025\/10\/NTB_Kfh1-eOcFmo.jpg\" alt=\"A demonstrator holds a banner after Britain's former Prime Minister Boris Johnson arrived to give evidence at the Covid-19 Inquiry in London, Wednesday, Dec. 6, 2023. (AP Photo\/Kirsty Wigglesworth)\" class=\"brick-c-cFOWSL\" style=\"--brick-image-ratio: 8640 \/ 5760;\"\/><\/p>\n<p>    Johnson ble kritisert for fester i statsministerboligen under koronapandemien.<br \/>\n    Foto: Kirsty Wigglesworth\n  <\/p>\n","protected":false},"excerpt":{"rendered":"9. desember arrangeres Holbergdebatten i universitetsaulaen i Bergen. Dette er en \u00e5rlig debatt som skal finne svar p\u00e5&hellip;\n","protected":false},"author":2,"featured_media":62452,"comment_status":"","ping_status":"","sticky":false,"template":"","format":"standard","meta":{"footnotes":""},"categories":[12],"tags":[9101,36,9100,20,21,24,25,15,22,23,13,30,28,29,14,16,41,1510,26,27,9099,42,43,44,45],"class_list":{"0":"post-62451","1":"post","2":"type-post","3":"status-publish","4":"format-standard","5":"has-post-thumbnail","7":"category-verden","8":"tag-akademia","9":"tag-art","10":"tag-boris-johnson","11":"tag-breaking-news","12":"tag-breakingnews","13":"tag-featured-news","14":"tag-featurednews","15":"tag-headlines","16":"tag-latest-news","17":"tag-latestnews","18":"tag-news","19":"tag-no","20":"tag-norge","21":"tag-norway","22":"tag-nyheter","23":"tag-overskrifter","24":"tag-politikk","25":"tag-story","26":"tag-top-stories","27":"tag-topstories","28":"tag-universitetet-i-bergen","29":"tag-verden","30":"tag-world","31":"tag-world-news","32":"tag-worldnews"},"share_on_mastodon":{"url":"","error":""},"_links":{"self":[{"href":"https:\/\/www.europesays.com\/no\/wp-json\/wp\/v2\/posts\/62451","targetHints":{"allow":["GET"]}}],"collection":[{"href":"https:\/\/www.europesays.com\/no\/wp-json\/wp\/v2\/posts"}],"about":[{"href":"https:\/\/www.europesays.com\/no\/wp-json\/wp\/v2\/types\/post"}],"author":[{"embeddable":true,"href":"https:\/\/www.europesays.com\/no\/wp-json\/wp\/v2\/users\/2"}],"replies":[{"embeddable":true,"href":"https:\/\/www.europesays.com\/no\/wp-json\/wp\/v2\/comments?post=62451"}],"version-history":[{"count":0,"href":"https:\/\/www.europesays.com\/no\/wp-json\/wp\/v2\/posts\/62451\/revisions"}],"wp:featuredmedia":[{"embeddable":true,"href":"https:\/\/www.europesays.com\/no\/wp-json\/wp\/v2\/media\/62452"}],"wp:attachment":[{"href":"https:\/\/www.europesays.com\/no\/wp-json\/wp\/v2\/media?parent=62451"}],"wp:term":[{"taxonomy":"category","embeddable":true,"href":"https:\/\/www.europesays.com\/no\/wp-json\/wp\/v2\/categories?post=62451"},{"taxonomy":"post_tag","embeddable":true,"href":"https:\/\/www.europesays.com\/no\/wp-json\/wp\/v2\/tags?post=62451"}],"curies":[{"name":"wp","href":"https:\/\/api.w.org\/{rel}","templated":true}]}}