{"id":62459,"date":"2025-10-16T21:28:15","date_gmt":"2025-10-16T21:28:15","guid":{"rendered":"https:\/\/www.europesays.com\/no\/62459\/"},"modified":"2025-10-16T21:28:15","modified_gmt":"2025-10-16T21:28:15","slug":"ki-dronene-gjor-forsvarsteknologien-var-utdatert","status":"publish","type":"post","link":"https:\/\/www.europesays.com\/no\/62459\/","title":{"rendered":"KI-dronene gj\u00f8r forsvarsteknologien v\u00e5r utdatert"},"content":{"rendered":"<p class=\"text-md pt-2 pb-8 mb-3 text-base border-b border-brandNeutral-900 dark:border-brandNeutral-100\">Dette debattinnlegget gir uttrykk for skribentens meninger. Innlegg kan sendes til debatt@tu.no.<\/p>\n<p>Den neste store terrortrusselen kommer ikke fra en selvmordsbomber p\u00e5 bakken, men fra lavtflyvende droner. Dette er et\u00a0teknisk faktum\u00a0som avsl\u00f8rer et alvorlig s\u00e5rbarhetsgap i Vestens forsvarsteknologi.<\/p>\n<p>Krigen i Ukraina, anf\u00f8rt av den russiske\u00a0Lancet-dronen, beviser at trusselen har beveget seg langt forbi den enkle, kommersielle dronen. V\u00e5rt\u00a0Counter-UAS (C-UAS)-forsvar, alts\u00e5\u00a0systemer som er designet for \u00e5 oppdage, spore, identifisere og n\u00f8ytralisere droner (UAS), er i ferd med \u00e5 bli utdatert.<\/p>\n<p>Kampen om teknologisk overherred\u00f8mme<img decoding=\"async\" width=\"332\" class=\" cursor-pointer w-full sm:w-auto\" src=\"https:\/\/www.europesays.com\/no\/wp-content\/uploads\/2025\/10\/Diyako%20Baroz.jpg\"  alt=\"Krigen i Ukraina er et\u00a0h\u00f8yhastighetslaboratorium\u00a0for forsvarsindustrien, p\u00e5peker Diyako Baroz. Foto: \u00a0Privat\" loading=\"lazy\"\/>Krigen i Ukraina er et\u00a0h\u00f8yhastighetslaboratorium\u00a0for forsvarsindustrien, p\u00e5peker Diyako Baroz. Foto: \u00a0Privat <\/p>\n<p>Dronens lave terskel for bruk har skapt\u00a0innovativ terrorisme\u00a0\u2013 fra IS til ekstreme ideologiske celler. Men den virkelige ingeni\u00f8rutfordringen ligger i \u00e5 m\u00f8te den nye generasjonen av systemer.<\/p>\n<p>Sikkerhetsmyndighetene vurderer at\u00a0ulike ekstremistiske grupper\u00a0(som islamistiske, h\u00f8yreorienterte og anarko-aktivistiske celler) tiltrekkes av denne teknologien, fordi den gir maksimal effekt uten personlig risiko. PSTs nasjonale trusselvurderinger bekrefter at trusselen fra slike voldelige, ikke-statlige akt\u00f8rer\u00a0<a id=\"m_-2752216756221725961OWA3548d265-4877-cc6c-73d5-51008914e703\" href=\"https:\/\/www.pst.no\/globalassets\/2025\/nasjonal-trusselvurdering-2025\/nasjonal-trusselvurdering-2025_no_web.pdf\" target=\"_blank\" rel=\"noopener nofollow\" data-saferedirecturl=\"https:\/\/www.google.com\/url?q=https:\/\/www.pst.no\/globalassets\/2025\/nasjonal-trusselvurdering-2025\/nasjonal-trusselvurdering-2025_no_web.pdf&amp;source=gmail&amp;ust=1760345047260000&amp;usg=AOvVaw1PL6Hm7fFyXR_p8JoOuO7_\">er vedvarende og alvorlig<\/a>.<\/p>\n<p>V\u00e5r teknologiske akillesh\u00e6l er at vi stoler for mye p\u00e5\u00a0RF-jamming. Denne teknikken er nesten irrelevant mot droner som bruker KI-basert navigasjon\u00a0eller minimal kommunikasjon, spesielt de som eksperimenterer med\u00a0<a id=\"m_-2752216756221725961OWA50c923c3-1ba8-b1ef-eabd-fedc11624ff5\" href=\"https:\/\/www.tv2.no\/nyheter\/innenriks\/slik-skal-de-vinne-fremtidens-krig\/17862978\/\" target=\"_blank\" rel=\"noopener nofollow\" data-saferedirecturl=\"https:\/\/www.google.com\/url?q=https:\/\/www.tv2.no\/nyheter\/innenriks\/slik-skal-de-vinne-fremtidens-krig\/17862978\/&amp;source=gmail&amp;ust=1760345047260000&amp;usg=AOvVaw0vWbbqbbydd92iEnJ_07xe\">fiberoptikk-styring<\/a>\u00a0for \u00e5 bli fullstendig immune mot jamming. En dronestrategi basert p\u00e5 \u00e5 fly autonomt fra titalls kilometers avstand, fjerner risikoen for operat\u00f8ren og umuliggj\u00f8r tradisjonelle mottiltak.<\/p>\n<p>Krigen i Ukraina er et\u00a0h\u00f8yhastighetslaboratorium\u00a0for forsvarsindustrien. Russland har industrialisert\u00a0Lancet-dronen\u00a0(Lancet-3), som n\u00e5 er en sentral del av den russiske\u00a0<a id=\"m_-2752216756221725961OWA1ecd2e0c-3d5d-d091-23ca-277bca378ea0\" href=\"https:\/\/greydynamics.com\/lancet-3-russias-spear-in-the-sky\/\" target=\"_blank\" rel=\"noopener nofollow\" data-saferedirecturl=\"https:\/\/www.google.com\/url?q=https:\/\/greydynamics.com\/lancet-3-russias-spear-in-the-sky\/&amp;source=gmail&amp;ust=1760345047260000&amp;usg=AOvVaw2E_-bDN5x7oSvSnOBAk17B\">kontra-batterikampen<\/a>. Lancets kontinuerlige forbedring med autonom\u00a0<a id=\"m_-2752216756221725961OWA2aab90ac-0693-0fb9-2c24-9c108d0b4476\" href=\"https:\/\/www.google.com\/search?q=https:\/\/tadviser.com\/index.php\/Product:Lancet_%2528kamikaze_%2529\" target=\"_blank\" rel=\"noopener nofollow\" data-saferedirecturl=\"https:\/\/www.google.com\/url?q=https:\/\/www.google.com\/search?q%3Dhttps:\/\/tadviser.com\/index.php\/Product:Lancet_%252528kamikaze_%252529&amp;source=gmail&amp;ust=1760345047260000&amp;usg=AOvVaw0Klq-nnHfZB89j1vLz7M7q\">m\u00e5lsporing<\/a>\u00a0og EW-motstand skaper et trusselbilde der den neste angriperen vil bruke en\u00a0kombinasjon\u00a0av jamming og autonome droner for \u00e5 overvelde forsvar.<\/p>\n<p>Konsekvenser for norsk kritisk infrastruktur<\/p>\n<p>Dette tekniske skiftet er direkte relevant for Norge. Droneaktiviteten ved europeiske flyplasser de siste ukene har understreket trusselen. I Norge ble det registrert\u00a0<a id=\"m_-2752216756221725961OWA2605e8d5-3b5a-edbe-4b34-0fcd0fc056c2\" href=\"https:\/\/www.tu.no\/nyhetsstudio\/over-500-dronehendelser-ved-norske-flyplasser-i-fjor\/89757\" target=\"_blank\" rel=\"noopener nofollow\" data-saferedirecturl=\"https:\/\/www.google.com\/url?q=https:\/\/www.tu.no\/nyhetsstudio\/over-500-dronehendelser-ved-norske-flyplasser-i-fjor\/89757&amp;source=gmail&amp;ust=1760345047260000&amp;usg=AOvVaw3L5Jw3wTpSg51QWTI3gNMy\">over 500 hendelser<\/a>\u00a0i fjor. Disse hendelsene, sammen med systematisk aktivitet i land som Danmark, er en\u00a0strategisk penetrasjon\u00a0utf\u00f8rt av fiendtlige akt\u00f8rer. M\u00e5let er \u00e5 teste v\u00e5r tekniske evne til \u00e5 oppdage og n\u00f8ytralisere en trussel f\u00f8r den rammer\u00a0kritisk infrastruktur. V\u00e5r reaksjonsevne er for treg, fanget i et byr\u00e5kratisk prinsipp som er for sakte for fiendens\u00a0hastighetsprinsipp.<\/p>\n<p>Vi m\u00e5 umiddelbart foreta et\u00a0doktrin\u00e6rt skifte. Vi m\u00e5 g\u00e5 fra reaktiv beskyttelse til en\u00a0proaktiv, integrert C-UAS-doktrine. Dette betyr massiv investering i\u00a0<a id=\"m_-2752216756221725961OWA3e7dbf92-e352-c209-4400-34ae21dde6a5\" href=\"https:\/\/www.tu.no\/artikler\/terrorangrep-med-droner-dette-er-utfordringene-og-noen-losninger-for-kritisk-infrastruktur-i-norge-br\/474312\" target=\"_blank\" rel=\"noopener nofollow\" data-saferedirecturl=\"https:\/\/www.google.com\/url?q=https:\/\/www.tu.no\/artikler\/terrorangrep-med-droner-dette-er-utfordringene-og-noen-losninger-for-kritisk-infrastruktur-i-norge-br\/474312&amp;source=gmail&amp;ust=1760345047260000&amp;usg=AOvVaw1n5w5mE5SxlMGLFQzRKvSL\">neste generasjons mottiltak<\/a>\u00a0\u2013 inkludert\u00a0AI-integrert akustisk og radarsensorikk\u00a0for \u00e5 identifisere sm\u00e5 trusler, samt utvikling og deployering av effektive\u00a0hard-kill\u00a0systemer (laser, nett, eller kinetiske systemer) for \u00e5 n\u00f8ytralisere autonome droner.<\/p>\n<p>Krav om teknologisk opprustning<\/p>\n<p>Dette krever handling p\u00e5 flere niv\u00e5er.\u00a0<a id=\"m_-2752216756221725961OWA31e585b7-5c59-7b25-8155-69edad0b1be9\" href=\"https:\/\/www.google.com\/search?q=https:\/\/www.un.org\/counterterrorism\/ctitf\/unmanned-aircraft-systems-uas\" target=\"_blank\" rel=\"noopener nofollow\" data-saferedirecturl=\"https:\/\/www.google.com\/url?q=https:\/\/www.google.com\/search?q%3Dhttps:\/\/www.un.org\/counterterrorism\/ctitf\/unmanned-aircraft-systems-uas&amp;source=gmail&amp;ust=1760345047260000&amp;usg=AOvVaw2vHc24RNs3w_AizBPjzWZg\">FNs fokus p\u00e5 internasjonalt samarbeid<\/a>\u00a0og en revidert\u00a0<a id=\"m_-2752216756221725961OWA28e7f790-0c4a-093d-f829-e592e45ea7aa\" href=\"https:\/\/www.regjeringen.no\/contentassets\/a74960882df34d28a5e272071b4e7d80\/nasjonal-kontraterrorstrategi_revidering-2022.pdf\" target=\"_blank\" rel=\"noopener nofollow\" data-saferedirecturl=\"https:\/\/www.google.com\/url?q=https:\/\/www.regjeringen.no\/contentassets\/a74960882df34d28a5e272071b4e7d80\/nasjonal-kontraterrorstrategi_revidering-2022.pdf&amp;source=gmail&amp;ust=1760345047260000&amp;usg=AOvVaw1IITUvUupqEeEX9B2pmZp_\">nasjonal kontraterrorstrategi<\/a>\u00a0m\u00e5 gi operat\u00f8rene juridisk og teknisk fleksibilitet til \u00e5 handle. Vi m\u00e5 matche fiendens innovasjonsvilje. Tiden for \u00e5 diskutere trusselen er over, n\u00e5 m\u00e5 ingeni\u00f8rkunsten og politikken levere mottiltakene.<\/p>\n<p><a class=\"group clear-both w-full !no-underline my-8 sm:my-12 bg-stone-50 dark:bg-brandStone-700 dark:text-brandNeutral-100 flex items-stretch flex-nowrap\" href=\"https:\/\/www.tu.no\/artikler\/danmark-har-skjerpet-droneforsvaret-for-eu-toppmote-i-kobenhavn\/562779\" rel=\"nofollow noopener\" target=\"_blank\"><img decoding=\"async\" class=\" object-cover h-full w-full transition-transform duration-700 ease-in-out group-hover:scale-[1.05] will-change-transform\" src=\"https:\/\/www.europesays.com\/no\/wp-content\/uploads\/2025\/10\/F220%20hamburg.jpg\"  alt=\"Et slikt lastebilbasert Weibel Xenta-M5 radarsystem er n\u00e5 installert ved K\u00f8benhavn lufthavn. Det skal v\u00e6re spesielt utviklet for \u00e5 oppdage droner.\" loading=\"lazy\"\/><\/p>\n<p>Les ogs\u00e5:<\/p>\n<p class=\"group-hover:underline text-brandNeutral-900 dark:text-brandNeutral-100 mt-2 text-base sm:text-xl leading-5 sm:leading-6 font-bold\">Slik skjerpes droneforsvaret f\u00f8r toppm\u00f8tet i K\u00f8benhavn<\/p>\n<p><\/a><\/p>\n","protected":false},"excerpt":{"rendered":"Dette debattinnlegget gir uttrykk for skribentens meninger. Innlegg kan sendes til debatt@tu.no. Den neste store terrortrusselen kommer ikke&hellip;\n","protected":false},"author":2,"featured_media":62460,"comment_status":"","ping_status":"","sticky":false,"template":"","format":"standard","meta":{"footnotes":""},"categories":[12],"tags":[20,21,37,1014,24,25,226,15,467,22,23,13,30,28,29,14,16,26,27,42,43,44,45],"class_list":{"0":"post-62459","1":"post","2":"type-post","3":"status-publish","4":"format-standard","5":"has-post-thumbnail","7":"category-verden","8":"tag-breaking-news","9":"tag-breakingnews","10":"tag-debatt","11":"tag-droner","12":"tag-featured-news","13":"tag-featurednews","14":"tag-forsvar","15":"tag-headlines","16":"tag-kunstig-intelligens","17":"tag-latest-news","18":"tag-latestnews","19":"tag-news","20":"tag-no","21":"tag-norge","22":"tag-norway","23":"tag-nyheter","24":"tag-overskrifter","25":"tag-top-stories","26":"tag-topstories","27":"tag-verden","28":"tag-world","29":"tag-world-news","30":"tag-worldnews"},"share_on_mastodon":{"url":"","error":""},"_links":{"self":[{"href":"https:\/\/www.europesays.com\/no\/wp-json\/wp\/v2\/posts\/62459","targetHints":{"allow":["GET"]}}],"collection":[{"href":"https:\/\/www.europesays.com\/no\/wp-json\/wp\/v2\/posts"}],"about":[{"href":"https:\/\/www.europesays.com\/no\/wp-json\/wp\/v2\/types\/post"}],"author":[{"embeddable":true,"href":"https:\/\/www.europesays.com\/no\/wp-json\/wp\/v2\/users\/2"}],"replies":[{"embeddable":true,"href":"https:\/\/www.europesays.com\/no\/wp-json\/wp\/v2\/comments?post=62459"}],"version-history":[{"count":0,"href":"https:\/\/www.europesays.com\/no\/wp-json\/wp\/v2\/posts\/62459\/revisions"}],"wp:featuredmedia":[{"embeddable":true,"href":"https:\/\/www.europesays.com\/no\/wp-json\/wp\/v2\/media\/62460"}],"wp:attachment":[{"href":"https:\/\/www.europesays.com\/no\/wp-json\/wp\/v2\/media?parent=62459"}],"wp:term":[{"taxonomy":"category","embeddable":true,"href":"https:\/\/www.europesays.com\/no\/wp-json\/wp\/v2\/categories?post=62459"},{"taxonomy":"post_tag","embeddable":true,"href":"https:\/\/www.europesays.com\/no\/wp-json\/wp\/v2\/tags?post=62459"}],"curies":[{"name":"wp","href":"https:\/\/api.w.org\/{rel}","templated":true}]}}