{"id":62461,"date":"2025-10-16T21:29:20","date_gmt":"2025-10-16T21:29:20","guid":{"rendered":"https:\/\/www.europesays.com\/no\/62461\/"},"modified":"2025-10-16T21:29:20","modified_gmt":"2025-10-16T21:29:20","slug":"over-sju-millioner-kan-do","status":"publish","type":"post","link":"https:\/\/www.europesays.com\/no\/62461\/","title":{"rendered":"Over sju millioner kan d\u00f8"},"content":{"rendered":"<p class=\"kicker \" style=\"\">Frykter ny pandemi:<\/p>\n<p>  Epidemiolog advarer om at neste pandemi kan bli langt verre enn covid-19. &#8211; Vi er ikke forberedt, sier han.<\/p>\n<p>\n    &#8211; IKKE BEREDT: Et 3D-illustrasjonsbilde av flere ulike typer virus. Foto: Shutterstock\n  <\/p>\n<p>    Kort fortalt<\/p>\n<ul lang=\"nb-NO\">\n<li>Epidemiologen Michael Osterholm advarer om at neste pandemi kan bli verre enn covid-19.<\/li>\n<li>Han mener verdens beredskap er svak og politiske ledere undervurderer faren.<\/li>\n<li>Osterholm peker p\u00e5 s\u00e5rbare forsyningskjeder og urettferdig vaksinefordeling som store utfordringer.<\/li>\n<li>Til tross for advarslene, mener han at det fortsatt er tid til \u00e5 forberede seg bedre.<\/li>\n<\/ul>\n<p class=\"italic ai-disclaimer\" data-lab-italic=\"italic\">Sammendraget er laget av ChatGPT og godkjent av Dagbladet.<\/p>\n<p>      Vis mer<br \/>\n      Vis mindre<\/p>\n<p>Professoren og epidemiologen Michael Osterholm er kjent som r\u00e5dgiver for Det hvite hus under koronapandemien.<\/p>\n<p class=\"font-weight-bold m-font-weight-bold\" data-lab-font_weight=\"font-weight-bold\">N\u00e5 advarer han om at neste globale pandemi kan bli langt verre enn covid-19.<\/p>\n<p>Det skriver vitenskapsnettstedet\u00a0<a href=\"https:\/\/www.livescience.com\/health\/viruses-infections-disease\/the-big-one-could-be-even-worse-than-covid-19-heres-what-epidemiologist-michael-osterholm-says-we-can-learn-from-past-pandemics?utm_source=chatgpt.com\" target=\"_new\" rel=\"nofollow noopener\">Live Science<\/a>.<\/p>\n<p>          <img loading=\"lazy\" decoding=\"async\" src=\"https:\/\/www.europesays.com\/no\/wp-content\/uploads\/2025\/10\/83730908.webp\" width=\"686\" height=\"357\" title=\"ADVARER: Professor og epidemiolog Michael Osterholm. Foto: University of Minnesota\" alt=\"\" class=\"\" style=\"--aspect-ratio-image: 1.92; \"\/><\/p>\n<p>\n          ADVARER: Professor og epidemiolog Michael Osterholm. Foto: University of Minnesota\n      <\/p>\n<p>Osterholm er aktuell med boka \u00abThe Big One\u00bb, som tar for seg hva verden l\u00e6rte &#8211; og ikke l\u00e6rte &#8211; av pandemien.\u00a0<\/p>\n<p>    <a itemprop=\"url\" href=\"https:\/\/dinside.dagbladet.no\/fritid\/nytt-funn-aldri-sett-for\/82668554\" rel=\"nofollow noopener\" target=\"_blank\"><\/p>\n<p>      <img loading=\"lazy\" decoding=\"async\" src=\"https:\/\/www.europesays.com\/no\/wp-content\/uploads\/2025\/10\/1760650151_777_82668650.webp\" width=\"147\" height=\"100\" title=\"Ekspertene m\u00e5per: Aldri sett f\u00f8r\" alt=\"\" class=\"lazyload\" style=\"--aspect-ratio-image: 1.47; \"\/><\/p>\n<p>        Ekspertene m\u00e5per: Aldri sett f\u00f8r<\/p>\n<p>    <\/a><\/p>\n<p>Han mener beredskapen fortsatt er utilstrekkelig, og at politiske ledere globalt undervurderer risikoen.<\/p>\n<p>I sin egen podkast,\u00a0\u00ab<a href=\"https:\/\/podcasts.apple.com\/de\/podcast\/osterholm-update\/id1504360345\" rel=\"nofollow noopener\" target=\"_blank\">Osterholm Update<\/a>\u00bb, sier\u00a0Osterholm at \u00abvi har i praksis \u00f8delagt den kapasiteten vi hadde\u00bb til \u00e5 h\u00e5ndtere en ny pandemi.<\/p>\n<p>        DETEKTIV: Noen ganger m\u00e5 man g\u00e5 hardt til verks for \u00e5 avdekke ting selv ikke lagvenninnene vet om. Video: Schjesvold\/S\u00f8r\u00f8 Olsen\/Dagbladet TV-sporten<\/p>\n<p>Neste b\u00f8lge\t<\/p>\n<p> <a href=\"https:\/\/data.who.int\/dashboards\/covid19\/deaths?\" rel=\"nofollow noopener\" target=\"_blank\">Verdens helseorganisasjon<\/a> (WHO) opererer med rundt sju millioner bekreftede covid-19-d\u00f8dsfall, basert p\u00e5 registrerte data. <\/p>\n<p class=\"font-weight-bold m-font-weight-bold\" data-lab-font_weight=\"font-weight-bold\">&#8211; Enda flere kan d\u00f8 under en ny pandemi, hevder Osterholm.<\/p>\n<p>Han peker p\u00e5 at et framtidig virus kan bli b\u00e5de mer smittsomt og mer d\u00f8delig.<\/p>\n<p>Han mener verden fortsatt mangler de grunnleggende strukturene for \u00e5 h\u00e5ndtere et nytt utbrudd.<\/p>\n<p>          <img loading=\"lazy\" decoding=\"async\" src=\"https:\/\/www.europesays.com\/no\/wp-content\/uploads\/2025\/10\/83730822.webp\" width=\"980\" height=\"559\" title=\"UNNTAKSTILSTAND: Intensivsykepleier Anne Brekke og medisinstudent Aurora Refsum behandler en eldre kvinne med covid-19-symptomer p\u00e5 Diakonhjemmet sykehus i Oslo i 2020. Foto: Heiko Junge \/ NTB.\" alt=\"\" class=\"\" style=\"--aspect-ratio-image: 1.75; \"\/><\/p>\n<p>\n          UNNTAKSTILSTAND: Intensivsykepleier Anne Brekke og medisinstudent Aurora Refsum behandler en eldre kvinne med covid-19-symptomer p\u00e5 Diakonhjemmet sykehus i Oslo i 2020. Foto: Heiko Junge \/ NTB.\n      <\/p>\n<p>&#8211; L\u00e6rte ikke nok\t<\/p>\n<p>I tidsskriftet\u00a0<a href=\"https:\/\/www.nature.com\/articles\/s41541-023-00773-0?\" rel=\"nofollow noopener\" target=\"_blank\">Nature<\/a>\u00a0peker pandemiforskere p\u00e5 at risikoen fortsatt er h\u00f8y, drevet av urbanisering, global reiseaktivitet og klimaendringer.\u00a0<\/p>\n<p>I en\u00a0<a href=\"https:\/\/www.thelancet.com\/journals\/lancet\/article\/PIIS0140-6736%2822%2900172-6\/fulltext?\" rel=\"nofollow noopener\" target=\"_blank\">The Lancet-rapport<\/a>\u00a0blir det hevdet at mange land overvurderte sin egen beredskap f\u00f8r covid-19.<\/p>\n<p class=\"font-weight-bold m-font-weight-bold\" data-lab-font_weight=\"font-weight-bold\">&#8211; Vi l\u00e6rte mye under pandemien, men ikke nok. Mange av feilene kan gjenta seg, sier Osterholm.<\/p>\n<p>    <a itemprop=\"url\" href=\"https:\/\/www.dagbladet.no\/nyheter\/slar-alarm-hva-vil-skje\/83720779\" rel=\"nofollow noopener\" target=\"_blank\"><\/p>\n<p>      <img loading=\"lazy\" decoding=\"async\" src=\"https:\/\/www.europesays.com\/no\/wp-content\/uploads\/2025\/10\/1760650154_442_83725033.webp\" width=\"980\" height=\"441\" title=\"Sl\u00e5r alarm: - Hva vil skje?\" alt=\"\" class=\"lazyload\" style=\"--aspect-ratio-image: 2.22; \"\/><\/p>\n<p>        Sl\u00e5r alarm: &#8211; Hva vil skje?<\/p>\n<p>    <\/a><\/p>\n<p>          <img loading=\"lazy\" decoding=\"async\" src=\"https:\/\/www.europesays.com\/no\/wp-content\/uploads\/2025\/10\/83730886.webp\" width=\"980\" height=\"559\" title=\"MARS 2020: Aker legevakt har satt opp en pr\u00f8vetakingsstasjon der personer som mistenker at de er smittet av koronaviruset, kan komme med bil. Foto: Stian Lysberg Solum \/ NTB\" alt=\"\" class=\"\" style=\"--aspect-ratio-image: 1.75; \"\/><\/p>\n<p>\n          MARS 2020: Aker legevakt har satt opp en pr\u00f8vetakingsstasjon der personer som mistenker at de er smittet av koronaviruset, kan komme med bil. Foto: Stian Lysberg Solum \/ NTB\n      <\/p>\n<p>Manglet masker og medisiner\t<\/p>\n<p>Epidemiologen trekker s\u00e6rlig fram hvor s\u00e5rbare verdens forsyningskjeder er.\u00a0<\/p>\n<p> Under covid-19-pandemien oppsto det mangel p\u00e5 medisiner, masker, reservedeler og matvarer. <\/p>\n<p>          <img loading=\"lazy\" decoding=\"async\" src=\"https:\/\/www.europesays.com\/no\/wp-content\/uploads\/2025\/10\/83731884.webp\" width=\"980\" height=\"559\" title=\"HAMSTRING: Tomme hyller i en butikk i San Antonio i Texas, USA, mai 2022 etter koronarelaterte forsyningsproblemer. Foto: Eric Gay \/ AP \/ NTB\" alt=\"\" class=\"\" style=\"--aspect-ratio-image: 1.75; \"\/><\/p>\n<p>\n          HAMSTRING: Tomme hyller i en butikk i San Antonio i Texas, USA, mai 2022 etter koronarelaterte forsyningsproblemer. Foto: Eric Gay \/ AP \/ NTB\n      <\/p>\n<p>    <a itemprop=\"url\" href=\"https:\/\/www.dagbladet.no\/tema\/covid-eller-halsvirus-dette-skiller\/83654779\" rel=\"nofollow noopener\" target=\"_blank\"><\/p>\n<p>      <img loading=\"lazy\" decoding=\"async\" src=\"https:\/\/www.europesays.com\/no\/wp-content\/uploads\/2025\/10\/83662727.webp\" width=\"147\" height=\"98\" title=\"Covid eller halsvirus? Dette skiller\" alt=\"\" class=\"lazyload\" style=\"--aspect-ratio-image: 1.50; \"\/><\/p>\n<p>        Covid eller halsvirus? Dette skiller<\/p>\n<p>    <\/a><\/p>\n<p>Han mener land m\u00e5 gj\u00f8re seg mindre avhengige av import, og sikre nasjonal produksjon av grunnleggende varer.\u00a0<\/p>\n<p>En analyse i <a href=\"https:\/\/www.frontiersin.org\/journals\/public-health\/articles\/10.3389\/fpubh.2023.1274737\/\" rel=\"nofollow noopener\" target=\"_blank\">Frontiers in Public Health<\/a> viser hvordan svak logistikk rammet b\u00e5de Latin-Amerika og Europa under pandemien.<\/p>\n<p>        LIDER: 41 \u00e5r gamle Leanne Abeyance fra Telford i Storbritannia hevder hun lever i konstant smerte, uten muligheten til \u00e5 puste gjennom nesa, etter at hun fikk nye tenner i Tyrkia. Video: Tiktok\/@djabeyance. Reporter: Christina H. Korneliussen<\/p>\n<p>Urettferdig vaksinefordeling\t<\/p>\n<p>The Independent Panel for Pandemic Preparedness and Response (IPPPR) var et uavhengig internasjonalt ekspertpanel oppnevnt av WHO.<\/p>\n<p> Panelets m\u00e5l var \u00e5 gj\u00f8re covid-19 til den siste pandemien med s\u00e5 store \u00f8deleggelser. <\/p>\n<p>    <a itemprop=\"url\" href=\"https:\/\/www.dagbladet.no\/nyheter\/marerittbakterier-alvorlig-fare\/83639481\" rel=\"nofollow noopener\" target=\"_blank\"><\/p>\n<p>      <img loading=\"lazy\" decoding=\"async\" src=\"https:\/\/www.europesays.com\/no\/wp-content\/uploads\/2025\/10\/83639564.webp\" width=\"980\" height=\"441\" title=\"\u00abMarerittbakterier\u00bb: - Alvorlig fare\" alt=\"\" class=\"lazyload\" style=\"--aspect-ratio-image: 2.22; \"\/><\/p>\n<p>        \u00abMarerittbakterier\u00bb: &#8211; Alvorlig fare<\/p>\n<p>    <\/a><\/p>\n<p>Politikerne Helen Clark og Ellen Johnson Sirleaf ledet panelet, som i mai trakk samme konklusjon som Osterholm <\/p>\n<p><a href=\"https:\/\/theindependentpanel.org\/documents\/covid-19-make-it-the-last-pandemic_final\/\" rel=\"nofollow noopener\" target=\"_blank\">I rapporten\u00a0<\/a>omtaler de verdens beredskap som \u00abuegnet\u00bb, og foresl\u00e5r en global pandemiavtale<\/p>\n<p class=\"font-weight-normal m-font-weight-normal\" data-lab-font_weight=\"font-weight-normal\">I et intervju med <a href=\"https:\/\/www.theguardian.com\/global-development\/article\/2024\/jun\/18\/global-failure-to-prepare-for-future-pandemics-helen-clark-ellen-johnson-sirleaf-h5n1-mpox?\" rel=\"nofollow noopener\" target=\"_blank\">The Guardian<\/a> advarer Clark og Sirleaf om at verden er ille ute hvis vi ignorerer risikoen for nye virus, som fugleinfluensa og mpox:<\/p>\n<p class=\"font-weight-bold m-font-weight-bold\" data-lab-font_weight=\"font-weight-bold\">&#8211; Vi spiller russisk rulett med barns framtid.<\/p>\n<p>    <a itemprop=\"url\" href=\"https:\/\/www.dagbladet.no\/sport\/hevder-sykepleier-ble-voldtatt\/83727377\" rel=\"nofollow noopener\" target=\"_blank\"><\/p>\n<p>      <img loading=\"lazy\" decoding=\"async\" src=\"https:\/\/www.europesays.com\/no\/wp-content\/uploads\/2025\/10\/83727420.webp\" width=\"980\" height=\"441\" title=\"Hevder sykepleier ble voldtatt\" alt=\"\" class=\"lazyload\" style=\"--aspect-ratio-image: 2.22; \"\/><\/p>\n<p>        Hevder sykepleier ble voldtatt<\/p>\n<p>    <\/a><\/p>\n<p>Mener tiden er knapp\t<\/p>\n<p>Osterholm understreker at l\u00f8sningen ikke bare handler om vaksiner, men ogs\u00e5 om rettferdig fordeling, etikk og planlegging.<\/p>\n<p>Flere forskningsmilj\u00f8er st\u00f8tter opp under denne bekymringen.\u00a0<\/p>\n<p>En studie i <a href=\"https:\/\/academic.oup.com\/cid\/article\/77\/12\/1635\/7223127\" rel=\"nofollow noopener\" target=\"_blank\">Clinical Infectious Diseases<\/a> viser at feilinformasjon og lav tillit reduserte effekten av tiltakene mot covid-19.<\/p>\n<p>En annen studie i <a href=\"https:\/\/www.ssph-journal.org\/journals\/international-journal-of-public-health\/articles\/10.3389\/ijph.2022.1604961\/full\" rel=\"nofollow noopener\" target=\"_blank\">International Journal of Public Health<\/a> viser at beredskapstiltak ofte svekkes etter en krise<\/p>\n<p>Til tross for den sv\u00e6rt dystre advarselen, mener Osterholm at det fortsatt er mulig \u00e5 snu utviklingen.<\/p>\n<p class=\"font-weight-bold m-font-weight-bold\" data-lab-font_weight=\"font-weight-bold\">&#8211; Pandemier stopper ikke ved landegrenser. Den neste kan ramme oss hardere, men vi har fortsatt tid til \u00e5 forberede oss, sier han.<\/p>\n","protected":false},"excerpt":{"rendered":"Frykter ny pandemi: Epidemiolog advarer om at neste pandemi kan bli langt verre enn covid-19. &#8211; Vi er&hellip;\n","protected":false},"author":2,"featured_media":62462,"comment_status":"","ping_status":"","sticky":false,"template":"","format":"standard","meta":{"footnotes":""},"categories":[10],"tags":[20,21,24,25,15,22,23,13,30,28,29,14,16,26,27,412],"class_list":{"0":"post-62461","1":"post","2":"type-post","3":"status-publish","4":"format-standard","5":"has-post-thumbnail","7":"category-norge","8":"tag-breaking-news","9":"tag-breakingnews","10":"tag-featured-news","11":"tag-featurednews","12":"tag-headlines","13":"tag-latest-news","14":"tag-latestnews","15":"tag-news","16":"tag-no","17":"tag-norge","18":"tag-norway","19":"tag-nyheter","20":"tag-overskrifter","21":"tag-top-stories","22":"tag-topstories","23":"tag-utenriks"},"share_on_mastodon":{"url":"","error":""},"_links":{"self":[{"href":"https:\/\/www.europesays.com\/no\/wp-json\/wp\/v2\/posts\/62461","targetHints":{"allow":["GET"]}}],"collection":[{"href":"https:\/\/www.europesays.com\/no\/wp-json\/wp\/v2\/posts"}],"about":[{"href":"https:\/\/www.europesays.com\/no\/wp-json\/wp\/v2\/types\/post"}],"author":[{"embeddable":true,"href":"https:\/\/www.europesays.com\/no\/wp-json\/wp\/v2\/users\/2"}],"replies":[{"embeddable":true,"href":"https:\/\/www.europesays.com\/no\/wp-json\/wp\/v2\/comments?post=62461"}],"version-history":[{"count":0,"href":"https:\/\/www.europesays.com\/no\/wp-json\/wp\/v2\/posts\/62461\/revisions"}],"wp:featuredmedia":[{"embeddable":true,"href":"https:\/\/www.europesays.com\/no\/wp-json\/wp\/v2\/media\/62462"}],"wp:attachment":[{"href":"https:\/\/www.europesays.com\/no\/wp-json\/wp\/v2\/media?parent=62461"}],"wp:term":[{"taxonomy":"category","embeddable":true,"href":"https:\/\/www.europesays.com\/no\/wp-json\/wp\/v2\/categories?post=62461"},{"taxonomy":"post_tag","embeddable":true,"href":"https:\/\/www.europesays.com\/no\/wp-json\/wp\/v2\/tags?post=62461"}],"curies":[{"name":"wp","href":"https:\/\/api.w.org\/{rel}","templated":true}]}}