{"id":62507,"date":"2025-10-16T22:35:13","date_gmt":"2025-10-16T22:35:13","guid":{"rendered":"https:\/\/www.europesays.com\/no\/62507\/"},"modified":"2025-10-16T22:35:13","modified_gmt":"2025-10-16T22:35:13","slug":"kolstad-med-nytt-champions-league-tap-tobias-grondahl-herjet-mot-landslagskollegaer","status":"publish","type":"post","link":"https:\/\/www.europesays.com\/no\/62507\/","title":{"rendered":"Kolstad med nytt Champions League-tap \u2013 Tobias Gr\u00f8ndahl herjet mot landslagskollegaer"},"content":{"rendered":"\n<p class=\"_lead_o9xde_2 _lead_xtcu6_50 layout-component text-serif-m layout-normal text-serif-l layout-component layout-wide layout-padded _wide_17hqh_1 layout-padded\">Kolstad r\u00f8k 27-38 for F\u00fcchse Berlin og st\u00e5r med fire nederlag p\u00e5 fem kamper i puljespillet i Champions League-h\u00e5ndballen. Tobias Gr\u00f8ndahl sto fram for tyskerne.<\/p>\n<p> <img class=\"_image_qp4xg_65 layout-component layout-wide\" data-fullscreen- data-track-element-type=\"Article image fullscreen\" data-track-name=\"ImageFullscreen\" fetchpriority=\"high\" decoding=\"sync\" loading=\"eager\" height=\"102\" itemprop=\"image\"  src=\"https:\/\/www.europesays.com\/no\/wp-content\/uploads\/2025\/10\/19a9e1d6ef185886e4c400d07ef2dc3b.jpg\"  style=\"object-position:50% 50%;aspect-ratio:1.75;height:auto;object-fit:cover;width:100%\" width=\"102\"\/>  <\/p>\n<ul aria-hidden=\"true\" class=\"_images_1y6fe_106\">\n<li><a class=\"_link_1y6fe_111\" href=\"https:\/\/www.vg.no\/forfatter\/ntb\" style=\"z-index:1\" title=\"NTB\" rel=\"nofollow noopener\" target=\"_blank\"><img alt=\"Bilde av NTB\" class=\"_image_1y6fe_88\" fetchpriority=\"low\" loading=\"lazy\" decoding=\"async\" itemprop=\"image\"  src=\"https:\/\/www.europesays.com\/no\/wp-content\/uploads\/2025\/10\/1760654112_890_c33980b0-5d07-4027-84a1-813f90a7c8d6\"  width=\"480\"\/><\/a><\/li>\n<\/ul>\n<p> Oppdatert torsdag 16. oktober kl. 22:32     <\/p>\n<p class=\"_paragraph_o9xde_4 _paragraph_xtcu6_10 layout-component text-serif-m layout-normal text-serif-m layout-padded\">Gr\u00f8ndahl signerte for F\u00fcchse Berlin f\u00f8r sesongen og scoret hele ni m\u00e5l i torsdagens oppgj\u00f8r. Gr\u00f8ndahl spilte mange \u00e5r i Elverum f\u00f8r han flyttet utenlands til danske GOG.<\/p>\n<p><img decoding=\"async\" alt=\"Bilde av Tobias Gr\u00f8ndahl\" class=\"_image_ygndg_42\" height=\"27\" itemprop=\"image\" loading=\"lazy\"  src=\"https:\/\/www.europesays.com\/no\/wp-content\/uploads\/2025\/10\/860c2fd7-14d7-4787-9778-5ed4f6a258e6\"  width=\"40\"\/><strong class=\"_name_ygndg_51 title-serif-xs\">Tobias Gr\u00f8ndahl<\/strong><\/p>\n<p class=\"_paragraph_o9xde_4 _paragraph_xtcu6_10 layout-component text-serif-m layout-normal text-serif-m layout-padded\">Kolstad kom til Tyskland som klare underdogs. F\u00fcchse Berlin st\u00e5r med fem strake triumfer i innledningen av \u00e5rets mesterligasesong og tok kontroll i egen hall. Kolstad fikk aldri l\u00e5ne ledelsen i oppgj\u00f8ret og l\u00e5 under 14-19 til pause.<\/p>\n<p class=\"_paragraph_o9xde_4 _paragraph_xtcu6_10 layout-component text-serif-m layout-normal text-serif-m layout-padded\">Simon Jeppsson ble toppscorer for Kolstad med sju m\u00e5l, mens Simen Lyse bidro med fem nettkjenninger. Nylig ble det kjent at Lyse forlater Kolstad til fordel for Paris Saint-Germain etter sesongen.<\/p>\n<p class=\"_paragraph_o9xde_4 _paragraph_xtcu6_10 layout-component text-serif-m layout-normal text-serif-m layout-padded\">Kolstad slo Dinamo Bucuresti i september, men har tapt for Kielce, Nantes og Aalborg i tillegg til F\u00fcchse Berlin. Laget st\u00e5r med to poeng og er nummer sju etter fem kamper. De seks beste tar seg videre fra puljespillet.<\/p>\n<p class=\"_paragraph_o9xde_4 _paragraph_xtcu6_10 layout-component text-serif-m layout-normal text-serif-m layout-padded\">Neste CL-kamp for Kolstad er hjemme mot portugisiske Sporting f\u00f8rstkommende onsdag. Puljespillet best\u00e5r av 14 kamper og varer til mars.<\/p>\n<p class=\"_paragraph_o9xde_4 _paragraph_xtcu6_10 layout-component text-serif-m layout-normal text-serif-m layout-padded\">Kolstad st\u00e5r med seks seirer av seks mulige i eliteserien denne sesongen. Til helgen kommer Runar Sandefjord til Trondheim.<\/p>\n","protected":false},"excerpt":{"rendered":"Kolstad r\u00f8k 27-38 for F\u00fcchse Berlin og st\u00e5r med fire nederlag p\u00e5 fem kamper i puljespillet i Champions&hellip;\n","protected":false},"author":2,"featured_media":62508,"comment_status":"","ping_status":"","sticky":false,"template":"","format":"standard","meta":{"footnotes":""},"categories":[59],"tags":[105,4195,30,28,29,83,82,9104],"class_list":{"0":"post-62507","1":"post","2":"type-post","3":"status-publish","4":"format-standard","5":"has-post-thumbnail","7":"category-sport","8":"tag-handball","9":"tag-kolstad-handball","10":"tag-no","11":"tag-norge","12":"tag-norway","13":"tag-sport","14":"tag-sports","15":"tag-tobias-grondahl"},"share_on_mastodon":{"url":"","error":""},"_links":{"self":[{"href":"https:\/\/www.europesays.com\/no\/wp-json\/wp\/v2\/posts\/62507","targetHints":{"allow":["GET"]}}],"collection":[{"href":"https:\/\/www.europesays.com\/no\/wp-json\/wp\/v2\/posts"}],"about":[{"href":"https:\/\/www.europesays.com\/no\/wp-json\/wp\/v2\/types\/post"}],"author":[{"embeddable":true,"href":"https:\/\/www.europesays.com\/no\/wp-json\/wp\/v2\/users\/2"}],"replies":[{"embeddable":true,"href":"https:\/\/www.europesays.com\/no\/wp-json\/wp\/v2\/comments?post=62507"}],"version-history":[{"count":0,"href":"https:\/\/www.europesays.com\/no\/wp-json\/wp\/v2\/posts\/62507\/revisions"}],"wp:featuredmedia":[{"embeddable":true,"href":"https:\/\/www.europesays.com\/no\/wp-json\/wp\/v2\/media\/62508"}],"wp:attachment":[{"href":"https:\/\/www.europesays.com\/no\/wp-json\/wp\/v2\/media?parent=62507"}],"wp:term":[{"taxonomy":"category","embeddable":true,"href":"https:\/\/www.europesays.com\/no\/wp-json\/wp\/v2\/categories?post=62507"},{"taxonomy":"post_tag","embeddable":true,"href":"https:\/\/www.europesays.com\/no\/wp-json\/wp\/v2\/tags?post=62507"}],"curies":[{"name":"wp","href":"https:\/\/api.w.org\/{rel}","templated":true}]}}