{"id":62509,"date":"2025-10-16T22:36:12","date_gmt":"2025-10-16T22:36:12","guid":{"rendered":"https:\/\/www.europesays.com\/no\/62509\/"},"modified":"2025-10-16T22:36:12","modified_gmt":"2025-10-16T22:36:12","slug":"ace-frehley-i-respirator-etter-hjerneblodning","status":"publish","type":"post","link":"https:\/\/www.europesays.com\/no\/62509\/","title":{"rendered":"Ace Frehley i respirator etter hjernebl\u00f8dning"},"content":{"rendered":"\n<p class=\"_lead_o9xde_2 _lead_xtcu6_50 layout-component text-serif-m layout-normal text-serif-l layout-component layout-wide layout-padded _wide_17hqh_1 layout-padded\">Den tidligere Kiss-gitaristen Ace Frehley er d\u00f8d, melder ABC News natt til fredag.<\/p>\n<p><img alt=\"Ace Frehley (i midten) i karakteristisk Kiss-sminke sammen med bandkompisene Gene Simmons (til venstre= og Paul Stanley p\u00e5 konsert i Detroit i 2000.  Foto: Paul Warner \/ AP \/ NTB\" class=\"_image_qp4xg_65 layout-component layout-wide\" data-fullscreen- data-track-element-type=\"Article image fullscreen\" data-track-name=\"ImageFullscreen\" fetchpriority=\"high\" decoding=\"sync\" loading=\"eager\" height=\"1312\" itemprop=\"image\"  src=\"https:\/\/www.europesays.com\/no\/wp-content\/uploads\/2025\/10\/ec78179e-13c8-4d0f-8069-10e1c487c964\"  style=\"object-position:0% 0%\" width=\"2000\"\/>Ace Frehley (i midten) i karakteristisk Kiss-sminke sammen med bandkompisene Gene Simmons (til venstre= og Paul Stanley p\u00e5 konsert i Detroit i 2000.  Foto: Paul Warner \/ AP \/ NTB<\/p>\n<ul aria-hidden=\"true\" class=\"_images_1y6fe_106\">\n<li><a class=\"_link_1y6fe_111\" href=\"https:\/\/www.vg.no\/forfatter\/kari-aarstad-aase\" style=\"z-index:2\" title=\"Kari Aarstad Aase\" rel=\"nofollow noopener\" target=\"_blank\"><img alt=\"Bilde av Kari Aarstad Aase\" class=\"_image_1y6fe_88\" fetchpriority=\"low\" loading=\"lazy\" decoding=\"async\" itemprop=\"image\"  src=\"https:\/\/www.europesays.com\/no\/wp-content\/uploads\/2025\/10\/1760654170_468_0dbde33e-6d8e-4680-8e4f-e2a64281e2b8\"  width=\"480\"\/><\/a><\/li>\n<li><a class=\"_link_1y6fe_111\" href=\"https:\/\/www.vg.no\/forfatter\/ntb\" style=\"z-index:1\" title=\"NTB\" rel=\"nofollow noopener\" target=\"_blank\"><img alt=\"Bilde av NTB\" class=\"_image_1y6fe_88\" fetchpriority=\"low\" loading=\"lazy\" decoding=\"async\" itemprop=\"image\"  src=\"https:\/\/www.europesays.com\/no\/wp-content\/uploads\/2025\/10\/1760654171_678_c33980b0-5d07-4027-84a1-813f90a7c8d6\"  width=\"480\"\/><\/a><\/li>\n<\/ul>\n<p> Oppdatert fredag 17. oktober kl. 00:29     <\/p>\n<p class=\"_paragraph_o9xde_4 _paragraph_xtcu6_10 layout-component text-serif-m layout-normal text-serif-m layout-padded\">Frehley d\u00f8de som f\u00f8lge av skader han fikk i et fall i forrige m\u00e5ned, skriver <a href=\"https:\/\/variety.com\/2025\/music\/news\/ace-frehley-kiss-lead-guitarist-dead-1236554943\/\" class=\"_link_o9xde_39\" rel=\"nofollow noopener\" target=\"_blank\">Variety<\/a><\/p>\n<p class=\"_paragraph_o9xde_4 _paragraph_xtcu6_10 layout-component text-serif-m layout-normal text-serif-m layout-padded\">\u2013 Vi er fullstendig \u00f8delagt og knust. I hans siste \u00f8yeblikk var vi s\u00e5 heldige \u00e5 kunne samles rundt ham med kj\u00e6rlige og fredfylte ord, tanker, b\u00f8nner og intensjoner idet han forlot denne jorden. Vi setter pris p\u00e5 alle hans beste minner, latteren hans, og feirer styrken og vennligheten han delt med andre, heter det i uttalelsen fra familien.<\/p>\n<p class=\"_paragraph_o9xde_4 _paragraph_xtcu6_10 layout-component text-serif-m layout-normal text-serif-m layout-padded\">Nyheten om d\u00f8dsfallet kommer kort tid etter at kilder opplyste til TMZ at Frehley l\u00e5 i respirator med hjernebl\u00f8dning etter at han falt i studio for noen uker siden. Kildene sa til nettstedet at familien da vurderte \u00e5 skru av utstyret som holdt Frehley i live.<\/p>\n<p><img alt=\"En usminket versjon av originalbesetningen i Kiss da de ble tatt inn i Rock and Roll Hall of Fame i 2014. Fra venstre: Paul Stanley, Peter Criss, Ace Frehley og Gene Simmons.   Foto: Andy Kropa \/ Invision \/ AP \/ NTB\" class=\"_image_qp4xg_65 layout-component layout-normal\" data-fullscreen- data-track-element-type=\"Article image fullscreen\" data-track-name=\"ImageFullscreen\" decoding=\"async\" loading=\"lazy\" height=\"2000\" itemprop=\"image\"  src=\"https:\/\/www.europesays.com\/no\/wp-content\/uploads\/2025\/10\/cadb5e47-ea55-4ea0-b3aa-84dc6f615fef\"  style=\"object-position:0% 0%\" width=\"3000\"\/>En usminket versjon av originalbesetningen i Kiss da de ble tatt inn i Rock and Roll Hall of Fame i 2014. Fra venstre: Paul Stanley, Peter Criss, Ace Frehley og Gene Simmons.   Foto: Andy Kropa \/ Invision \/ AP \/ NTB<\/p>\n<p class=\"_paragraph_o9xde_4 _paragraph_xtcu6_10 layout-component text-serif-m layout-normal text-serif-m layout-padded\">Etter fallet ble det f\u00f8rst opplyst at det gikk bra med gitaristen, men at legene hadde gitt ham reiseforbud. En uke senere kom beskjeden om at alle spillejobber ut \u00e5ret ble avlyst p\u00e5 grunn av et \u00abp\u00e5g\u00e5ende helseproblem\u00bb. <\/p>\n<p class=\"_paragraph_o9xde_4 _paragraph_xtcu6_10 layout-component text-serif-m layout-normal text-serif-m layout-padded\">Ace Frehley var med p\u00e5 \u00e5 starte rockebandet <a href=\"https:\/\/www.vg.no\/tag\/kiss?utm_source=vg-article&amp;utm_medium=auto-tagger&amp;utm_campaign=xmGLmB\" class=\"_link_o9xde_39\" rel=\"nofollow noopener\" target=\"_blank\">Kiss<\/a> i 1973, samen med Gene Simmons, Paul Stanley og Peter Criss. Han spilte med bandet fram 1982. I 1996 gjorde han comeback i forbindelse med en gjenforeningsturn\u00e9 og var en del av Kiss fram til 2002.<\/p>\n<p class=\"_paragraph_o9xde_4 _paragraph_xtcu6_10 layout-component text-serif-m layout-normal text-serif-m layout-padded\">I tillegg til Kiss-klassikere som \u00abRock and Roll all nite\u00bb, \u00abDetroit Rock City\u00bb og \u00abI was made for lovin\u2019 you\u00bb er han kjent for solol\u00e5ter som \u00abBack in the New York groove\u00bb og \u00abInto the night\u00bb.<\/p>\n","protected":false},"excerpt":{"rendered":"Den tidligere Kiss-gitaristen Ace Frehley er d\u00f8d, melder ABC News natt til fredag. Ace Frehley (i midten) i&hellip;\n","protected":false},"author":2,"featured_media":62510,"comment_status":"","ping_status":"","sticky":false,"template":"","format":"standard","meta":{"footnotes":""},"categories":[58],"tags":[71,9105,30,28,29,9106,72],"class_list":{"0":"post-62509","1":"post","2":"type-post","3":"status-publish","4":"format-standard","5":"has-post-thumbnail","7":"category-underholdning","8":"tag-entertainment","9":"tag-kiss","10":"tag-no","11":"tag-norge","12":"tag-norway","13":"tag-respirator","14":"tag-underholdning"},"share_on_mastodon":{"url":"","error":""},"_links":{"self":[{"href":"https:\/\/www.europesays.com\/no\/wp-json\/wp\/v2\/posts\/62509","targetHints":{"allow":["GET"]}}],"collection":[{"href":"https:\/\/www.europesays.com\/no\/wp-json\/wp\/v2\/posts"}],"about":[{"href":"https:\/\/www.europesays.com\/no\/wp-json\/wp\/v2\/types\/post"}],"author":[{"embeddable":true,"href":"https:\/\/www.europesays.com\/no\/wp-json\/wp\/v2\/users\/2"}],"replies":[{"embeddable":true,"href":"https:\/\/www.europesays.com\/no\/wp-json\/wp\/v2\/comments?post=62509"}],"version-history":[{"count":0,"href":"https:\/\/www.europesays.com\/no\/wp-json\/wp\/v2\/posts\/62509\/revisions"}],"wp:featuredmedia":[{"embeddable":true,"href":"https:\/\/www.europesays.com\/no\/wp-json\/wp\/v2\/media\/62510"}],"wp:attachment":[{"href":"https:\/\/www.europesays.com\/no\/wp-json\/wp\/v2\/media?parent=62509"}],"wp:term":[{"taxonomy":"category","embeddable":true,"href":"https:\/\/www.europesays.com\/no\/wp-json\/wp\/v2\/categories?post=62509"},{"taxonomy":"post_tag","embeddable":true,"href":"https:\/\/www.europesays.com\/no\/wp-json\/wp\/v2\/tags?post=62509"}],"curies":[{"name":"wp","href":"https:\/\/api.w.org\/{rel}","templated":true}]}}