{"id":62511,"date":"2025-10-16T22:40:11","date_gmt":"2025-10-16T22:40:11","guid":{"rendered":"https:\/\/www.europesays.com\/no\/62511\/"},"modified":"2025-10-16T22:40:11","modified_gmt":"2025-10-16T22:40:11","slug":"bevisstlos-kvinne-sendt-til-sykehus-politiet-med-aksjon-i-alver-kommune","status":"publish","type":"post","link":"https:\/\/www.europesays.com\/no\/62511\/","title":{"rendered":"Bevisstl\u00f8s kvinne sendt til sykehus \u2013 politiet med aksjon i Alver kommune"},"content":{"rendered":"\n<p class=\"_lead_o9xde_2 _lead_xtcu6_50 layout-component text-serif-m layout-normal text-serif-l layout-component layout-wide layout-padded _wide_17hqh_1 layout-padded\">Det p\u00e5g\u00e5r en st\u00f8rre politiaksjon etter at en bevisstl\u00f8s kvinne ble funnet p\u00e5 en privat adresse i Alver i Vestland torsdag kveld. <\/p>\n<p><img alt=\" Foto: Richard Halland\" class=\"_image_qp4xg_65 layout-component layout-wide\" data-fullscreen- data-track-element-type=\"Article image fullscreen\" data-track-name=\"ImageFullscreen\" fetchpriority=\"high\" decoding=\"sync\" loading=\"eager\" height=\"3190\" itemprop=\"image\"  src=\"https:\/\/www.europesays.com\/no\/wp-content\/uploads\/2025\/10\/5ee0f4fe-0c1f-4fbb-8520-2858d0320b11\"  style=\"object-position:0% 0%\" width=\"4444\"\/> Foto: Richard Halland<\/p>\n<ul aria-hidden=\"true\" class=\"_images_1y6fe_106\">\n<li><a class=\"_link_1y6fe_111\" href=\"https:\/\/www.vg.no\/forfatter\/espen-rasmussen-2\" style=\"z-index:2\" title=\"Espen Rasmussen\" rel=\"nofollow noopener\" target=\"_blank\"><img alt=\"Bilde av Espen Rasmussen\" class=\"_image_1y6fe_88\" fetchpriority=\"low\" loading=\"lazy\" decoding=\"async\" itemprop=\"image\"  src=\"https:\/\/www.europesays.com\/no\/wp-content\/uploads\/2025\/10\/1760654409_135_9e07ea87-bca1-4760-986f-5788e43af739\"  width=\"480\"\/><\/a><\/li>\n<li><a class=\"_link_1y6fe_111\" href=\"https:\/\/www.vg.no\/forfatter\/ntb\" style=\"z-index:1\" title=\"NTB\" rel=\"nofollow noopener\" target=\"_blank\"><img alt=\"Bilde av NTB\" class=\"_image_1y6fe_88\" fetchpriority=\"low\" loading=\"lazy\" decoding=\"async\" itemprop=\"image\"  src=\"https:\/\/www.europesays.com\/no\/wp-content\/uploads\/2025\/10\/1760654409_235_c33980b0-5d07-4027-84a1-813f90a7c8d6\"  width=\"480\"\/><\/a><\/li>\n<\/ul>\n<p> Oppdatert fredag 17. oktober kl. 00:17     <\/p>\n<p class=\"_paragraph_o9xde_4 _paragraph_xtcu6_10 layout-component text-serif-m layout-normal text-serif-m layout-padded\">\u2013 Kvinnen er kj\u00f8rt til Haukeland universitetssjukehus for behandling, opplyser operasjonsleder Dan Erik Johannessen i Vest politidistrikt til pressen.<\/p>\n<p class=\"_paragraph_o9xde_4 _paragraph_xtcu6_10 layout-component text-serif-m layout-normal text-serif-m layout-padded\">Politiet fikk klokken 20.25 melding fra AMK. Ambulanse hadde i forkant rykket ut til en privat adresse etter melding om en bevisstl\u00f8s kvinne. Politiet kom til stedet kort tid etter. <\/p>\n<p class=\"_paragraph_o9xde_4 _paragraph_xtcu6_10 layout-component text-serif-m layout-normal text-serif-m layout-padded\">\u2013 Det som m\u00f8tte politiet var en bevissl\u00f8s kvinne, opplyser innsatsleder Tom Johanessen torsdag kveld. <\/p>\n<p class=\"_paragraph_o9xde_4 _paragraph_xtcu6_10 layout-component text-serif-m layout-normal text-serif-m layout-padded\">Skadeomfanget er ukjent. Politiet opplyser at de unders\u00f8ker flere ting, og opplyser at de har gjort flere avh\u00f8r av personer som kom til stedet der kvinne ble funnet, <\/p>\n<p class=\"_paragraph_o9xde_4 _paragraph_xtcu6_10 layout-component text-serif-m layout-normal text-serif-m layout-padded\">\u2013 Det er ikke foretatt noen p\u00e5gripelser, og vi venter p\u00e5 tilbakemelding fra helsepersonell om hva slags skader kvinnen har, sier Tom Johanessen.<\/p>\n<p class=\"_paragraph_o9xde_4 _paragraph_xtcu6_10 layout-component text-serif-m layout-normal text-serif-m layout-padded\">Mange patruljer er involvert i oppdraget og bev\u00e6pnet politi er synlig til stede i det aktuelle omr\u00e5det i <a href=\"https:\/\/www.vg.no\/tag\/alver?utm_source=vg-article&amp;utm_medium=auto-tagger&amp;utm_campaign=rPBwPR\" class=\"_link_o9xde_39\" rel=\"nofollow noopener\" target=\"_blank\">Alver<\/a>. <\/p>\n<p class=\"_paragraph_o9xde_4 _paragraph_xtcu6_10 layout-component text-serif-m layout-normal text-serif-m layout-padded\">\u2013 P\u00e5 grunn av uklare omstendigheter rundt forholdet og hva som har for\u00e5rsaket kvinnens helsetilstand ble politiet involvert, sier Dan Erik Johannessen.<\/p>\n<p class=\"_paragraph_o9xde_4 _paragraph_xtcu6_10 layout-component text-serif-m layout-normal text-serif-m layout-padded\"> \u2013\u2060\u00a0Vi er i en innledende fase med etterforskningen og foretar avh\u00f8r. Vi vet ikke helt hva vi st\u00e5r overfor, sier Johannessen til<a href=\"https:\/\/www.bt.no\/hendelser\/i\/B0A877\/rykket-ut-til-privat-bolig-i-alver-uklare-omstendigheter\" class=\"_link_o9xde_39\" rel=\"nofollow noopener\" target=\"_blank\"> Bergens Tidend<\/a>e.<\/p>\n<p>    <img decoding=\"async\" alt=\"Tips oss illustrasjon\" width=\"62px\" height=\"auto\" src=\"https:\/\/www.europesays.com\/no\/wp-content\/uploads\/2025\/08\/1754784428_95_W9avJzE.png\"\/>    <\/p>\n<p class=\"title-serif-s\">Har du tips til oss?<\/p>\n<p class=\"text-sans-m\">Send oss informasjon, bilder eller video<\/p>\n<p>  <a href=\"https:\/\/www.vg.no\/tips-oss\" rel=\"nofollow noopener\" target=\"_blank\"> Tips oss <\/a>      <\/p>\n","protected":false},"excerpt":{"rendered":"Det p\u00e5g\u00e5r en st\u00f8rre politiaksjon etter at en bevisstl\u00f8s kvinne ble funnet p\u00e5 en privat adresse i Alver&hellip;\n","protected":false},"author":2,"featured_media":62512,"comment_status":"","ping_status":"","sticky":false,"template":"","format":"standard","meta":{"footnotes":""},"categories":[10],"tags":[1751,20,21,24,25,15,22,23,13,30,28,29,14,16,26,27],"class_list":{"0":"post-62511","1":"post","2":"type-post","3":"status-publish","4":"format-standard","5":"has-post-thumbnail","7":"category-norge","8":"tag-alver","9":"tag-breaking-news","10":"tag-breakingnews","11":"tag-featured-news","12":"tag-featurednews","13":"tag-headlines","14":"tag-latest-news","15":"tag-latestnews","16":"tag-news","17":"tag-no","18":"tag-norge","19":"tag-norway","20":"tag-nyheter","21":"tag-overskrifter","22":"tag-top-stories","23":"tag-topstories"},"share_on_mastodon":{"url":"","error":""},"_links":{"self":[{"href":"https:\/\/www.europesays.com\/no\/wp-json\/wp\/v2\/posts\/62511","targetHints":{"allow":["GET"]}}],"collection":[{"href":"https:\/\/www.europesays.com\/no\/wp-json\/wp\/v2\/posts"}],"about":[{"href":"https:\/\/www.europesays.com\/no\/wp-json\/wp\/v2\/types\/post"}],"author":[{"embeddable":true,"href":"https:\/\/www.europesays.com\/no\/wp-json\/wp\/v2\/users\/2"}],"replies":[{"embeddable":true,"href":"https:\/\/www.europesays.com\/no\/wp-json\/wp\/v2\/comments?post=62511"}],"version-history":[{"count":0,"href":"https:\/\/www.europesays.com\/no\/wp-json\/wp\/v2\/posts\/62511\/revisions"}],"wp:featuredmedia":[{"embeddable":true,"href":"https:\/\/www.europesays.com\/no\/wp-json\/wp\/v2\/media\/62512"}],"wp:attachment":[{"href":"https:\/\/www.europesays.com\/no\/wp-json\/wp\/v2\/media?parent=62511"}],"wp:term":[{"taxonomy":"category","embeddable":true,"href":"https:\/\/www.europesays.com\/no\/wp-json\/wp\/v2\/categories?post=62511"},{"taxonomy":"post_tag","embeddable":true,"href":"https:\/\/www.europesays.com\/no\/wp-json\/wp\/v2\/tags?post=62511"}],"curies":[{"name":"wp","href":"https:\/\/api.w.org\/{rel}","templated":true}]}}