{"id":62515,"date":"2025-10-16T22:47:13","date_gmt":"2025-10-16T22:47:13","guid":{"rendered":"https:\/\/www.europesays.com\/no\/62515\/"},"modified":"2025-10-16T22:47:13","modified_gmt":"2025-10-16T22:47:13","slug":"knivstikking-pa-stovner-tenaringer-loslatt-i-natt","status":"publish","type":"post","link":"https:\/\/www.europesays.com\/no\/62515\/","title":{"rendered":"Knivstikking p\u00e5 Stovner \u2013 ten\u00e5ringer l\u00f8slatt i natt"},"content":{"rendered":"\n<p class=\"_lead_o9xde_2 _lead_xtcu6_50 layout-component text-serif-m layout-normal text-serif-l layout-component layout-wide layout-padded _wide_17hqh_1 layout-padded\">Tre andre ten\u00e5ringer ble l\u00f8slatt natt til torsdag.<\/p>\n<p> <img class=\"_image_qp4xg_65 layout-component layout-wide\" data-fullscreen- data-track-element-type=\"Article image fullscreen\" data-track-name=\"ImageFullscreen\" fetchpriority=\"high\" decoding=\"sync\" loading=\"eager\" height=\"181\" itemprop=\"image\"  src=\"https:\/\/www.europesays.com\/no\/wp-content\/uploads\/2025\/10\/dc109c399b53a5010bd46d4ad4e3c1b7.jpg\"  style=\"object-position:50% 50%;aspect-ratio:1.75;height:auto;object-fit:cover;width:100%\" width=\"102\"\/>  <\/p>\n<ul aria-hidden=\"true\" class=\"_images_1y6fe_106\">\n<li><a class=\"_link_1y6fe_111\" href=\"https:\/\/www.vg.no\/forfatter\/emma-fondenes-oevreboe\" style=\"z-index:1\" title=\"Emma Fondenes \u00d8vreb\u00f8\" rel=\"nofollow noopener\" target=\"_blank\"><img alt=\"Bilde av Emma Fondenes \u00d8vreb\u00f8\" class=\"_image_1y6fe_88\" fetchpriority=\"low\" loading=\"lazy\" decoding=\"async\" itemprop=\"image\"  src=\"https:\/\/www.europesays.com\/no\/wp-content\/uploads\/2025\/10\/1760654831_661_a3715f19-7e77-4fbf-b20f-7d6f5cb479de\"  width=\"480\"\/><\/a><\/li>\n<\/ul>\n<p> Oppdatert torsdag 16. oktober kl. 21:35     <\/p>\n<p class=\"_paragraph_o9xde_4 _paragraph_xtcu6_10 layout-component text-serif-m layout-normal text-serif-m layout-padded\">Jourhavende jurist Geir Wangensten-\u00d8ye bekrefter torsdag kveld til VG at nok en ten\u00e5ringsgutt er p\u00e5grepet av politiet.<\/p>\n<p class=\"_paragraph_o9xde_4 _paragraph_xtcu6_10 layout-component text-serif-m layout-normal text-serif-m layout-padded\">Han ble p\u00e5grepet torsdag kveld. Wangensten-\u00d8ye \u00f8nsket ikke si hvor gammel vedkommende er, men bekrefter at han er i samme aldersgruppe som de som ble p\u00e5grepet onsdag.<\/p>\n<p class=\"_paragraph_o9xde_4 _paragraph_xtcu6_10 layout-component text-serif-m layout-normal text-serif-m layout-padded\">Tidligere torsdag opplyste politiadvokat i Oslo politidistrikt, Anders Valen M\u00f8rland, til VG at ten\u00e5ringene som ble p\u00e5grepet dagen f\u00f8r ble l\u00f8slatt i l\u00f8pet av natten.<\/p>\n<p class=\"_paragraph_o9xde_4 _paragraph_xtcu6_10 layout-component text-serif-m layout-normal text-serif-m layout-padded\">\u2013 P\u00e5talemyndigheten har besluttet beskyttende tiltak ovenfor forn\u00e6rmede og i n\u00e6rmilj\u00f8et.<\/p>\n<p class=\"_paragraph_o9xde_4 _paragraph_xtcu6_10 layout-component text-serif-m layout-normal text-serif-m layout-padded\">Det var <a href=\"https:\/\/www.vg.no\/nyheter\/i\/jQ6yRw\/14-aaring-fikk-kuttskader-i-ansiktet-i-oslo-etterforskes-som-drapsforsoek\" data-track-element-type=\"Link\" data-track-id=\"link:jQ6yRw\" class=\"_link_o9xde_39\" rel=\"nofollow noopener\" target=\"_blank\">onsdag kveld at politiet p\u00e5grep to 15-\u00e5ringer og anholdt en 14-\u00e5ring i forbindelse med en voldshendelse p\u00e5 Stovner i Oslo<\/a>. <\/p>\n<p><img alt=\"Politiet til stede p\u00e5 Stovner etter at en 14-\u00e5ring fikk kuttskader i ansiktet.   Foto: Annika Byrde \/ NTB\" class=\"_image_qp4xg_65 layout-component layout-normal\" data-fullscreen- data-track-element-type=\"Article image fullscreen\" data-track-name=\"ImageFullscreen\" decoding=\"async\" loading=\"lazy\" height=\"4032\" itemprop=\"image\"  src=\"https:\/\/www.europesays.com\/no\/wp-content\/uploads\/2025\/10\/a2dbfbe5-df96-4fea-9c34-82038da48604\"  style=\"object-position:0% 0%\" width=\"6048\"\/>Politiet til stede p\u00e5 Stovner etter at en 14-\u00e5ring fikk kuttskader i ansiktet.   Foto: Annika Byrde \/ NTB<\/p>\n<p class=\"_paragraph_o9xde_4 _paragraph_xtcu6_10 layout-component text-serif-m layout-normal text-serif-m layout-padded\">De er siktet for medvirkning til drapsfors\u00f8k. <\/p>\n<p class=\"_paragraph_o9xde_4 _paragraph_xtcu6_10 layout-component text-serif-m layout-normal text-serif-m layout-padded\">\u2013 Etterforskningen er fremdeles i en innledende fase, men dette kunne f\u00e5tt et mye mer alvorlig utfall om ikke vitner grep inn, sa M\u00f8rland.<\/p>\n<p class=\"_paragraph_o9xde_4 _paragraph_xtcu6_10 layout-component text-serif-m layout-normal text-serif-m layout-padded\">Den forn\u00e6rmede, en 14 \u00e5r gammel gutt, har f\u00e5tt skader i ansiktet, men er ikke livstruende skadet.<\/p>\n<p class=\"_paragraph_o9xde_4 _paragraph_xtcu6_10 layout-component text-serif-m layout-normal text-serif-m layout-padded\">Det skal ha v\u00e6rt mange til stede under hendelsen, ogs\u00e5 mindre\u00e5rige. <\/p>\n<p class=\"_paragraph_o9xde_4 _paragraph_xtcu6_10 layout-component text-serif-m layout-normal text-serif-m layout-padded\">\u2013 Vi jobber med ulike etterforskningsskritt, blant annet avh\u00f8r av de involverte, vitneavh\u00f8r, innhenting av informasjon og gjennomgang av tekniske spor og videomateriale. Vi utelukker ikke at det vil bli nye p\u00e5gripelser i saken.<\/p>\n<p class=\"_paragraph_o9xde_4 _paragraph_xtcu6_10 layout-component text-serif-m layout-normal text-serif-m layout-padded\">De ber om at de som kan ha opplysninger i saken tar kontakt med politiet.<\/p>\n<p class=\"_paragraph_o9xde_4 _paragraph_xtcu6_10 layout-component text-serif-m layout-normal text-serif-m layout-padded\">\u2013 Saken har h\u00f8y prioritet hos politiet og etterforskningen p\u00e5g\u00e5r for fullt. N\u00e5r 14- og 15-\u00e5ringer er involvert i en knivstikking p\u00e5 offentlig sted p\u00e5 ettermiddagen, er dette naturligvis en sak som er h\u00f8yt prioritert i distriktet. Politiet har n\u00e5 et \u00f8kt fokus p\u00e5 forebyggende tilstedev\u00e6relse og ivaretagelse av involverte.<\/p>\n<p>    <img decoding=\"async\" alt=\"Tips oss illustrasjon\" width=\"62px\" height=\"auto\" src=\"https:\/\/www.europesays.com\/no\/wp-content\/uploads\/2025\/08\/1754784428_95_W9avJzE.png\"\/>    <\/p>\n<p class=\"title-serif-s\">Har du tips til oss?<\/p>\n<p class=\"text-sans-m\">Send oss informasjon, bilder eller video<\/p>\n<p>  <a href=\"https:\/\/www.vg.no\/tips-oss\" rel=\"nofollow noopener\" target=\"_blank\"> Tips oss <\/a>      <\/p>\n","protected":false},"excerpt":{"rendered":"Tre andre ten\u00e5ringer ble l\u00f8slatt natt til torsdag. Oppdatert torsdag 16. oktober kl. 21:35 Jourhavende jurist Geir Wangensten-\u00d8ye&hellip;\n","protected":false},"author":2,"featured_media":62516,"comment_status":"","ping_status":"","sticky":false,"template":"","format":"standard","meta":{"footnotes":""},"categories":[10],"tags":[20,21,24,25,15,1476,22,23,13,30,28,29,14,1597,16,8781,26,27],"class_list":{"0":"post-62515","1":"post","2":"type-post","3":"status-publish","4":"format-standard","5":"has-post-thumbnail","7":"category-norge","8":"tag-breaking-news","9":"tag-breakingnews","10":"tag-featured-news","11":"tag-featurednews","12":"tag-headlines","13":"tag-knivstikking","14":"tag-latest-news","15":"tag-latestnews","16":"tag-news","17":"tag-no","18":"tag-norge","19":"tag-norway","20":"tag-nyheter","21":"tag-oslo-politidistrikt","22":"tag-overskrifter","23":"tag-stovner","24":"tag-top-stories","25":"tag-topstories"},"share_on_mastodon":{"url":"","error":""},"_links":{"self":[{"href":"https:\/\/www.europesays.com\/no\/wp-json\/wp\/v2\/posts\/62515","targetHints":{"allow":["GET"]}}],"collection":[{"href":"https:\/\/www.europesays.com\/no\/wp-json\/wp\/v2\/posts"}],"about":[{"href":"https:\/\/www.europesays.com\/no\/wp-json\/wp\/v2\/types\/post"}],"author":[{"embeddable":true,"href":"https:\/\/www.europesays.com\/no\/wp-json\/wp\/v2\/users\/2"}],"replies":[{"embeddable":true,"href":"https:\/\/www.europesays.com\/no\/wp-json\/wp\/v2\/comments?post=62515"}],"version-history":[{"count":0,"href":"https:\/\/www.europesays.com\/no\/wp-json\/wp\/v2\/posts\/62515\/revisions"}],"wp:featuredmedia":[{"embeddable":true,"href":"https:\/\/www.europesays.com\/no\/wp-json\/wp\/v2\/media\/62516"}],"wp:attachment":[{"href":"https:\/\/www.europesays.com\/no\/wp-json\/wp\/v2\/media?parent=62515"}],"wp:term":[{"taxonomy":"category","embeddable":true,"href":"https:\/\/www.europesays.com\/no\/wp-json\/wp\/v2\/categories?post=62515"},{"taxonomy":"post_tag","embeddable":true,"href":"https:\/\/www.europesays.com\/no\/wp-json\/wp\/v2\/tags?post=62515"}],"curies":[{"name":"wp","href":"https:\/\/api.w.org\/{rel}","templated":true}]}}