{"id":62517,"date":"2025-10-16T22:49:14","date_gmt":"2025-10-16T22:49:14","guid":{"rendered":"https:\/\/www.europesays.com\/no\/62517\/"},"modified":"2025-10-16T22:49:14","modified_gmt":"2025-10-16T22:49:14","slug":"bymarka-vinter-her-har-den-forste-snoen-falt-i-trondheim","status":"publish","type":"post","link":"https:\/\/www.europesays.com\/no\/62517\/","title":{"rendered":"Bymarka, Vinter | Her har den f\u00f8rste sn\u00f8en falt i Trondheim"},"content":{"rendered":"\n<p>I dag har regnet h\u00f8ljet ned i Trondheim by, men enkelte steder har vinteren dristet seg fram med h\u00f8stens f\u00f8rste sn\u00f8fugg.<\/p>\n<p>Slik s\u00e5 det ut da Trond Semundseth gikk seg en tur i bymarka torsdag.<\/p>\n<p>   <img decoding=\"async\" width=\"1536\" height=\"2048\" fetchpriority=\"low\"  loading=\"lazy\"  src=\"https:\/\/www.europesays.com\/no\/wp-content\/uploads\/2025\/10\/F%C3%B8rste+sn%C3%B8fnugg%2C+Skistua.jpg\" alt=\"\" class=\"brick-c-cFOWSL\" style=\"--brick-image-ratio: 1536 \/ 2048;\"\/><\/p>\n<p>    Dette bildet ble tatt torsdag.<br \/>\n    Foto: Privat\n  <\/p>\n<p>\u2013 Bildet er tatt ved Blomstertj\u00f8nna ved Skistua, forteller han.<\/p>\n<p>\u2013 Er du forn\u00f8yd med at sn\u00f8en titter fram?<\/p>\n<p>\u2013 Jeg er str\u00e5lende forn\u00f8yd med at vinteren n\u00e6rmer seg. Den m\u00e5 bare komme!, sier Semundseth entusiastisk.<\/p>\n","protected":false},"excerpt":{"rendered":"I dag har regnet h\u00f8ljet ned i Trondheim by, men enkelte steder har vinteren dristet seg fram med&hellip;\n","protected":false},"author":2,"featured_media":62518,"comment_status":"","ping_status":"","sticky":false,"template":"","format":"standard","meta":{"footnotes":""},"categories":[59],"tags":[36,8234,30,28,29,6527,83,82,1510,6263],"class_list":{"0":"post-62517","1":"post","2":"type-post","3":"status-publish","4":"format-standard","5":"has-post-thumbnail","7":"category-sport","8":"tag-art","9":"tag-bymarka","10":"tag-no","11":"tag-norge","12":"tag-norway","13":"tag-sno","14":"tag-sport","15":"tag-sports","16":"tag-story","17":"tag-vinter"},"share_on_mastodon":{"url":"","error":""},"_links":{"self":[{"href":"https:\/\/www.europesays.com\/no\/wp-json\/wp\/v2\/posts\/62517","targetHints":{"allow":["GET"]}}],"collection":[{"href":"https:\/\/www.europesays.com\/no\/wp-json\/wp\/v2\/posts"}],"about":[{"href":"https:\/\/www.europesays.com\/no\/wp-json\/wp\/v2\/types\/post"}],"author":[{"embeddable":true,"href":"https:\/\/www.europesays.com\/no\/wp-json\/wp\/v2\/users\/2"}],"replies":[{"embeddable":true,"href":"https:\/\/www.europesays.com\/no\/wp-json\/wp\/v2\/comments?post=62517"}],"version-history":[{"count":0,"href":"https:\/\/www.europesays.com\/no\/wp-json\/wp\/v2\/posts\/62517\/revisions"}],"wp:featuredmedia":[{"embeddable":true,"href":"https:\/\/www.europesays.com\/no\/wp-json\/wp\/v2\/media\/62518"}],"wp:attachment":[{"href":"https:\/\/www.europesays.com\/no\/wp-json\/wp\/v2\/media?parent=62517"}],"wp:term":[{"taxonomy":"category","embeddable":true,"href":"https:\/\/www.europesays.com\/no\/wp-json\/wp\/v2\/categories?post=62517"},{"taxonomy":"post_tag","embeddable":true,"href":"https:\/\/www.europesays.com\/no\/wp-json\/wp\/v2\/tags?post=62517"}],"curies":[{"name":"wp","href":"https:\/\/api.w.org\/{rel}","templated":true}]}}