{"id":62546,"date":"2025-10-17T00:47:09","date_gmt":"2025-10-17T00:47:09","guid":{"rendered":"https:\/\/www.europesays.com\/no\/62546\/"},"modified":"2025-10-17T00:47:09","modified_gmt":"2025-10-17T00:47:09","slug":"tidligere-kiss-gitarist-er-dod","status":"publish","type":"post","link":"https:\/\/www.europesays.com\/no\/62546\/","title":{"rendered":"Tidligere Kiss-gitarist er d\u00f8d"},"content":{"rendered":"<p class=\"kicker \" style=\"\">Ace Frehley<\/p>\n<p>  Den tidligere Kiss-gitaristen Ace Frehley er d\u00f8d, opplyser familien hans i en uttalelse. Han ble 74 \u00e5r gammel.<\/p>\n<p>\n    D\u00d8DE: Den tidligere Kiss-gitaristen, Ace Frehley (i midten), er d\u00f8d, opplyser familien. Her under en konsert med Gene Simmons (t.v.) og Paul Stanley i 2000. Foto: AP Photo\/Paul Warner\n  <\/p>\n<p>NEW YORK (Dagbladet):\u00a0<a href=\"https:\/\/variety.com\/2025\/music\/news\/ace-frehley-kiss-lead-guitarist-dead-1236554943\/\" target=\"_blank\" rel=\"nofollow noopener\">Variety<\/a>\u00a0skriver at Frehley d\u00f8de som f\u00f8lge av skader han fikk i et fall i forrige m\u00e5ned.<\/p>\n<p class=\"font-weight-bold m-font-weight-bold\" data-lab-font_weight=\"font-weight-bold\">&#8211; Vi er fullstendig \u00f8delagt og knust. I hans siste \u00f8yeblikk var vi s\u00e5 heldige \u00e5 kunne samles rundt ham med kj\u00e6rlige og fredfylte ord, tanker, b\u00f8nner og intensjoner idet han forlot denne jorden. Vi setter pris p\u00e5 alle hans beste minner, latteren hans, og feirer styrken og vennligheten han delt med andre, heter det i uttalelsen fra familien.<\/p>\n<p>Nyheten om d\u00f8dsfallet kommer kort tid etter at kilder opplyste til TMZ at Frehley l\u00e5 i respirator med hjernebl\u00f8dning etter at han falt i studio for noen uker siden. Kildene sa til nettstedet at familien da vurderte \u00e5 skru av utstyret som holdt Frehley i live.<\/p>\n<p>        Video originally published on dagbladet.no\/dbtv.no on 29.06.2012<\/p>\n<p>&#8211; Ha litt selvrespekt, og fortell fansen din at det er fake, sier Kiss-bassist Gene Simmons. Fredag ettermiddag ankom han og resten av bandet Grand hotell i Oslo. Video: Therese Doksheim \/Sveinung Ystad<\/p>\n<p>Falt i studio\t<\/p>\n<p>Etter fallet ble det f\u00f8rst opplyst at det gikk bra med gitaristen, men at legene hadde gitt ham reiseforbud. En uke senere kom beskjeden om at alle spillejobber ut \u00e5ret ble avlyst p\u00e5 grunn av et \u00abp\u00e5g\u00e5ende helseproblem\u00bb.<\/p>\n<p>    <a itemprop=\"url\" href=\"https:\/\/www.dagbladet.no\/kultur\/ble-annonsert-i-natt-kiss-sier-farvel\/70229970\" rel=\"nofollow noopener\" target=\"_blank\"><\/p>\n<p>      <img loading=\"lazy\" decoding=\"async\" src=\"https:\/\/www.europesays.com\/no\/wp-content\/uploads\/2025\/10\/70230070.webp\" width=\"980\" height=\"441\" title=\"Ble annonsert i natt. Kiss sier farvel\" alt=\"\" class=\"lazyload\" style=\"--aspect-ratio-image: 2.22; \"\/><\/p>\n<p>        Ble annonsert i natt. Kiss sier farvel<\/p>\n<p>    <\/a><\/p>\n<p>Paul Daniel \u00abAce\u00bb Frehley var med p\u00e5 \u00e5 starte rockebandet Kiss i 1973, sammen med Gene Simmons, Paul Stanley og Peter Criss. Han spilte med bandet fram 1982. I 1996 gjorde han comeback i forbindelse med en gjenforeningsturn\u00e9 og var en del av Kiss fram til 2002.<\/p>\n<p>I tillegg til Kiss-klassikere som \u00abRock and Roll All Nite\u00bb, \u00abDetroit Rock City\u00bb og \u00abI Was Made For Lovin\u2019 You\u00bb er han kjent for solol\u00e5ter som \u00abNew York Groove\u00bb og \u00abRip It Out\u00bb.<\/p>\n<p>Gitarist Paul Stanley og bassist Gene Simmons hyller Frehley i en felles uttalelse til The Hollywood Reporter:<\/p>\n<p>&#8211; Vi er knust over Ace Frehleys bortgang. Han var en essensiell og uerstattelig rockesoldat gjennom noen av de mest formative og grunnleggende kapitlene i bandets historie. Han er og vil alltid v\u00e6re en del av arven etter Kiss, skriver de.\u00a0<\/p>\n<p>Enorm innflytelse\t<\/p>\n<p>Selv om Kiss fikk lite respekt fra musikkritikere, hadde de en enorm innflytelse p\u00e5 en generasjon av musikere og fans. I en tid f\u00f8r MTV var konsertene deres nesten overveldende visuelle og eksperimentelle med eksplosjoner, flammesluking og jukseblod. De skapte ogs\u00e5 en mystikk ettersom ansiktene til bandmedlemmene ikke ble avsl\u00f8rt f\u00f8r etter ti \u00e5r n\u00e5r b\u00e5de Criss og Frehley hadde forlatt bandet, skriver Variety.<\/p>\n<p>Frehley ble selv kjent for sin utenomjordiske karakter\u00a0\u00abThe Space Ace\u00bb.<\/p>\n","protected":false},"excerpt":{"rendered":"Ace Frehley Den tidligere Kiss-gitaristen Ace Frehley er d\u00f8d, opplyser familien hans i en uttalelse. Han ble 74&hellip;\n","protected":false},"author":2,"featured_media":62547,"comment_status":"","ping_status":"","sticky":false,"template":"","format":"standard","meta":{"footnotes":""},"categories":[5],"tags":[20,21,24,25,15,19,479,22,23,17,18,13,30,28,29,14,16,26,27],"class_list":{"0":"post-62546","1":"post","2":"type-post","3":"status-publish","4":"format-standard","5":"has-post-thumbnail","7":"category-overskrifter","8":"tag-breaking-news","9":"tag-breakingnews","10":"tag-featured-news","11":"tag-featurednews","12":"tag-headlines","13":"tag-hovedoppslag","14":"tag-kjendis","15":"tag-latest-news","16":"tag-latestnews","17":"tag-main-news","18":"tag-mainnews","19":"tag-news","20":"tag-no","21":"tag-norge","22":"tag-norway","23":"tag-nyheter","24":"tag-overskrifter","25":"tag-top-stories","26":"tag-topstories"},"share_on_mastodon":{"url":"","error":""},"_links":{"self":[{"href":"https:\/\/www.europesays.com\/no\/wp-json\/wp\/v2\/posts\/62546","targetHints":{"allow":["GET"]}}],"collection":[{"href":"https:\/\/www.europesays.com\/no\/wp-json\/wp\/v2\/posts"}],"about":[{"href":"https:\/\/www.europesays.com\/no\/wp-json\/wp\/v2\/types\/post"}],"author":[{"embeddable":true,"href":"https:\/\/www.europesays.com\/no\/wp-json\/wp\/v2\/users\/2"}],"replies":[{"embeddable":true,"href":"https:\/\/www.europesays.com\/no\/wp-json\/wp\/v2\/comments?post=62546"}],"version-history":[{"count":0,"href":"https:\/\/www.europesays.com\/no\/wp-json\/wp\/v2\/posts\/62546\/revisions"}],"wp:featuredmedia":[{"embeddable":true,"href":"https:\/\/www.europesays.com\/no\/wp-json\/wp\/v2\/media\/62547"}],"wp:attachment":[{"href":"https:\/\/www.europesays.com\/no\/wp-json\/wp\/v2\/media?parent=62546"}],"wp:term":[{"taxonomy":"category","embeddable":true,"href":"https:\/\/www.europesays.com\/no\/wp-json\/wp\/v2\/categories?post=62546"},{"taxonomy":"post_tag","embeddable":true,"href":"https:\/\/www.europesays.com\/no\/wp-json\/wp\/v2\/tags?post=62546"}],"curies":[{"name":"wp","href":"https:\/\/api.w.org\/{rel}","templated":true}]}}