{"id":62551,"date":"2025-10-17T01:08:57","date_gmt":"2025-10-17T01:08:57","guid":{"rendered":"https:\/\/www.europesays.com\/no\/62551\/"},"modified":"2025-10-17T01:08:57","modified_gmt":"2025-10-17T01:08:57","slug":"vil-vendela-kirsebom-returnere-til-skal-vi-danse","status":"publish","type":"post","link":"https:\/\/www.europesays.com\/no\/62551\/","title":{"rendered":"Vil Vendela Kirsebom returnere til Skal vi danse?"},"content":{"rendered":"<p class=\"kicker \" style=\"\">\u00abSkal vi danse\u00bb-drama:<\/p>\n<p>  Etter Se og H\u00f8rs sjokknyhet om at Halvor Bakke trekker seg fra \u00abSkal vi danse\u00bb, er det ikke utenkelig at Vendela Kirsebom returnerer til danseboblen.\u00a0<\/p>\n<p>\n    NY SJANSE?: Det er forel\u00f8pig uvisst om Vendela vil returnere til TV2-programmet. Selv er hun klar p\u00e5 at hun \u00f8nsker \u00e5 hoppe inn hvis muligheten byr seg. Foto: Thomas Andersen \/ TV 2\n  <\/p>\n<p>Onsdag ettermiddag kunne Se og H\u00f8r erfare at Halvor Bakke (54) trekker seg fra \u00abSkal vi danse\u00bb &#8211; to uker inne i konkurransen.<\/p>\n<p>Til<a href=\"https:\/\/www.tv2.no\/underholdning\/halvor-bakke-trekker-seg-fra-skal-vi-danse\/18196684\/\" rel=\"nofollow noopener\" target=\"_blank\"> TV 2<\/a> avsl\u00f8rer Halvor at han trekker seg av medisinske \u00e5rsaker.<\/p>\n<p>    <a itemprop=\"url\" href=\"https:\/\/www.seher.no\/kjendis\/siste-trekker-seg-fra-skal-vi-danse\/83727138\" rel=\"nofollow noopener\" target=\"_blank\"><\/p>\n<p>      <img loading=\"lazy\" decoding=\"async\" src=\"https:\/\/www.europesays.com\/no\/wp-content\/uploads\/2025\/10\/1760663333_906_83711653.webp\" width=\"147\" height=\"98\" title=\"Siste: Trekker seg fra \u00abSkal vi danse\u00bb\" alt=\"\" class=\"lazyload\" style=\"--aspect-ratio-image: 1.50; \"\/><\/p>\n<p>        Siste: Trekker seg fra \u00abSkal vi danse\u00bb<\/p>\n<p>    <\/a><\/p>\n<p>&#8211; Dette er av medisinske \u00e5rsaker. Jeg trosset legen i to uker, gikk p\u00e5 parketten med sterke smertestillende, bed\u00f8velsesspr\u00f8yter og kortison. Det har v\u00e6rt en lege som har sagt at jeg ikke skal danse, men jeg trosset ham i to uker. N\u00e5 sa han: \u00abNok er nok, n\u00e5 g\u00e5r det ikke lenger. Det er uforsvarlig at du fortsetter\u00bb, sier Bakke til TV 2.<\/p>\n<p>        UTE AV DANSEN: Som f\u00f8lge av en skade, m\u00e5 en av deltakerne forlate den glitrende \u00abSkal vi Danse\u00bb-parketten: Bilde: Andreas Fadum &#8211; Se og H\u00f8r \/ Thomas Andersen &#8211; TV 2 \/\/ Video: H\u00e5vard Bj\u00f8rnerem<\/p>\n<p class=\"font-weight-light m-font-weight-light\" data-lab-font_weight=\"font-weight-light\">Han fortsetter:\u00a0<\/p>\n<p>&#8211; Jeg har hatt en stor betennelse i to \u00e5r i flere t\u00e6r. Det er helt forferdelig. Jeg er skikkelig lei meg. Jeg har dr\u00f8mt om de ti \u00e5r, og var i s\u00e5 god flyt. Jeg har hatt en s\u00e5 fin utvikling, spesielt med Amalie \u2013 vi har det kjempefint sammen.<\/p>\n<p>          <img loading=\"lazy\" decoding=\"async\" src=\"https:\/\/www.europesays.com\/no\/wp-content\/uploads\/2025\/10\/1760663336_466_83715256.webp\" width=\"686\" height=\"686\" title=\"UTE AV DANSEN: Halvor Bakke og Amalie Aune har danset sin siste dans i programmet. Foto: Andreas Fadum \/ Se og H\u00f8r\" alt=\"\" class=\"\" style=\"--aspect-ratio-image: 1.00; \"\/><\/p>\n<p>\n          UTE AV DANSEN: Halvor Bakke og Amalie Aune har danset sin siste dans i programmet. Foto: Andreas Fadum \/ Se og H\u00f8r\n      <\/p>\n<p class=\"font-weight-bold m-font-weight-bold\" data-lab-font_weight=\"font-weight-bold\">If\u00f8lge Halvor skal skadene ha v\u00e6rt av s\u00e5pass stor alvorlighetsgrad at legen r\u00e5det han til \u00e5 avslutte deltakelsen sin i TV 2-programmet allerede f\u00f8r premieren.<\/p>\n<p>Halvor kunne videre fortelle til TV 2 at han hadde benyttet seg av betennelsesdempende medisiner og kortisonspr\u00f8yte &#8211; samt funnet en annen lege som ga ham gr\u00f8nt lys til \u00e5 fortsette konkurransen.<\/p>\n<p>        DRAMA F\u00d8R SENDING: Tobias Becs feilgrep under generalpr\u00f8ven endte med et dramatisk \u00f8yeblikk og isposer. Video: Danny Son Ngoc To\/ Kine Falch\/ Sanne Holt\/ R\u00f8d L\u00f8per\/ TV 2<\/p>\n<p>Selv om denne legen ga ham klarsignal til at Halvor kunne fortsette i TV 2-programmet, bestemte han seg likevel for at hans runde p\u00e5 det blankpolerte parkettgulvet n\u00e5 var over.\u00a0<\/p>\n<p>Halvor og Vendela Kirsebom (58) var de f\u00f8rste som m\u00e5tte ut i en nervepirrende danseduell l\u00f8rdag kveld, en danseduell Halvor kom seirende ut fra.<\/p>\n<p>          <img loading=\"lazy\" decoding=\"async\" src=\"https:\/\/www.europesays.com\/no\/wp-content\/uploads\/2025\/10\/1760663336_449_83681949.webp\" width=\"686\" height=\"673\" title=\"COMEBACK?: Vil man se Vendela og Ivo p\u00e5 parketten fremover? Det gjenst\u00e5r \u00e5 se. Foto: Thomas Andersen \/ TV 2\" alt=\"\" class=\"\" style=\"--aspect-ratio-image: 1.02; \"\/><\/p>\n<p>\n          COMEBACK?: Vil man se Vendela og Ivo p\u00e5 parketten fremover? Det gjenst\u00e5r \u00e5 se. Foto: Thomas Andersen \/ TV 2\n      <\/p>\n<p>Ettersom Halvor n\u00e5 har trukket seg fra konkurransen, er det trolig ikke helt umulig at Vendela kan returnere til programmet.\u00a0<\/p>\n<p class=\"font-weight-bold m-font-weight-bold\" data-lab-font_weight=\"font-weight-bold\">Det har nemlig skjedd f\u00f8r at utsl\u00e5tte deltakere har f\u00e5tt muligheten til \u00e5 v\u00e6re med videre dersom noen av de gjenv\u00e6rende deltakerne trekker seg.<\/p>\n<p>        UHELL: Carina Dahl kastet en rekvisitt under \u00abSkal vi danse\u00bb og traff en i publikum. Video: Kine Falch \/ Reporter: Danny Son To.<\/p>\n<p>Etter at Sigurd Sollien m\u00e5tte forlate konkurransen grunnet skade i 2008, fikk nemlig Jenny Skavlan tilbudet om \u00e5 komme tilbake &#8211; et tilbud hun valgte \u00e5 takke h\u00f8flig nei til.<\/p>\n<p>    <a itemprop=\"url\" href=\"https:\/\/www.seher.no\/kjendis\/vil-bare-ha-det-bort\/83725725\" rel=\"nofollow noopener\" target=\"_blank\"><\/p>\n<p>      <img loading=\"lazy\" decoding=\"async\" src=\"https:\/\/www.europesays.com\/no\/wp-content\/uploads\/2025\/10\/83726885.webp\" width=\"980\" height=\"441\" title=\"- Vil bare ha det bort\" alt=\"\" class=\"lazyload\" style=\"--aspect-ratio-image: 2.22; \"\/><\/p>\n<p>        &#8211; Vil bare ha det bort<\/p>\n<p>    <\/a><\/p>\n<p class=\"font-weight-bold m-font-weight-bold no_italic m-no_italic\" data-lab-font_weight=\"font-weight-bold\" data-lab-italic=\"\">\u00abJeg har hatt det utrolig g\u00f8y den tiden det varte, og jeg skulle gjerne blitt med videre og danset mer med Egor! Men folket har talt og jeg ble stemt ut. Jeg synes derfor det f\u00f8ltes feil \u00e5 skulle takke ja til \u00e5 delta videre. Jeg har mange spennende prosjekter fremover, som tar mye av tiden min og som krever fokus. Og n\u00e5 har jeg jo f\u00e5tt vist at jeg kan klare en dans eller to. Jeg \u00f8nsker alle de andre deltagerne lykke til! Game over for meg\u00bb, het det i en <a href=\"https:\/\/www.seher.no\/kjendis\/jenny-fortsetter-ikke-dansen\/64825886\" rel=\"nofollow noopener\" target=\"_blank\">pressemelding<\/a>\u00a0fra Jenny den gang.<\/p>\n<p>        \u00abSkal vi danse\u00bb: Vendela Kirsebom var skuffet over seg selv etter at hun og dansepartneren m\u00e5tte forlate konkurransen. Video: Kine Falch \/ Reporter: Danny Son To<\/p>\n<p>Dersom Vendela skulle f\u00e5 muligheten til \u00e5 hoppe inn p\u00e5 kort varsel, er derimot tiln\u00e6rmingen en litt annen enn det Jennys var.<\/p>\n<p class=\"font-weight-bold m-font-weight-bold\" data-lab-font_weight=\"font-weight-bold\">&#8211; Dette har jeg ikke h\u00f8rt noen ting om, men dersom jeg f\u00e5r foresp\u00f8rselen er jeg klar til \u00e5 hoppe inn, sier Vendela til Se og H\u00f8r.<\/p>\n<p class=\"font-weight-light m-font-weight-light\" data-lab-font_weight=\"font-weight-light\">Videre legger Vendela til at hun ikke har f\u00e5tt trent like mye som de andre den siste uken, og trolig er litt bakp\u00e5, men at hun likevel er klar til \u00e5 gj\u00f8re sitt absolutt beste dersom hun blir spurt om \u00e5 returnere.<\/p>\n","protected":false},"excerpt":{"rendered":"\u00abSkal vi danse\u00bb-drama: Etter Se og H\u00f8rs sjokknyhet om at Halvor Bakke trekker seg fra \u00abSkal vi danse\u00bb,&hellip;\n","protected":false},"author":2,"featured_media":62552,"comment_status":"","ping_status":"","sticky":false,"template":"","format":"standard","meta":{"footnotes":""},"categories":[5],"tags":[20,21,4104,24,25,2285,15,19,9114,479,22,23,17,18,13,30,28,29,14,16,2280,26,27,2281],"class_list":{"0":"post-62551","1":"post","2":"type-post","3":"status-publish","4":"format-standard","5":"has-post-thumbnail","7":"category-overskrifter","8":"tag-breaking-news","9":"tag-breakingnews","10":"tag-eksklusivt","11":"tag-featured-news","12":"tag-featurednews","13":"tag-halvor-bakke","14":"tag-headlines","15":"tag-hovedoppslag","16":"tag-jenny-skavlan","17":"tag-kjendis","18":"tag-latest-news","19":"tag-latestnews","20":"tag-main-news","21":"tag-mainnews","22":"tag-news","23":"tag-no","24":"tag-norge","25":"tag-norway","26":"tag-nyheter","27":"tag-overskrifter","28":"tag-skal-vi-danse","29":"tag-top-stories","30":"tag-topstories","31":"tag-vendela-kirsebom"},"share_on_mastodon":{"url":"","error":""},"_links":{"self":[{"href":"https:\/\/www.europesays.com\/no\/wp-json\/wp\/v2\/posts\/62551","targetHints":{"allow":["GET"]}}],"collection":[{"href":"https:\/\/www.europesays.com\/no\/wp-json\/wp\/v2\/posts"}],"about":[{"href":"https:\/\/www.europesays.com\/no\/wp-json\/wp\/v2\/types\/post"}],"author":[{"embeddable":true,"href":"https:\/\/www.europesays.com\/no\/wp-json\/wp\/v2\/users\/2"}],"replies":[{"embeddable":true,"href":"https:\/\/www.europesays.com\/no\/wp-json\/wp\/v2\/comments?post=62551"}],"version-history":[{"count":0,"href":"https:\/\/www.europesays.com\/no\/wp-json\/wp\/v2\/posts\/62551\/revisions"}],"wp:featuredmedia":[{"embeddable":true,"href":"https:\/\/www.europesays.com\/no\/wp-json\/wp\/v2\/media\/62552"}],"wp:attachment":[{"href":"https:\/\/www.europesays.com\/no\/wp-json\/wp\/v2\/media?parent=62551"}],"wp:term":[{"taxonomy":"category","embeddable":true,"href":"https:\/\/www.europesays.com\/no\/wp-json\/wp\/v2\/categories?post=62551"},{"taxonomy":"post_tag","embeddable":true,"href":"https:\/\/www.europesays.com\/no\/wp-json\/wp\/v2\/tags?post=62551"}],"curies":[{"name":"wp","href":"https:\/\/api.w.org\/{rel}","templated":true}]}}