{"id":62598,"date":"2025-10-17T04:38:13","date_gmt":"2025-10-17T04:38:13","guid":{"rendered":"https:\/\/www.europesays.com\/no\/62598\/"},"modified":"2025-10-17T04:38:13","modified_gmt":"2025-10-17T04:38:13","slug":"hege-ringdal-26-tok-jobb-i-hjembygda-etter-a-ha-mott-jonas-gahr-store-na-mister-hun-studielanskutt","status":"publish","type":"post","link":"https:\/\/www.europesays.com\/no\/62598\/","title":{"rendered":"Hege Ringdal (26) tok jobb i hjembygda etter \u00e5 ha m\u00f8tt Jonas Gahr St\u00f8re: N\u00e5 mister hun studiel\u00e5nskutt"},"content":{"rendered":"\n<p class=\"_lead_o9xde_2 _lead_xtcu6_50 layout-component text-serif-m layout-normal text-serif-l layout-component layout-wide layout-padded _wide_17hqh_1 layout-padded\">Hege Ringdal (26) ble overbevist om \u00e5 ta jobb i hjembygda i stedet for \u00e5 flytte til byen, etter \u00e5 ha m\u00f8tt og snakket med  Jonas Gahr St\u00f8re (Ap) da han lanserte studiel\u00e5nskutt i distriktene. <\/p>\n<p><img alt=\"Hege Ringdal (26) og Ap-leder Jonas Gahr St\u00f8re i Stranda etter at St\u00f8re og Vedum annonserte studiel\u00e5nskuttet. Foto: Privat\" class=\"_image_qp4xg_65 layout-component layout-wide\" data-fullscreen- data-track-element-type=\"Article image fullscreen\" data-track-name=\"ImageFullscreen\" fetchpriority=\"high\" decoding=\"sync\" loading=\"eager\" height=\"900\" itemprop=\"image\"  src=\"https:\/\/www.europesays.com\/no\/wp-content\/uploads\/2025\/10\/b3b422f3-e098-49e8-bfde-c61b711073a9\"  style=\"object-position:0% 0%\" width=\"1200\"\/>Hege Ringdal (26) og Ap-leder Jonas Gahr St\u00f8re i Stranda etter at St\u00f8re og Vedum annonserte studiel\u00e5nskuttet. Foto: Privat<\/p>\n<ul aria-hidden=\"true\" class=\"_images_1y6fe_106\">\n<li><a class=\"_link_1y6fe_111\" href=\"https:\/\/www.vg.no\/forfatter\/martha-holmes\" style=\"z-index:2\" title=\"Martha C. S. D\u00edaz\" rel=\"nofollow noopener\" target=\"_blank\"><img alt=\"Bilde av Martha C. S. D\u00edaz\" class=\"_image_1y6fe_88\" fetchpriority=\"low\" loading=\"lazy\" decoding=\"async\" itemprop=\"image\"  src=\"https:\/\/www.europesays.com\/no\/wp-content\/uploads\/2025\/10\/1760675891_591_7217e3e9-d2a7-47b8-811c-1e4a0faf868b\"  width=\"480\"\/><\/a><\/li>\n<li><a class=\"_link_1y6fe_111\" href=\"https:\/\/www.vg.no\/forfatter\/alf-bjarne-johnsen\" style=\"z-index:1\" title=\"Alf Bjarne Johnsen\" rel=\"nofollow noopener\" target=\"_blank\"><img alt=\"Bilde av Alf Bjarne Johnsen\" class=\"_image_1y6fe_88\" fetchpriority=\"low\" loading=\"lazy\" decoding=\"async\" itemprop=\"image\"  src=\"https:\/\/www.europesays.com\/no\/wp-content\/uploads\/2025\/10\/1760675892_426_a8952b63-f4d3-424e-ab5c-93e67076c9b0\"  width=\"480\"\/><\/a><\/li>\n<\/ul>\n<p> Oppdatert fredag 17. oktober kl. 04:54    <\/p>\n<ul class=\"_list_o9xde_3 _list_64s2r_85 _unordered_o9xde_106 text-sans-m\">\n<li class=\"_item_o9xde_30\">Hege Ringdal vurderer \u00e5 flytte fra hjembygda etter at Aps statsbudsjett for 2026 fjerner studiel\u00e5nskuttet hun ble lovet.<\/li>\n<li class=\"_item_o9xde_30\">Hun f\u00f8ler seg lurt etter tidligere l\u00f8fter fra Jonas Gahr St\u00f8re og Vedum om gjeldssletting i distriktene.<\/li>\n<li class=\"_item_o9xde_30\">Nytt budsjett kutter antall kommuner med ordningen fra 189 til 88, og setter maks sletting til 75.000 kroner over tre \u00e5r.<\/li>\n<\/ul>\n<p>Vis mer <\/p>\n<p class=\"_paragraph_o9xde_4 _paragraph_xtcu6_10 layout-component text-serif-m layout-normal text-serif-m layout-padded\">Men i Aps statsbudsjett for 2026, mister hun denne rettigheten. N\u00e5 vurderer hun igjen om hun b\u00f8r s\u00f8ke jobb et annet sted. <\/p>\n<p class=\"_paragraph_o9xde_4 _paragraph_xtcu6_10 layout-component text-serif-m layout-normal text-serif-m layout-padded\">\u2013 De sto jo her i fjor og sa noe annet. Det er noe med tilliten du har til partiene som st\u00e5r og legger frem den saken s\u00e5pass troverdig \u2013 og s\u00e5 fikk jeg en telefon fra Sunnm\u00f8rsposten i g\u00e5r om at de vurderer \u00e5 ta det vekk. Det kom litt som et sjokk og en skuffelse p\u00e5 samme tid, sier Ringdal til VG &#8211; som alts\u00e5 ogs\u00e5 har snakket med <a href=\"https:\/\/www.smp.no\/nyheter\/i\/QMd4P8\/statsbudsjettet-snur-om-sletting-av-studielaan\" class=\"_link_o9xde_39\" rel=\"nofollow noopener\" target=\"_blank\">Sunnm\u00f8rsposten <\/a>om saken. <\/p>\n<p class=\"_paragraph_o9xde_4 _paragraph_xtcu6_10 layout-component text-serif-m layout-normal text-serif-m layout-padded\">St\u00f8re delte selv et bilde av m\u00f8tet med Ringdal p\u00e5 Instagram: <\/p>\n<p><img alt=\"Foto: P \/ Privat\" class=\"_image_qp4xg_65 layout-component layout-normal\" data-fullscreen- data-track-element-type=\"Article image fullscreen\" data-track-name=\"ImageFullscreen\" decoding=\"async\" loading=\"lazy\" height=\"1200\" itemprop=\"image\"  src=\"https:\/\/www.europesays.com\/no\/wp-content\/uploads\/2025\/10\/4018b9bc-7480-4329-8694-0653edbc305c\"  style=\"object-position:0% 0%\" width=\"553\"\/>Foto: P \/ Privat<\/p>\n<p class=\"_paragraph_o9xde_4 _paragraph_xtcu6_10 layout-component text-serif-m layout-normal text-serif-m layout-padded\">Hun er f\u00f8dt og oppvokst i Hellesylt i Stranda kommune. I fjor hadde hun flyttet hjem igjen \u2013 men i utgangspunktet bare for et \u00e5r, mens hun tok et \u00e5rsstudium i pedagogikk. <\/p>\n<p class=\"_paragraph_o9xde_4 _paragraph_xtcu6_10 layout-component text-serif-m layout-normal text-serif-m layout-padded\">S\u00e5 kom St\u00f8re og Vedum p\u00e5 bes\u00f8k til bygda, og lanserte at en rekke nye distriktskommuner ville bli en del av ordningen der man f\u00e5r nedskrevet studiel\u00e5n hvis man bor der: 25.000 kroner skulle slettes hvert \u00e5r etter det f\u00f8rste \u00e5ret, til l\u00e5net er nedbetalt. <\/p>\n<p class=\"_paragraph_o9xde_4 _paragraph_xtcu6_10 layout-component text-serif-m layout-normal text-serif-m layout-padded\">Ringdal fikk senere tilbud om et vikariat i kommunen, men var usikker p\u00e5 om hun skulle ta det. Da hun tenkte tilbake p\u00e5 dette m\u00f8tet, ble det overbevisningen hun trengte.<\/p>\n<p>\u00abTaper\u00bb 400.000 kroner<\/p>\n<p class=\"_paragraph_o9xde_4 _paragraph_xtcu6_10 layout-component text-serif-m layout-normal text-serif-m layout-padded\">\u2013 Jeg snakket med politikerne der, og f\u00f8lte at de sto st\u00f8dig i sin sak om at dette skulle de f\u00e5 gjennom. Det var absolutt en vitkig grunn til at jeg valgte \u00e5 bli, sier Ringdal <\/p>\n<p class=\"_paragraph_o9xde_4 _paragraph_xtcu6_10 layout-component text-serif-m layout-normal text-serif-m layout-padded\">Hun husker at St\u00f8re sa mye om verdiene av \u00e5 bo og vokse opp p\u00e5 bygda, som hun kjente seg igjen i. <\/p>\n<p><img alt=\"St\u00f8re og Vedeum i Stranda, der de lanserte utvidelsen av ordningen med studiel\u00e5nskutt.  Foto: Javad M. Parsa \/ NTB\" class=\"_image_qp4xg_65 layout-component layout-normal\" data-fullscreen- data-track-element-type=\"Article image fullscreen\" data-track-name=\"ImageFullscreen\" decoding=\"async\" loading=\"lazy\" height=\"4320\" itemprop=\"image\"  src=\"https:\/\/www.europesays.com\/no\/wp-content\/uploads\/2025\/10\/ca75627d-621b-4b3e-bc9b-39b43a1006b4\"  style=\"object-position:0% 0%\" width=\"6480\"\/>St\u00f8re og Vedeum i Stranda, der de lanserte utvidelsen av ordningen med studiel\u00e5nskutt.  Foto: Javad M. Parsa \/ NTB<\/p>\n<p class=\"_paragraph_o9xde_4 _paragraph_xtcu6_10 layout-component text-serif-m layout-normal text-serif-m layout-padded\">\u2013 Jeg tenkte at ok \u2013 med denne ordningen s\u00e5 pr\u00f8ver jeg \u00e5 jobbe her en stund. Jeg har jo over 400.000 kroner i studiel\u00e5n, og det er ganske h\u00f8y rente p\u00e5 det om dagen. Det er ganske mye penger for en som er ung og i etableringsfasen. <\/p>\n<p>\u2013 Var trygg<\/p>\n<p class=\"_paragraph_o9xde_4 _paragraph_xtcu6_10 layout-component text-serif-m layout-normal text-serif-m layout-padded\">N\u00e5r vikariatet i kommunen g\u00e5r ut, vurderer hun \u00e5 lete etter jobb andre steder hvis denne ordningen ikke lenger finnes.<\/p>\n<p class=\"_paragraph_o9xde_4 _paragraph_xtcu6_10 layout-component text-serif-m layout-normal text-serif-m layout-padded\">\u2013 Det er ikke like attraktivt for meg n\u00e5 \u00e5 kun se etter jobb her p\u00e5 bygda. Mange s\u00f8ker seg mot st\u00f8rre plasser fordi det er uten tvil lettere \u00e5 f\u00e5 en relevant jobb i byen. <\/p>\n<ul class=\"_list_o9xde_3 _list_xtcu6_9 _unordered_o9xde_106 layout-component text-serif-m layout-normal text-serif-m layout-padded\">\n<li class=\"_item_o9xde_30\">I fjor<a href=\"https:\/\/www.regjeringen.no\/no\/aktuelt\/ny-ordning-for-sletting-av-studielan-no-startar-oppteninga\/id3080225\/\" class=\"_link_o9xde_39\" rel=\"nofollow noopener\" target=\"_blank\"> lanserte regjeringen<\/a> at ordningen med gjeldssletting skulle gjelde i 189 kommuner fra januar 2026. Antallet kommuner som ordningen skal gjelde for, er n\u00e5 redusert til 88 i statsbudsjettet for 2026.<\/li>\n<li class=\"_item_o9xde_30\">For kommunene som fortsatt har den, innf\u00f8res det et tak p\u00e5 tre \u00e5r. Det betyr at man maksimalt f\u00e5r slettet 75.000 kroner av studiegjelden i kommunene utenfor Finnmark og Nord-Troms. Der er satsen h\u00f8yere og man kan f\u00e5 slettet 180.000 i l\u00f8pet av disse tre \u00e5rene. <\/li>\n<\/ul>\n<p class=\"_paragraph_o9xde_4 _paragraph_xtcu6_10 layout-component text-serif-m layout-normal text-serif-m layout-padded\">\u2013 De sier de fjerner den i \u00abnoen kommuner\u00bb, men det er nesten alle kommuner i M\u00f8re og Romsdal. Og \u00e9n ting er at de fjerner den, men for de som beholder den kan du bare f\u00e5 slettet opp til 75.000 \u2013 det er jo en ganske stor forskjell det ogs\u00e5, bemerker Ringdal. <\/p>\n<p class=\"_paragraph_o9xde_4 _paragraph_xtcu6_10 layout-component text-serif-m layout-normal text-serif-m layout-padded\">Hun h\u00e5per regjeringen snur, eller at Senterpartiet f\u00e5r forhandlet st\u00f8tten inn igjen. Samtidig kjenner hun p\u00e5 at hun ikke vil stole like mye p\u00e5 det, selv hvis det skjer.<\/p>\n<p class=\"_paragraph_o9xde_4 _paragraph_xtcu6_10 layout-component text-serif-m layout-normal text-serif-m layout-padded\">\u2013 Jeg var ganske trygg p\u00e5 at det var en ordning som kom til \u00e5 bli v\u00e6rende etter hvordan de snakket om dette, s\u00e5 n\u00e5r noe s\u00e5nt som dette skjer blir man litt skeptisk. <\/p>\n<p>St\u00f8re: Husker samtalen<\/p>\n<p class=\"_paragraph_o9xde_4 _paragraph_xtcu6_10 layout-component text-serif-m layout-normal text-serif-m layout-padded\">\u2013 Jeg husker godt den hyggelige praten med Hege da vi m\u00f8ttes i Hellesylt, skriver St\u00f8re i en SMS til VG. <\/p>\n<p class=\"_paragraph_o9xde_4 _paragraph_xtcu6_10 layout-component text-serif-m layout-normal text-serif-m layout-padded\">Han sier at Arbeiderpartiet er for gjeldsletteordningen, som innf\u00f8res med budsjettet for 2026. <\/p>\n<p class=\"_paragraph_o9xde_4 _paragraph_xtcu6_10 layout-component text-serif-m layout-normal text-serif-m layout-padded\">\u2013 Vi har valgt \u00e5 starte med kommunegruppe 6 fordi budsjettet for neste \u00e5r har krevd noen t\u00f8ffe prioriteringer. Samtidig er vi tydelige p\u00e5 at vi er positive til \u00e5 utvide ordningen videre n\u00e5r vi har h\u00f8stet erfaringer.<\/p>\n","protected":false},"excerpt":{"rendered":"Hege Ringdal (26) ble overbevist om \u00e5 ta jobb i hjembygda i stedet for \u00e5 flytte til byen,&hellip;\n","protected":false},"author":2,"featured_media":62599,"comment_status":"","ping_status":"","sticky":false,"template":"","format":"standard","meta":{"footnotes":""},"categories":[5],"tags":[20,21,24,25,15,19,201,22,23,17,18,13,30,28,29,14,16,8578,9122,26,27,280],"class_list":{"0":"post-62598","1":"post","2":"type-post","3":"status-publish","4":"format-standard","5":"has-post-thumbnail","7":"category-overskrifter","8":"tag-breaking-news","9":"tag-breakingnews","10":"tag-featured-news","11":"tag-featurednews","12":"tag-headlines","13":"tag-hovedoppslag","14":"tag-jonas-gahr-store","15":"tag-latest-news","16":"tag-latestnews","17":"tag-main-news","18":"tag-mainnews","19":"tag-news","20":"tag-no","21":"tag-norge","22":"tag-norway","23":"tag-nyheter","24":"tag-overskrifter","25":"tag-statsbudsjettet","26":"tag-studielan","27":"tag-top-stories","28":"tag-topstories","29":"tag-trygve-slagsvold-vedum"},"share_on_mastodon":{"url":"","error":""},"_links":{"self":[{"href":"https:\/\/www.europesays.com\/no\/wp-json\/wp\/v2\/posts\/62598","targetHints":{"allow":["GET"]}}],"collection":[{"href":"https:\/\/www.europesays.com\/no\/wp-json\/wp\/v2\/posts"}],"about":[{"href":"https:\/\/www.europesays.com\/no\/wp-json\/wp\/v2\/types\/post"}],"author":[{"embeddable":true,"href":"https:\/\/www.europesays.com\/no\/wp-json\/wp\/v2\/users\/2"}],"replies":[{"embeddable":true,"href":"https:\/\/www.europesays.com\/no\/wp-json\/wp\/v2\/comments?post=62598"}],"version-history":[{"count":0,"href":"https:\/\/www.europesays.com\/no\/wp-json\/wp\/v2\/posts\/62598\/revisions"}],"wp:featuredmedia":[{"embeddable":true,"href":"https:\/\/www.europesays.com\/no\/wp-json\/wp\/v2\/media\/62599"}],"wp:attachment":[{"href":"https:\/\/www.europesays.com\/no\/wp-json\/wp\/v2\/media?parent=62598"}],"wp:term":[{"taxonomy":"category","embeddable":true,"href":"https:\/\/www.europesays.com\/no\/wp-json\/wp\/v2\/categories?post=62598"},{"taxonomy":"post_tag","embeddable":true,"href":"https:\/\/www.europesays.com\/no\/wp-json\/wp\/v2\/tags?post=62598"}],"curies":[{"name":"wp","href":"https:\/\/api.w.org\/{rel}","templated":true}]}}