{"id":62628,"date":"2025-10-17T05:54:09","date_gmt":"2025-10-17T05:54:09","guid":{"rendered":"https:\/\/www.europesays.com\/no\/62628\/"},"modified":"2025-10-17T05:54:09","modified_gmt":"2025-10-17T05:54:09","slug":"gjenglederen-mikael-grekeren-tenezos-pagrepet-i-mexico-tilbake-i-sverige","status":"publish","type":"post","link":"https:\/\/www.europesays.com\/no\/62628\/","title":{"rendered":"Gjenglederen Mikael \u00abGrekeren\u00bb Tenezos p\u00e5grepet i Mexico \u2013 tilbake i Sverige"},"content":{"rendered":"\n<p class=\"_lead_o9xde_2 _lead_xtcu6_50 layout-component text-serif-m layout-normal text-serif-l layout-component layout-wide layout-padded _wide_17hqh_1 layout-padded\">Den svenske gjenglederen ble p\u00e5grepet i en stor politiaksjon forrige uke. <\/p>\n<p><img alt=\" Foto: Meksikanske myndigheter \/ Meksikanske myndigheter\" class=\"_image_qp4xg_65 layout-component layout-wide\" data-fullscreen- data-track-element-type=\"Article image fullscreen\" data-track-name=\"ImageFullscreen\" fetchpriority=\"high\" decoding=\"sync\" loading=\"eager\" height=\"306\" itemprop=\"image\"  src=\"https:\/\/www.europesays.com\/no\/wp-content\/uploads\/2025\/10\/2b72eab5-57da-4d36-a10d-a4f352d08e2b\"  style=\"object-position:0% 0%\" width=\"501\"\/> Foto: Meksikanske myndigheter \/ Meksikanske myndigheter<\/p>\n<ul aria-hidden=\"true\" class=\"_images_1y6fe_106\">\n<li><a class=\"_link_1y6fe_111\" href=\"https:\/\/www.vg.no\/forfatter\/bendik-hansen\" style=\"z-index:1\" title=\"Bendik Hansen\" rel=\"nofollow noopener\" target=\"_blank\"><img alt=\"Bilde av Bendik Hansen\" class=\"_image_1y6fe_88\" fetchpriority=\"low\" loading=\"lazy\" decoding=\"async\" itemprop=\"image\"  src=\"https:\/\/www.europesays.com\/no\/wp-content\/uploads\/2025\/10\/1760680449_260_236bc5a3-2236-4046-b957-81f29d024aa6\"  width=\"480\"\/><\/a><\/li>\n<\/ul>\n<p> Oppdatert fredag 17. oktober kl. 07:42     <\/p>\n<p class=\"_paragraph_o9xde_4 _paragraph_xtcu6_10 layout-component text-serif-m layout-normal text-serif-m layout-padded\">Det skriver <a href=\"https:\/\/www.aftonbladet.se\/nyheter\/a\/dRxXAB\/mikael-greken-tenezos-har-landat-i-sverige\" class=\"_link_o9xde_39\" rel=\"nofollow noopener\" target=\"_blank\">Aftonbladet<\/a>. <\/p>\n<p class=\"_paragraph_o9xde_4 _paragraph_xtcu6_10 layout-component text-serif-m layout-normal text-serif-m layout-padded\">Mikael Tenezos, som har kallenavnet \u00abGrekeren\u00bb, ble p\u00e5grepet i en av Mexicos mest kjente turistdestinasjoner, Quintana Roo, i forrige uke.<\/p>\n<p class=\"_paragraph_o9xde_4 _paragraph_xtcu6_10 layout-component text-serif-m layout-normal text-serif-m layout-padded\">27-\u00e5ringen regnes som lederen av det svenske kriminelle nettverket Dalen, og har v\u00e6rt etterlyst i Sverige og av <a href=\"https:\/\/www.vg.no\/tag\/europol?utm_source=vg-article&amp;utm_medium=auto-tagger&amp;utm_campaign=rPBwa0\" class=\"_link_o9xde_39\" rel=\"nofollow noopener\" target=\"_blank\">Europol<\/a>. \u00abGrekeren\u00bb er mistenkt for flere kriminelle forhold i Sverige. <\/p>\n<p class=\"_paragraph_o9xde_4 _paragraph_xtcu6_10 layout-component text-serif-m layout-normal text-serif-m layout-padded\"><strong class=\"_strong_o9xde_25\">I forrige uke ble han og en samarbeidspartner <a href=\"https:\/\/www.vg.no\/nyheter\/i\/4B5vpa\/gjenglederen-grekeren-paagrepet-i-mexico\" data-track-element-type=\"Link\" data-track-id=\"link:4B5vpa\" class=\"_link_o9xde_39\" rel=\"nofollow noopener\" target=\"_blank\">p\u00e5grepet i en stor politiaksjon<\/a>.<\/strong><\/p>\n<p class=\"_paragraph_o9xde_4 _paragraph_xtcu6_10 layout-component text-serif-m layout-normal text-serif-m layout-padded\">\u2013 Den p\u00e5grepne anses som en \u00abvoldsgenerator\u00bb i Europa fordi han er knyttet til v\u00e5pen- og narkotikahandel, i tillegg til hvitvasking av penger, st\u00e5r det i en <a href=\"https:\/\/www.gob.mx\/sspc\/prensa\/detienen-en-quintana-roo-a-lider-criminal-buscado-por-autoridades-de-suecia-y-europol?utm_source=sdrn%3Avg%3Aarticle%3A4B5vpa\" class=\"_link_o9xde_39\" rel=\"nofollow noopener\" target=\"_blank\">pressemelding<\/a> som ble sendt ut av meksikanske myndigheter forrige uke. <\/p>\n<p><img alt=\"Foto: Meksikanske myndigheter \/ Meksikanske myndigheter\" class=\"_image_qp4xg_65 layout-component layout-normal\" data-fullscreen- data-track-element-type=\"Article image fullscreen\" data-track-name=\"ImageFullscreen\" decoding=\"async\" loading=\"lazy\" height=\"601\" itemprop=\"image\"  src=\"https:\/\/www.europesays.com\/no\/wp-content\/uploads\/2025\/10\/0d60db26-d04b-4811-aad1-9c44341d7f3a\"  style=\"object-position:0% 0%\" width=\"1068\"\/>Foto: Meksikanske myndigheter \/ Meksikanske myndigheter<\/p>\n<p class=\"_paragraph_o9xde_4 _paragraph_xtcu6_10 layout-component text-serif-m layout-normal text-serif-m layout-padded\"><strong class=\"_strong_o9xde_25\">Fredag skriver den svenske avisen at \u00abGrekeren\u00bb har landet i Sverige, etter \u00e5 ha blitt fraktet med et privatfly fra Mexico. Det opplyser den svenske p\u00e5talemyndigheten i en pressemelding. <\/strong><\/p>\n<p class=\"_paragraph_o9xde_4 _paragraph_xtcu6_10 layout-component text-serif-m layout-normal text-serif-m layout-padded\">Fengslingsforhandlinger mot Tenezos vil bli holdt snart, if\u00f8lge Aftonbladet. <\/p>\n<p class=\"_paragraph_o9xde_4 _paragraph_xtcu6_10 layout-component text-serif-m layout-normal text-serif-m layout-padded\">27-\u00e5ringens advokat har tidligere sagt til avisen at han nekter for forbrytelsene han er siktet for, og at klienten hans har motsatt seg \u00e5 bli utlevert. Sverige har ingen utleveringsavtale med Mexico. <\/p>\n<p class=\"_paragraph_o9xde_4 _paragraph_xtcu6_10 layout-component text-serif-m layout-normal text-serif-m layout-padded\">\u2013 Til syvende og sist er det et politisk sp\u00f8rsm\u00e5l om Mexico \u00f8nsker \u00e5 utlevere dem eller ikke, har aktor Ida Arnell sagt.<\/p>\n<p class=\"_paragraph_o9xde_4 _paragraph_xtcu6_10 layout-component text-serif-m layout-normal text-serif-m layout-padded\">\u00abGrekeren\u00bb er siktet for forbrytelser i forbindelse med gjengkriminalitet i flere svenske byer og for \u00e5 ha trukket unge mennesker inn i kriminalitet ved flere tilfeller. Totalt er han mistenkt for over 20 forbrytelser.<\/p>\n<p class=\"_paragraph_o9xde_4 _paragraph_xtcu6_10 layout-component text-serif-m layout-normal text-serif-m layout-padded\">If\u00f8lge\u00a0<a href=\"https:\/\/www.nrk.no\/norge\/pa-rommen-i-mexico_-svensk-gjengleder-kobles-til-bestillingsdrap-i-norge-1.17415785?utm_source=sdrn%3Avg%3Aarticle%3Agw90Wq\" class=\"_link_o9xde_39\" rel=\"nofollow noopener\" target=\"_blank\">NRK<\/a>\u00a0skal Tenezos ha rekruttert ten\u00e5ringer til \u00e5 beg\u00e5 en rekke grove voldshendelser.<\/p>\n<p class=\"_paragraph_o9xde_4 _paragraph_xtcu6_10 layout-component text-serif-m layout-normal layout-padded\"><strong class=\"_strong_o9xde_25\">Les ogs\u00e5:<\/strong> <a href=\"https:\/\/www.vg.no\/i\/4B5vpa\" data-track-element-type=\"Link\" data-track-id=\"link:4B5vpa\" class=\"_link_o9xde_39\" rel=\"nofollow noopener\" target=\"_blank\">SVT: Gjenglederen \u00abGrekeren\u00bb p\u00e5grepet i Mexico<\/a><\/p>\n<p class=\"_paragraph_o9xde_4 _paragraph_xtcu6_10 layout-component text-serif-m layout-normal text-serif-m layout-padded\">B\u00e5de nasjonale og lokale sikkerhetsstyrker deltok i aksjonen hvor Tenezos ble p\u00e5grepet. Ogs\u00e5 Interpol deltok.<\/p>\n<p class=\"_paragraph_o9xde_4 _paragraph_xtcu6_10 layout-component text-serif-m layout-normal text-serif-m layout-padded\"><strong class=\"_strong_o9xde_25\">Aksjonen ble igangsatt etter en foresp\u00f8rsel om samarbeid fra svensk politi.<\/strong><\/p>\n<p class=\"_paragraph_o9xde_4 _paragraph_xtcu6_10 layout-component text-serif-m layout-normal text-serif-m layout-padded\">Ved bruk av mobiloverv\u00e5kning, fikk man lokalisert Tenezos.<\/p>\n<p class=\"_paragraph_o9xde_4 _paragraph_xtcu6_10 layout-component text-serif-m layout-normal text-serif-m layout-padded\">\u2013 Basert p\u00e5 etterretning ble m\u00e5lets tilstedev\u00e6relse bekreftet i Canc\u00fan, hvor han reiste med en av sine viktigste finansagenter, st\u00e5r det i pressemeldingen.<\/p>\n","protected":false},"excerpt":{"rendered":"Den svenske gjenglederen ble p\u00e5grepet i en stor politiaksjon forrige uke. Foto: Meksikanske myndigheter \/ Meksikanske myndigheter Oppdatert&hellip;\n","protected":false},"author":2,"featured_media":62629,"comment_status":"","ping_status":"","sticky":false,"template":"","format":"standard","meta":{"footnotes":""},"categories":[12],"tags":[20,21,8368,24,25,15,3881,22,23,5881,13,30,28,29,14,16,1359,26,27,42,43,44,45],"class_list":{"0":"post-62628","1":"post","2":"type-post","3":"status-publish","4":"format-standard","5":"has-post-thumbnail","7":"category-verden","8":"tag-breaking-news","9":"tag-breakingnews","10":"tag-europol","11":"tag-featured-news","12":"tag-featurednews","13":"tag-headlines","14":"tag-kriminelle-nettverk","15":"tag-latest-news","16":"tag-latestnews","17":"tag-mexico","18":"tag-news","19":"tag-no","20":"tag-norge","21":"tag-norway","22":"tag-nyheter","23":"tag-overskrifter","24":"tag-sverige","25":"tag-top-stories","26":"tag-topstories","27":"tag-verden","28":"tag-world","29":"tag-world-news","30":"tag-worldnews"},"share_on_mastodon":{"url":"","error":""},"_links":{"self":[{"href":"https:\/\/www.europesays.com\/no\/wp-json\/wp\/v2\/posts\/62628","targetHints":{"allow":["GET"]}}],"collection":[{"href":"https:\/\/www.europesays.com\/no\/wp-json\/wp\/v2\/posts"}],"about":[{"href":"https:\/\/www.europesays.com\/no\/wp-json\/wp\/v2\/types\/post"}],"author":[{"embeddable":true,"href":"https:\/\/www.europesays.com\/no\/wp-json\/wp\/v2\/users\/2"}],"replies":[{"embeddable":true,"href":"https:\/\/www.europesays.com\/no\/wp-json\/wp\/v2\/comments?post=62628"}],"version-history":[{"count":0,"href":"https:\/\/www.europesays.com\/no\/wp-json\/wp\/v2\/posts\/62628\/revisions"}],"wp:featuredmedia":[{"embeddable":true,"href":"https:\/\/www.europesays.com\/no\/wp-json\/wp\/v2\/media\/62629"}],"wp:attachment":[{"href":"https:\/\/www.europesays.com\/no\/wp-json\/wp\/v2\/media?parent=62628"}],"wp:term":[{"taxonomy":"category","embeddable":true,"href":"https:\/\/www.europesays.com\/no\/wp-json\/wp\/v2\/categories?post=62628"},{"taxonomy":"post_tag","embeddable":true,"href":"https:\/\/www.europesays.com\/no\/wp-json\/wp\/v2\/tags?post=62628"}],"curies":[{"name":"wp","href":"https:\/\/api.w.org\/{rel}","templated":true}]}}