{"id":62632,"date":"2025-10-17T06:03:12","date_gmt":"2025-10-17T06:03:12","guid":{"rendered":"https:\/\/www.europesays.com\/no\/62632\/"},"modified":"2025-10-17T06:03:12","modified_gmt":"2025-10-17T06:03:12","slug":"kvinne-funnet-bevisstlos-person-siktet","status":"publish","type":"post","link":"https:\/\/www.europesays.com\/no\/62632\/","title":{"rendered":"Kvinne funnet bevisstl\u00f8s &#8211; person siktet"},"content":{"rendered":"<p>SISTE: En person er p\u00e5grepet i forbindelse med hendelsen. Det opplyser Vest politidistrikt i en melding til pressen klokka 07.08 fredag morgen.<\/p>\n<p class=\"font-weight-bold m-font-weight-bold\" data-lab-font_weight=\"font-weight-bold\">Vedkommende er siktet for fors\u00f8k p\u00e5 drap.<\/p>\n<p>&#8211;\u00a0Det forventes per n\u00e5 ikke ytterligere p\u00e5gripelser i forbindelse med saken, skriver operasjonsleder i Vest politidistrikt, Bjarte Rebnord. <\/p>\n<p>Han uttaler til Dagbladet at vedkommende ble p\u00e5grepet i 06-tida fredag morgen.\u00a0<\/p>\n<p>Videre opplyser Rebnord at det har blitt gjort unders\u00f8kelser p\u00e5 \u00e5stedet og etterforskning i forhold til den p\u00e5grepne gjennom natta. \u00c5stedet er per n\u00e5 sperret av.\u00a0<\/p>\n<p>&#8211; N\u00e5 vil p\u00e5talemyndighet og etterforskning g\u00e5 gjennom det som er blitt gjort. Vedkommende er kj\u00f8rt inn til politihuset, og det vil bli tatt stilling til avh\u00f8r og om det skal gj\u00f8res ytterligere unders\u00f8kelser p\u00e5 \u00e5stedet og liknende, sier Rebnord som understreker at politiet befinner seg i en planleggingsfase med tanke p\u00e5 hva som er veien videre.<\/p>\n<p>        \u00abPUTINS MARERITT\u00bb: De langtrekkende amerikanske missilene som har blitt omtalt som \u00abPutins mareritt\u00bb kan n\u00e5 havne i ukrainske hender. Video: Det amerikanske forsvaret \/ AP \/ Telegram. Reporter: Vegard Kr\u00fcger<\/p>\n<p class=\"font-weight-bold m-font-weight-bold\" data-lab-font_weight=\"font-weight-bold\">Det var torsdag kveld at politiet meldte at de fors\u00f8kte \u00e5 komme i kontakt med en navngitt person etter at en kvinne ble funnet bevisstl\u00f8s og skadet i Alver i Vestland.<\/p>\n<p>&#8211; P\u00e5 bakgrunn av innhentede vitneopplysninger fors\u00f8ker politiet \u00e5 komme i kontakt med en navngitt person, sa innsatsleder Tom Johannessen i Vest politidistrikt natt til fredag.<\/p>\n<p>If\u00f8lge <a href=\"https:\/\/www.bt.no\/krim\/i\/B0A877\/fant-bevisstloes-kvinne-i-alver-en-person-paagrepet-siktet-for-drapsforsoek\" target=\"_blank\" rel=\"nofollow noopener\">Bergens Tidende<\/a>\u00a0var kvinnen alene i boligen da hun ble funnet av folk i omr\u00e5det.<\/p>\n<p>    <a itemprop=\"url\" href=\"https:\/\/www.dagbladet.no\/nyheter\/enorm-terrortrussel\/83734786\" rel=\"nofollow noopener\" target=\"_blank\"><\/p>\n<p>      <img loading=\"lazy\" decoding=\"async\" src=\"https:\/\/www.europesays.com\/no\/wp-content\/uploads\/2025\/10\/83734790.webp\" width=\"980\" height=\"441\" title=\"- Enorm terrortrussel\" alt=\"\" class=\"lazyload\" style=\"--aspect-ratio-image: 2.22; \"\/><\/p>\n<p>        &#8211; Enorm terrortrussel<\/p>\n<p>    <\/a><\/p>\n<p>Rykket ut\t<\/p>\n<p>Politiet rykket torsdag kveld ut til en privat bolig utenfor Bergen etter \u00e5 ha f\u00e5tt en melding fra AMK klokka 20.25.<\/p>\n<p class=\"font-weight-bold m-font-weight-bold\" data-lab-font_weight=\"font-weight-bold\">Ambulansen hadde i forkant hatt et oppdrag p\u00e5 adressen, hvor de fant en bevisstl\u00f8s kvinne. Omstendighetene rundt forholdet og hva som for\u00e5rsaket kvinnens helsetilstand gjorde at politiet ble varslet.<\/p>\n<p>&#8211; Vi har iverksatt en etterforskning der vi g\u00e5r bredt ut for \u00e5 finne ut hva som har skjedd i forkant. Vi vet ikke hva vi st\u00e5r overfor, men vi jobber ut fra en hypotese om at noen har gjort noe kriminelt mot henne, sa operasjonsleder Dan Erik Johannessen til Dagbladet torsdag kveld.<\/p>\n<p>    <a itemprop=\"url\" href=\"https:\/\/www.dagbladet.no\/nyheter\/dramatiske-timer-store-skader\/83734377\" rel=\"nofollow noopener\" target=\"_blank\"><\/p>\n<p>      <img loading=\"lazy\" decoding=\"async\" src=\"https:\/\/www.europesays.com\/no\/wp-content\/uploads\/2025\/10\/83734389.webp\" width=\"980\" height=\"441\" title=\"Dramatiske timer: - Store skader\" alt=\"\" class=\"\" style=\"--aspect-ratio-image: 2.22; \"\/><\/p>\n<p>        Dramatiske timer: &#8211; Store skader<\/p>\n<p>    <\/a><\/p>\n<p>Fraktet til sykehus\t<\/p>\n<p>Operasjonslederen \u00f8nsker ikke \u00e5 svare p\u00e5 hva som gj\u00f8r at politiet jobber ut fra en hypotese om at det kan ha skjedd en straffbar handling. Han \u00f8nsker heller ikke \u00e5 si noe om hvorvidt kvinnen var skadd.<\/p>\n<p class=\"font-weight-bold m-font-weight-bold\" data-lab-font_weight=\"font-weight-bold\">&#8211; Hun er fraktet til Haukeland sykehus der hun er under intensivbehandling, sier han og legger til at det dreier seg om en voksen kvinne.<\/p>\n<p>    <a itemprop=\"url\" href=\"https:\/\/www.dagbladet.no\/nyheter\/moskva-skynder-seg\/83734594\" rel=\"nofollow noopener\" target=\"_blank\"><\/p>\n<p>      <img loading=\"lazy\" decoding=\"async\" src=\"https:\/\/www.europesays.com\/no\/wp-content\/uploads\/2025\/10\/83734618.webp\" width=\"980\" height=\"441\" title=\"- Moskva skynder seg\" alt=\"\" class=\"lazyload\" style=\"--aspect-ratio-image: 2.22; \"\/><\/p>\n<p>        &#8211; Moskva skynder seg<\/p>\n<p>    <\/a><\/p>\n<p>Politiet er tungt til stede i omr\u00e5det med flere patruljer, og det er brukt b\u00e5de hundepatrulje og politidrone i forbindelse med saken. Ingen er forel\u00f8pig p\u00e5grepet.<\/p>\n<p>&#8211; Vi begynner \u00e5 danne oss et bilde av hvem vi \u00f8nsker \u00e5 komme i kontakt med, sa Johannessen til Dagbladet og understreket at det per n\u00e5 ikke er noe som tilsier at det er fare for allmennheten.<\/p>\n","protected":false},"excerpt":{"rendered":"SISTE: En person er p\u00e5grepet i forbindelse med hendelsen. Det opplyser Vest politidistrikt i en melding til pressen&hellip;\n","protected":false},"author":2,"featured_media":765,"comment_status":"","ping_status":"","sticky":false,"template":"","format":"standard","meta":{"footnotes":""},"categories":[5],"tags":[20,21,24,25,15,19,2539,22,23,17,18,13,30,28,29,14,16,26,27],"class_list":{"0":"post-62632","1":"post","2":"type-post","3":"status-publish","4":"format-standard","5":"has-post-thumbnail","7":"category-overskrifter","8":"tag-breaking-news","9":"tag-breakingnews","10":"tag-featured-news","11":"tag-featurednews","12":"tag-headlines","13":"tag-hovedoppslag","14":"tag-innenriks","15":"tag-latest-news","16":"tag-latestnews","17":"tag-main-news","18":"tag-mainnews","19":"tag-news","20":"tag-no","21":"tag-norge","22":"tag-norway","23":"tag-nyheter","24":"tag-overskrifter","25":"tag-top-stories","26":"tag-topstories"},"share_on_mastodon":{"url":"","error":""},"_links":{"self":[{"href":"https:\/\/www.europesays.com\/no\/wp-json\/wp\/v2\/posts\/62632","targetHints":{"allow":["GET"]}}],"collection":[{"href":"https:\/\/www.europesays.com\/no\/wp-json\/wp\/v2\/posts"}],"about":[{"href":"https:\/\/www.europesays.com\/no\/wp-json\/wp\/v2\/types\/post"}],"author":[{"embeddable":true,"href":"https:\/\/www.europesays.com\/no\/wp-json\/wp\/v2\/users\/2"}],"replies":[{"embeddable":true,"href":"https:\/\/www.europesays.com\/no\/wp-json\/wp\/v2\/comments?post=62632"}],"version-history":[{"count":0,"href":"https:\/\/www.europesays.com\/no\/wp-json\/wp\/v2\/posts\/62632\/revisions"}],"wp:featuredmedia":[{"embeddable":true,"href":"https:\/\/www.europesays.com\/no\/wp-json\/wp\/v2\/media\/765"}],"wp:attachment":[{"href":"https:\/\/www.europesays.com\/no\/wp-json\/wp\/v2\/media?parent=62632"}],"wp:term":[{"taxonomy":"category","embeddable":true,"href":"https:\/\/www.europesays.com\/no\/wp-json\/wp\/v2\/categories?post=62632"},{"taxonomy":"post_tag","embeddable":true,"href":"https:\/\/www.europesays.com\/no\/wp-json\/wp\/v2\/tags?post=62632"}],"curies":[{"name":"wp","href":"https:\/\/api.w.org\/{rel}","templated":true}]}}