{"id":62653,"date":"2025-10-17T06:31:15","date_gmt":"2025-10-17T06:31:15","guid":{"rendered":"https:\/\/www.europesays.com\/no\/62653\/"},"modified":"2025-10-17T06:31:15","modified_gmt":"2025-10-17T06:31:15","slug":"grunerlokka-groruddalen-bydelsreformen-i-oslo-ikke-at-det-er-noe-galt-med-a-bo-i-groruddalen-men","status":"publish","type":"post","link":"https:\/\/www.europesays.com\/no\/62653\/","title":{"rendered":"Gr\u00fcnerl\u00f8kka, Groruddalen | Bydelsreformen i Oslo: Ikke at det er noe galt med \u00e5 bo i Groruddalen, men\u2026"},"content":{"rendered":"\n<p>Tar man utgangspunkt i bygdedyrets fordommer mot oss som bor i Oslo, er Gr\u00fcnerl\u00f8kka full av hipstere og Groruddalen en getto.<\/p>\n<p>Selvsagt er det ikke s\u00e5nn. Oslo er litt av alt, og som beboer p\u00e5 Hasle, trekkes jeg like lett mot kaf\u00e9livet p\u00e5 L\u00f8kka p\u00e5 en l\u00f8rdag som til Groruddalen for \u00e5 g\u00e5 i marka til Lilloseter en s\u00f8ndag.<\/p>\n<p><b>Men uten \u00e5 flytte \u00e9n meter, kan jeg alts\u00e5 g\u00e5 fra \u00e5 v\u00e6re Gr\u00fcnerl\u00f8kka-fyren \u2013 han som har v\u00e6rt n\u00f8dt til \u00e5 forsvare det urbane hipsterlivet overfor venner og familie i andre deler av landet (det er helt sant, det har jeg gjort flere ganger!) \u2013 til \u00e5 bli han som bor i Groruddalen og m\u00e5 forklare at det ikke er en livsfarlig getto.<\/b><\/p>\n<p>Ikke at det er noe galt med \u00e5 f\u00e5 beskjed om at vi bor i Groruddalen, men det er jaggu mye byr\u00e5det n\u00e5 setter i bevegelse.<\/p>\n<p>Familielogistikk og tidsklemma<\/p>\n<p>\u00abIkke f\u2026\u00bb, utbr\u00f8t en i nabolaget da han akkurat hadde f\u00e5tt vite at identiteten som Gr\u00fcnerl\u00f8kka-beboer snart kan v\u00e6re tapt.<\/p>\n<p>Den oppr\u00f8rte mannen er neppe alene om \u00e5 kjenne p\u00e5 usikkerhet n\u00e5r byr\u00e5det vil tegne om Oslo-kartet og skape en helt ny bydelsstruktur. Over hele byen lurer folk p\u00e5 hva de praktiske konsekvensene blir for dem.<\/p>\n<p>Folk flest bryr seg ikke om konsulent- og politikerspr\u00e5k som viser til ord som lang sikt, ressurser og effektivisering, men vil vite hva det betyr for barn, barnehageplass og de tjenestene de bruker.<\/p>\n<p><b>Rundt middagsbordene vil praten g\u00e5 om familielogistikk og tidsklemma, frykt for kaos og byr\u00e5kratisk tull, og kanskje et h\u00e5p om at hverdagen blir enklere i stedet for mer komplisert.<\/b><\/p>\n<p>I tillegg til alle beboere og brukere av kommunens tjenester, ber\u00f8res 17 000 \u00e5rsverk som er ansatt i bydelene og ytterligere 8000 \u00e5rsverk i etater som har tette eller tilst\u00f8tende oppgaver med bydelene.<\/p>\n<p>Sjelden en politisk vinnersak<\/p>\n<p>Byr\u00e5det pirker alts\u00e5 borti sv\u00e6rt mange mennesker. For \u00e5 oppn\u00e5 hva? Det er det ikke s\u00e5 lett \u00e5 forst\u00e5.<\/p>\n<p>P\u00e5 lang sikt skal det kunne spares mellom 170 og 220 millioner kroner p\u00e5 hel\u00e5rsbasis, men det er om flere \u00e5r. F\u00f8rst vil bydelsreformen koste minst 240 millioner kroner.<\/p>\n<p><b>Den som har fulgt litt med p\u00e5 debatten rundt kommunesammensl\u00e5inger og endring av fylkesinndeling, vet at slike reformer sjelden er noen vinnersak for politikerne som gjennomf\u00f8rer dem. <\/b><\/p>\n<p>Konsulenter og politikere elsker dem, men reformer tar lang tid, ber\u00f8rer mange mennesker og koster mye penger. Og ofte blir det heller ikke s\u00e5 bra p\u00e5 sikt som det s\u00e5 ut til \u00e5 bli i konsulentenes regneark.<\/p>\n<p>To store Groruddalen-bydeler<\/p>\n<p>Selv bor jeg et sted der noen mener de bor p\u00e5 Hasle og andre p\u00e5 Ensj\u00f8. Vi er s\u00e5 n\u00e6r grensen mellom bydel Gamle Oslo og bydel Gr\u00fcnerl\u00f8kka at det merkes.<\/p>\n<p>For eksempel kan barna p\u00e5 den ene siden av parkdraget f\u00e5 jobberfaring fra de er 13 \u00e5r i sin bydel, mens de som bor noen titalls meter unna, ikke f\u00e5r samme mulighet f\u00f8r de fyller 15. For ikke \u00e5 snakke om barnehageplasser. Det er vondt for dem som kan se en barnehage i nabolaget, men sendes til et helt annet sted.<\/p>\n<p>I byr\u00e5dets tre alternativer i bydelsreformen er det bare ett av dem som forener oss p\u00e5 begge sider av parkdraget i samme bydel. I alternativ 1, med seks bydeler, samles Bjerke, Teisen, Ensj\u00f8, Etterstad, Hasle og L\u00f8ren. Til sammen 107 000 mennesker.<\/p>\n<p>De \u00f8vrige to alternativene splitter Hasle og Ensj\u00f8 i to ulike Groruddalen-bydeler. Den ene best\u00e5r av Grorud, Stovner (uten H\u00f8ybr\u00e5ten), Veitvet, Linderud, Ulven, Hasle og L\u00f8ren. Den andre best\u00e5r av Alna, H\u00f8ybr\u00e5ten, Ensj\u00f8 og Etterstad.<\/p>\n<p>Det henger i alle fall sammen p\u00e5 kartet, om enn ikke f\u00f8lelsesmessig eller tilh\u00f8righetsmessig.<\/p>\n<p>Tenk om vi i stedet fikk alt Stavanger har?<\/p>\n<p>Det samme kan sies om gigantbydelen som foresl\u00e5s i S\u00f8r, der Nordstrand, S\u00f8ndre Nordstrand og \u00d8stensj\u00f8 kan bli samlet til en bydel med 146 000 innbyggere.<\/p>\n<p>Tenk om den nye bydelen blir som Stavanger, som har like mange innbyggere? I Stavanger er det for eksempel \u00e5tte sv\u00f8mmeanlegg for publikum, i tillegg til \u00e5tte skoler med basseng \u2013 alts\u00e5 totalt 16 basseng. Byen har ogs\u00e5 fem ishaller og \u00e5tte helsestasjoner for barn i alderen 0 til 5 \u00e5r.<\/p>\n<p><b>S\u00e5nt no hak&#8217;ke vi her i by&#8217;n! Og det f\u00e5r vi neppe av en gedigen bydelsreform heller. <\/b><\/p>\n<p>  <a href=\"https:\/\/www.ao.no\/5-128-1170950\" class=\"related-teaser has-image default-story-teaser article--c-eRUmMG article--c-eRUmMG-jKCPdD-design-default\" rel=\"nofollow noopener\" target=\"_blank\"><\/p>\n<p>    <img decoding=\"async\" loading=\"lazy\"  src=\"https:\/\/www.europesays.com\/no\/wp-content\/uploads\/2025\/10\/Budsjett230925__73_+%281%29.jpg\" alt=\"\" class=\"brick-c-cFOWSL\" style=\"\"\/><\/p>\n<p>\n            Les ogs\u00e5<\/p>\n<p>              Vil spare rundt 200 mill. i \u00e5ret. Utelukker ikke oppsigelser\n        <\/p>\n<p>  <\/a><\/p>\n<p>  <a href=\"https:\/\/www.ao.no\/5-128-1170687\" class=\"related-teaser has-image default-story-teaser article--c-eRUmMG article--c-eRUmMG-jKCPdD-design-default\" rel=\"nofollow noopener\" target=\"_blank\"><\/p>\n<p>    <img decoding=\"async\" loading=\"lazy\"  src=\"https:\/\/www.europesays.com\/no\/wp-content\/uploads\/2025\/10\/5_128_245364+NTB_hD7RijfC358.jpg\" alt=\"\" class=\"brick-c-cFOWSL\" style=\"\"\/><\/p>\n<p>\n            Les ogs\u00e5<\/p>\n<p>              Slik kan din nye gigantbydel bli. Dette er forslagene for Oslos framtid\n        <\/p>\n<p>  <\/a><\/p>\n<p>  <a href=\"https:\/\/www.ao.no\/5-128-1154897\" class=\"related-teaser has-image default-opinion-teaser article--c-eRUmMG article--c-eRUmMG-jKCPdD-design-default\" rel=\"nofollow noopener\" target=\"_blank\"><\/p>\n<p>    <img decoding=\"async\" loading=\"lazy\"  src=\"https:\/\/www.europesays.com\/no\/wp-content\/uploads\/2025\/10\/Ensj%C3%B8-kommentar.png\" alt=\"\" class=\"brick-c-cFOWSL\" style=\"\"\/><\/p>\n<p>\n            Les ogs\u00e5<\/p>\n<p>              Her avsl\u00f8rer jeg kommunens svikt. Det er nesten ikke til \u00e5 tro\n        <\/p>\n<p>  <\/a><\/p>\n<p>  <a href=\"https:\/\/www.ao.no\/5-128-1118877\" class=\"related-teaser has-image default-opinion-teaser article--c-eRUmMG article--c-eRUmMG-jKCPdD-design-default\" rel=\"nofollow noopener\" target=\"_blank\"><\/p>\n<p>    <img decoding=\"async\" loading=\"lazy\"  src=\"https:\/\/www.europesays.com\/no\/wp-content\/uploads\/2025\/10\/Matcha+og+Pollestad.png\" alt=\"\" class=\"brick-c-cFOWSL\" style=\"\"\/><\/p>\n<p>\n            Les ogs\u00e5<\/p>\n<p>              Du treffer ikke oss med kaffe latte-spytt og fordommer\n        <\/p>\n<p>  <\/a><\/p>\n","protected":false},"excerpt":{"rendered":"Tar man utgangspunkt i bygdedyrets fordommer mot oss som bor i Oslo, er Gr\u00fcnerl\u00f8kka full av hipstere og&hellip;\n","protected":false},"author":2,"featured_media":62654,"comment_status":"","ping_status":"","sticky":false,"template":"","format":"standard","meta":{"footnotes":""},"categories":[5],"tags":[36,20,21,9127,9126,24,25,9125,2224,6618,15,19,22,23,17,18,13,30,28,29,14,1533,3594,16,26,27],"class_list":{"0":"post-62653","1":"post","2":"type-post","3":"status-publish","4":"format-standard","5":"has-post-thumbnail","7":"category-overskrifter","8":"tag-art","9":"tag-breaking-news","10":"tag-breakingnews","11":"tag-eirik-hoff-lysholm","12":"tag-ensjo","13":"tag-featured-news","14":"tag-featurednews","15":"tag-groruddalen","16":"tag-grunerlokka","17":"tag-hasle","18":"tag-headlines","19":"tag-hovedoppslag","20":"tag-latest-news","21":"tag-latestnews","22":"tag-main-news","23":"tag-mainnews","24":"tag-news","25":"tag-no","26":"tag-norge","27":"tag-norway","28":"tag-nyheter","29":"tag-opinion","30":"tag-oslodebatten","31":"tag-overskrifter","32":"tag-top-stories","33":"tag-topstories"},"share_on_mastodon":{"url":"","error":""},"_links":{"self":[{"href":"https:\/\/www.europesays.com\/no\/wp-json\/wp\/v2\/posts\/62653","targetHints":{"allow":["GET"]}}],"collection":[{"href":"https:\/\/www.europesays.com\/no\/wp-json\/wp\/v2\/posts"}],"about":[{"href":"https:\/\/www.europesays.com\/no\/wp-json\/wp\/v2\/types\/post"}],"author":[{"embeddable":true,"href":"https:\/\/www.europesays.com\/no\/wp-json\/wp\/v2\/users\/2"}],"replies":[{"embeddable":true,"href":"https:\/\/www.europesays.com\/no\/wp-json\/wp\/v2\/comments?post=62653"}],"version-history":[{"count":0,"href":"https:\/\/www.europesays.com\/no\/wp-json\/wp\/v2\/posts\/62653\/revisions"}],"wp:featuredmedia":[{"embeddable":true,"href":"https:\/\/www.europesays.com\/no\/wp-json\/wp\/v2\/media\/62654"}],"wp:attachment":[{"href":"https:\/\/www.europesays.com\/no\/wp-json\/wp\/v2\/media?parent=62653"}],"wp:term":[{"taxonomy":"category","embeddable":true,"href":"https:\/\/www.europesays.com\/no\/wp-json\/wp\/v2\/categories?post=62653"},{"taxonomy":"post_tag","embeddable":true,"href":"https:\/\/www.europesays.com\/no\/wp-json\/wp\/v2\/tags?post=62653"}],"curies":[{"name":"wp","href":"https:\/\/api.w.org\/{rel}","templated":true}]}}