{"id":62686,"date":"2025-10-17T07:23:10","date_gmt":"2025-10-17T07:23:10","guid":{"rendered":"https:\/\/www.europesays.com\/no\/62686\/"},"modified":"2025-10-17T07:23:10","modified_gmt":"2025-10-17T07:23:10","slug":"innforer-totalforbud-2","status":"publish","type":"post","link":"https:\/\/www.europesays.com\/no\/62686\/","title":{"rendered":"Innf\u00f8rer totalforbud"},"content":{"rendered":"<p class=\"kicker bg-cyan color_mobile_bg-cyan hasTextPadding mobile-hasTextPadding\" style=\"\">Mallorca<\/p>\n<p>  Mallorcas ordf\u00f8rer sl\u00e5r ned p\u00e5 ferieutleie og partyb\u00e5ter.<\/p>\n<p>\n    PARTYBY: Mallorcas hovedstad, Palma, er kjent for \u00e5 v\u00e6re et sted for festglade turister. Foto: Jaime Reina \/ AFP \/ NTB\n  <\/p>\n<p>    Kort fortalt<\/p>\n<p lang=\"nb-NO\">Ordf\u00f8reren i Palma innf\u00f8rer strenge tiltak mot turisme.<\/p>\n<p lang=\"nb-NO\">Det blir totalforbud mot ferieutleie i alle former.<\/p>\n<p lang=\"nb-NO\">Festb\u00e5ter og nye vandrerhjem blir ogs\u00e5 forbudt.<\/p>\n<p lang=\"nb-NO\">Tiltakene trer i kraft med tilbakevirkende kraft.<\/p>\n<p class=\"italic ai-disclaimer\" data-lab-italic=\"italic\">Sammendraget er laget av ChatGPT og godkjent av DinSide.<\/p>\n<p>      Vis mer<br \/>\n      Vis mindre<\/p>\n<p>Mallorca er blant nordmenns favorittreisem\u00e5l og ligger hvert \u00e5r i toppen p\u00e5 reiselistene til charterselskapene. Spesielt ogs\u00e5 briter og tyskere flokker til ferie\u00f8ya om sommeren.<\/p>\n<p>Den \u00f8kende turiststr\u00f8mmen de siste \u00e5ra har f\u00f8rt til at Palma, som er \u00f8yas hovedsete og mest popul\u00e6re destinasjon, har jobbet med tiltak for \u00e5 begrense antallet turister og s\u00f8rge for en mer b\u00e6rekraftig turistmodell.<\/p>\n<p>Og n\u00e5 innf\u00f8rer Palma nye, knallharde tiltak mot turismen.<\/p>\n<p>N\u00e5 blir det slutt p\u00e5 ferieutleie, festb\u00e5ter og vandrerhjem, skriver nettstedet <a href=\"https:\/\/www.majorcadailybulletin.com\/news\/local\/2025\/10\/14\/137251\/palma-cracks-down-holiday-rentals-party-boats-and-youth-hostels.html\" rel=\"nofollow noopener\" target=\"_blank\">Majorca Daily Bullettin<\/a>.<\/p>\n<p>Ordf\u00f8rer Jaime Mart\u00ednez Llabr\u00e9s presenterte tirsdag denne uka en rekke tiltak som skal gjennomf\u00f8res i den spanske byen.<\/p>\n<p>        Krigen om solsenger har n\u00e5dd nye h\u00f8yder. Reporter: Helena Ringheim \/ Dagbladet TV. Video: Francesco Emilio Borrelli <\/p>\n<p>Flere forbud\t<\/p>\n<p>Blant tiltakene som skal iverksettes s\u00e5 raskt som mulig, er et totalforbud mot ferieutleie i Palma \u00abi enhver form\u00bb.<\/p>\n<p>Til n\u00e5 har slik utleie v\u00e6rt forbudt i flermannsboliger, men n\u00e5 utvides forbudet til ogs\u00e5 \u00e5 gjelde eneboliger som har blitt annonsert p\u00e5 uteleieplattformer.<\/p>\n<p>&#8211; Det finnes bare 639 lovlige utleielisenser i kommunen. De er gyldige og vil forbli det, men hvis de kanselleres, vil ingen nye tillatelser bli utstedt, advarte han, if\u00f8lge nettstedet.<\/p>\n<p>Det inneb\u00e6rer at nordmenn m\u00e5 lete andre steder enn p\u00e5 plattformer som Airbnb n\u00e5r de skal finne overnattingssted for Palma-ferien.<\/p>\n<p>    <a itemprop=\"url\" href=\"https:\/\/dinside.dagbladet.no\/reise\/pa-bristepunktet\/83561162\" rel=\"nofollow noopener\" target=\"_blank\"><\/p>\n<p>      <img loading=\"lazy\" decoding=\"async\" src=\"https:\/\/www.europesays.com\/no\/wp-content\/uploads\/2025\/10\/83561438.webp\" width=\"980\" height=\"441\" title=\"P\u00e5 bristepunktet\" alt=\"\" class=\"lazyload\" style=\"--aspect-ratio-image: 2.22; \"\/><\/p>\n<p>        P\u00e5 bristepunktet<\/p>\n<p>    <\/a><\/p>\n<p>Setter foten ned\t<\/p>\n<p>M\u00e5let er at tiltaket skal vedtas p\u00e5 neste kommunestyrem\u00f8te, men det vil tre i kraft med tilbakevirkende kraft fra tre m\u00e5neder tilbake i tid.<\/p>\n<p>I tillegg blir det innf\u00f8rt forbud mot \u00e5 \u00e5pne nye vandrerhjem i hele Palma. De som fortsatt eksisterer, vil bli oppfordret til \u00e5 bli om til hoteller eller boliger.<\/p>\n<p>Llabr\u00e9s opplyste ogs\u00e5 at festb\u00e5ter blir fullstendig forbudt fra neste sesong langs Palmas Paseo Mar\u00edtimo. Kommunen jobber med myndighetene for \u00e5 finne ut hvordan forbudet skal h\u00e5ndheves.<\/p>\n<p>Aktiviteten med festb\u00e5ter har skapt et betydelig antall klager fra lokalbefolkningen, skriver Mallorca Daily Bulletin.<\/p>\n<p>&#8211; V\u00e5r forpliktelse til kvalitet, sameksistens og b\u00e6rekraft gjenspeiles i typen bes\u00f8kende og det turisttilbudet vi \u00f8nsker for Palma, uttalte Llabr\u00e9s.<\/p>\n","protected":false},"excerpt":{"rendered":"Mallorca Mallorcas ordf\u00f8rer sl\u00e5r ned p\u00e5 ferieutleie og partyb\u00e5ter. PARTYBY: Mallorcas hovedstad, Palma, er kjent for \u00e5 v\u00e6re&hellip;\n","protected":false},"author":2,"featured_media":62687,"comment_status":"","ping_status":"","sticky":false,"template":"","format":"standard","meta":{"footnotes":""},"categories":[12],"tags":[20,21,24,25,1991,15,22,23,4746,9141,13,30,28,29,14,16,1992,4062,26,27,42,43,44,45],"class_list":{"0":"post-62686","1":"post","2":"type-post","3":"status-publish","4":"format-standard","5":"has-post-thumbnail","7":"category-verden","8":"tag-breaking-news","9":"tag-breakingnews","10":"tag-featured-news","11":"tag-featurednews","12":"tag-ferie","13":"tag-headlines","14":"tag-latest-news","15":"tag-latestnews","16":"tag-mallorca","17":"tag-masseturisme","18":"tag-news","19":"tag-no","20":"tag-norge","21":"tag-norway","22":"tag-nyheter","23":"tag-overskrifter","24":"tag-reise","25":"tag-syden","26":"tag-top-stories","27":"tag-topstories","28":"tag-verden","29":"tag-world","30":"tag-world-news","31":"tag-worldnews"},"share_on_mastodon":{"url":"","error":""},"_links":{"self":[{"href":"https:\/\/www.europesays.com\/no\/wp-json\/wp\/v2\/posts\/62686","targetHints":{"allow":["GET"]}}],"collection":[{"href":"https:\/\/www.europesays.com\/no\/wp-json\/wp\/v2\/posts"}],"about":[{"href":"https:\/\/www.europesays.com\/no\/wp-json\/wp\/v2\/types\/post"}],"author":[{"embeddable":true,"href":"https:\/\/www.europesays.com\/no\/wp-json\/wp\/v2\/users\/2"}],"replies":[{"embeddable":true,"href":"https:\/\/www.europesays.com\/no\/wp-json\/wp\/v2\/comments?post=62686"}],"version-history":[{"count":0,"href":"https:\/\/www.europesays.com\/no\/wp-json\/wp\/v2\/posts\/62686\/revisions"}],"wp:featuredmedia":[{"embeddable":true,"href":"https:\/\/www.europesays.com\/no\/wp-json\/wp\/v2\/media\/62687"}],"wp:attachment":[{"href":"https:\/\/www.europesays.com\/no\/wp-json\/wp\/v2\/media?parent=62686"}],"wp:term":[{"taxonomy":"category","embeddable":true,"href":"https:\/\/www.europesays.com\/no\/wp-json\/wp\/v2\/categories?post=62686"},{"taxonomy":"post_tag","embeddable":true,"href":"https:\/\/www.europesays.com\/no\/wp-json\/wp\/v2\/tags?post=62686"}],"curies":[{"name":"wp","href":"https:\/\/api.w.org\/{rel}","templated":true}]}}