{"id":62715,"date":"2025-10-17T08:08:20","date_gmt":"2025-10-17T08:08:20","guid":{"rendered":"https:\/\/www.europesays.com\/no\/62715\/"},"modified":"2025-10-17T08:08:20","modified_gmt":"2025-10-17T08:08:20","slug":"fullt-har-skjedd-et-skifte","status":"publish","type":"post","link":"https:\/\/www.europesays.com\/no\/62715\/","title":{"rendered":"Fullt: &#8211; Har skjedd et skifte"},"content":{"rendered":"<p>Fredag forrige uke ble den siktede 16-\u00e5ringen etter granateksplosjonen p\u00e5 Str\u00f8mmen<a href=\"https:\/\/www.dagbladet.no\/nyheter\/15-aring-pagrepet-alene-pa-astedet\/83704862\" rel=\"nofollow noopener\" target=\"_blank\"> l\u00f8slatt p\u00e5 grunn av plassmangel<\/a>. 16-\u00e5ringens plass p\u00e5 ungdomsenheten i Eidsvoll ble gitt til den siktede 15-\u00e5ringen <a href=\"https:\/\/www.dagbladet.no\/nyheter\/15-aring-pagrepet-alene-pa-astedet\/83704862\" rel=\"nofollow noopener\" target=\"_blank\">politiet mener utf\u00f8rte angrepet<\/a>.<\/p>\n<p>Fra i sommer har det v\u00e6rt tiln\u00e6rmet fullt ved ungdomsenheten, forklarer Ole Jonny Rydland, fengselsleder ved Romerike fengsel.\u00a0<\/p>\n<p>&#8211; Med s\u00e5 liten m\u00e5lgruppe innsatte s\u00e5 er det vanskelig \u00e5 dimensjonere riktig kapasitet, men det kan tyde p\u00e5 at ettersp\u00f8rselen etter plasser vil \u00f8ke fremover, sier han.<\/p>\n<p>I Norge finnes det\u00a0tre ungdomsenheter\u00a0for innsatte i alderen 15 til 18 \u00e5r. I dag er alle fulle.\u00a0<\/p>\n<ul>\n<li>Ungdomsenhet Vest i Bj\u00f8rgvin fengsel i Bergen har fire plasser.<\/li>\n<li>Ungdomsenhet \u00d8st i Romerike fengsel i Eidsvoll har seks plasser.<\/li>\n<li>Ungdomsenhet S\u00f8rvest i Agder fengsel i Evje har fire plasser med h\u00f8y sikkerhet. Sju plasser med lav sikkerhet \u00e5pner i desember.<\/li>\n<\/ul>\n<p>    <a itemprop=\"url\" href=\"https:\/\/www.dagbladet.no\/tema\/norges-farligste-ungdommer-vold-trusler-og-hets\/83654889\" rel=\"nofollow noopener\" target=\"_blank\"><\/p>\n<p>      <img loading=\"lazy\" decoding=\"async\" src=\"https:\/\/www.europesays.com\/no\/wp-content\/uploads\/2025\/10\/1760688495_974_81143352.webp\" width=\"980\" height=\"441\" title=\"Her bor Norges farligste barn\" alt=\"\" class=\"lazyload\" style=\"--aspect-ratio-image: 2.22; \"\/><\/p>\n<p>        Her bor Norges farligste barn<\/p>\n<p>    <\/a><\/p>\n<p>Kommer fra \u00d8stlandet\t<\/p>\n<p>De siste ukene har flere barn blitt p\u00e5grepet i forbindelse med eksplosjoner i Oslo og Str\u00f8mmen, samt en skyteepisode i Sarpsborg. De som er over den kriminelle lavalderen\u00a0kan bli varetektsfengslet i en av ungdomsenhetene.<\/p>\n<p>16-\u00e5ringen som politiet mener har en tilretteleggerrolle i eksplosjonen p\u00e5 Str\u00f8mmen ble varetektsfengslet i \u00e9n uke med brev- og bes\u00f8ksforbud. Men dagen etter ble han l\u00f8slatt for \u00e5 gi plass til 15-\u00e5ringen som politiet mener utf\u00f8rte granatangrepet.<\/p>\n<p>          <img loading=\"lazy\" decoding=\"async\" src=\"https:\/\/www.europesays.com\/no\/wp-content\/uploads\/2025\/10\/1760688495_817_83732644.webp\" width=\"686\" height=\"392\" title=\"\u00d8KNING: Tallene fra KDI viser en \u00f8kning i antall innsettelser i ungdomsenhetene i alle aldersgrupper. St\u00f8rst er \u00f8kningen fra 2022 til 2023.\" alt=\"\" class=\"\" style=\"--aspect-ratio-image: 1.75; \"\/><\/p>\n<p>\n          \u00d8KNING: Tallene fra KDI viser en \u00f8kning i antall innsettelser i ungdomsenhetene i alle aldersgrupper. St\u00f8rst er \u00f8kningen fra 2022 til 2023.\n      <\/p>\n<p> S\u00e5 langt i \u00e5r har det v\u00e6rt 54 innsettelser av personer under 18 \u00e5r i perioden 1. januar til 12. oktober, mot 58 innsettelser i samme periode i fjor, viser tall Dagbladet har f\u00e5tt fra Kriminalomsorgsdirektoratet (KDI).\u00a0<\/p>\n<p> Antall innsettelser trenger ikke \u00e5 inneb\u00e6re at 54 personer har v\u00e6rt fengslet, da \u00e9n person kan ha v\u00e6rt innsatt flere ganger. Av innsettelsene s\u00e5 langt i \u00e5r, har 30 av dem v\u00e6rt i Ungdomsenhet \u00f8st, opplyser Rydland.<\/p>\n<p>&#8211; Vi opplever at de aller fleste mindre\u00e5rige som fengsles eller soner dom har tilh\u00f8righet til \u00d8stlandet, sier han.<\/p>\n<p>    <a itemprop=\"url\" href=\"https:\/\/www.dagbladet.no\/nyheter\/lett-a-fa-tak-i\/83699032\" rel=\"nofollow noopener\" target=\"_blank\"><\/p>\n<p>      <img loading=\"lazy\" decoding=\"async\" src=\"https:\/\/www.europesays.com\/no\/wp-content\/uploads\/2025\/10\/1760688496_611_83699065.webp\" width=\"980\" height=\"441\" title=\"- Lett \u00e5 f\u00e5 tak i\" alt=\"\" class=\"lazyload\" style=\"--aspect-ratio-image: 2.22; \"\/><\/p>\n<p>        &#8211; Lett \u00e5 f\u00e5 tak i<\/p>\n<p>    <\/a><\/p>\n<p>&#8211; Det har skjedd noe\t<\/p>\n<p>Tall fra KDI viser at det i fjor var 78 innsettelser p\u00e5 ungdomsenhetene. Av de 78 innsettelsene, var ni personer 15 \u00e5r. 23 var 16 \u00e5r og 46 var 17 \u00e5r.\u00a0<\/p>\n<p> Dagbladet har ogs\u00e5 f\u00e5tt innsyn i p\u00e5taleavgjorte forhold der mistenkt, siktet eller domfelt var i alderen 15 til 17 \u00e5r p\u00e5 gjerningstidspunktet, som viser en gradvis \u00f8kning fra 2016. I fjor var det over 14 000 saker nasjonalt. Nesten 2500 av disse var i Oslo politidistrikt, med flest volds- og vinningslovbrudd.<\/p>\n<p>          <img loading=\"lazy\" decoding=\"async\" src=\"https:\/\/www.europesays.com\/no\/wp-content\/uploads\/2025\/10\/1760688497_909_83733009.webp\" width=\"980\" height=\"559\" title=\"HAR SKJEDD NOE: Assisterende fengselsleder \u00c5smund Steine i Bj\u00f8rgvin fengsel forteller at det skjedde en endring i ungdommene etter pandemien. Bildet ble tatt i forbindelse med en Dagblad-reportasje fra fengselet i mars 2024. Foto: J\u00f8rn H. Moen \/ Dagbladet\" alt=\"\" class=\"\" style=\"--aspect-ratio-image: 1.75; \"\/><\/p>\n<p>\n          HAR SKJEDD NOE: Assisterende fengselsleder \u00c5smund Steine i Bj\u00f8rgvin fengsel forteller at det skjedde en endring i ungdommene etter pandemien. Bildet ble tatt i forbindelse med en Dagblad-reportasje fra fengselet i mars 2024. Foto: J\u00f8rn H. Moen \/ Dagbladet\n      <\/p>\n<p>Bj\u00f8rgvin var den f\u00f8rste ungdomsenheten som ble \u00e5pnet i 2009.\u00a0 \u00c5smund Steine er assisterende fengselsleder, og har jobbet der siden 2012. <\/p>\n<p>&#8211; Det har skjedd noe i ungdomsmilj\u00f8ene. Det er mer alvorlig kriminalitet og annen organisering. Et moment er at det blir st\u00f8rre avstand mellom fattig og rik, og det gjenspeiler seg i milj\u00f8ene. Ungdommene kommer fra milj\u00f8er med levek\u00e5rsproblemer og \u00f8konomi er motiv for \u00e5 beg\u00e5 kriminalitet. De blir bytter for organisert kriminalitet og brukes av voksne, sier han.\u00a0<\/p>\n<p>Steine mener det skjedde en endring etter coronapandemien.\u00a0<\/p>\n<p>&#8211; Vi s\u00e5 det f\u00f8r det ogs\u00e5, men da kom det for fullt. Det har skjedd et skifte. Vi merket det spesielt da, med mer vold og trusler. Det var massivt i 2024. Da hadde vi rundt 90 volds- og trusselhendelser, sier han.\u00a0<\/p>\n<p>Tallene fra KDI viser en st\u00f8rst \u00f8kning i antall innsettelser fra 2022 til 2023 &#8211; fra 29 til 58. Tallene fra politiet viser ogs\u00e5 st\u00f8rst \u00f8kning i antall p\u00e5taleavgjorte voldslovbrudd i aldersgruppa fra 2022 til 2023 &#8211; med en \u00f8kning fra 2519 saker til 3334. Fram til da hadde tallene holdt seg relativt stabile.<\/p>\n<p>        MELDING: Oslo-politiet etterforsker \u00e5tte barn i forbindelse med\u00a0granateksplosjonen i Pilestredet og en skyting i Sarpsborg. Laget av Marte Nyl\u00f8kken Helseth og Angelica Hagen. <\/p>\n<p>&#8211; Er ikke optimalt\t<\/p>\n<p>Steine forteller at utageringen ofte handler om sammensetningen.\u00a0<\/p>\n<p>&#8211; Det er en liten gruppe som utfordrer konseptet v\u00e5rt og verdiene v\u00e5re voldsomt. Vi er et fengsel, men ogs\u00e5 en omsorgsbase. Vi jobber med myke elementer mot en s\u00e5rbar gruppe.\u00a0<\/p>\n<p>P\u00e5 ungdomsenhetene brukes det ikke uniform. De lager mat, har skole og jobber med \u00e5 gi barna positive impulser og det \u00e5 kjenne p\u00e5 mestring. Mange av ungdommene er der i veldig korte perioder. Noen bare i 14 dager.\u00a0<\/p>\n<p>&#8211; Da er det begrenset hva man f\u00e5r gjort. De som er der lenge, opplever en turbulens i at mange andre kommer og g\u00e5r. S\u00e5 det er ikke optimalt. De fungerer best om de f\u00e5r v\u00e6re med ansatte alene, og det ikke er gruppedynamikken som r\u00e5r, sier Steine.\u00a0<\/p>\n<p>Kriminalomsorgen kan bruke harde virkemidler ogs\u00e5 mot barna, men da skal det v\u00e6re tvingende n\u00f8dvendig og alt annet skal v\u00e6re fors\u00f8kt f\u00f8rst. I ytterste konsekvens kan de bruke h\u00e5ndjern og l\u00e5se barna inn p\u00e5 rommet.\u00a0<\/p>\n<p>    <a itemprop=\"url\" href=\"https:\/\/www.dagbladet.no\/nyheter\/har-lagt-landet-helt-apent\/83678019\" rel=\"nofollow noopener\" target=\"_blank\"><\/p>\n<p>      <img loading=\"lazy\" decoding=\"async\" src=\"https:\/\/www.europesays.com\/no\/wp-content\/uploads\/2025\/10\/1760688499_15_83683746.webp\" width=\"980\" height=\"441\" title=\"- Har lagt landet helt \u00e5pent\" alt=\"\" class=\"lazyload\" style=\"--aspect-ratio-image: 2.22; \"\/><\/p>\n<p>        &#8211; Har lagt landet helt \u00e5pent<\/p>\n<p>    <\/a><\/p>\n<p>Mangler praktiske fag\t<\/p>\n<p>Steine ansl\u00e5r at belegget hittil i \u00e5r er p\u00e5 90 prosent og beskriver det som\u00a0\u00abjevnt over ganske fullt\u00bb. Han kan ikke huske en situasjon der noen har blitt l\u00f8slatt for at en annen skal f\u00e5 plass, slik som skjedde i Eidsvoll forrige uke.\u00a0<\/p>\n<p>&#8211; Det h\u00f8res ganske unikt ut. Men det kan v\u00e6re det blir mer av det, sier han.\u00a0<\/p>\n<p>Han omtaler ungdomsenhetene som\u00a0\u00abet gyllent \u00f8yeblikk som m\u00e5 brukes godt\u00bb.\u00a0<\/p>\n<p>&#8211; \u00c5 ha gode rammer er kjempeviktig. Akkurat n\u00e5 har vi for d\u00e5rlige rammer for motiverende tilbud. Vi har ikke praktiske fag som byggfag og elektro, for eksempel. Vi tilbyr teoretiske fag som ikke motiverer den gruppa mest. De har gjerne lese- og skrivevansker. S\u00e5 det er noe jeg sterkt vil anbefale \u00e5 f\u00e5 p\u00e5 plass.<\/p>\n<p>    <a itemprop=\"url\" href=\"https:\/\/www.dagbladet.no\/nyheter\/lever-i-frykt-etter-skytingen\/83704991\" rel=\"nofollow noopener\" target=\"_blank\"><\/p>\n<p>      <img loading=\"lazy\" decoding=\"async\" src=\"https:\/\/www.europesays.com\/no\/wp-content\/uploads\/2025\/10\/1760688500_592_83707691.webp\" width=\"980\" height=\"441\" title=\"Lever i frykt etter skytingen\" alt=\"\" class=\"lazyload\" style=\"--aspect-ratio-image: 2.22; \"\/><\/p>\n<p>        Lever i frykt etter skytingen<\/p>\n<p>    <\/a><\/p>\n<p>At et barn tidlig faller utenfor og ender opp som yrkeskriminell er ansl\u00e5tt \u00e5 koste samfunnet mange millioner kroner &#8211; mer enn det vil koste \u00e5 styrke kriminalomsorgen, p\u00e5peker han.\u00a0<\/p>\n<p>&#8211; Det er en debatt som m\u00e5 l\u00f8ftes. Det er veldig<br \/>\nd\u00e5rlige rammebetingelser i skole og oppf\u00f8lging. At det g\u00e5r galt, kan ikke komme<br \/>\nsom et sjokk p\u00e5 noen. Vi kan ikke bare drive med oppbevaring, da skjer det ingenting.\u00a0<\/p>\n<p>Det er bevilget midler til utvidelse av Ungdomsenhet \u00f8st, som er under planlegging n\u00e5. Den planlagte utvidelsen vil gi en \u00f8kt kapasitet p\u00e5 seks plasser, som er en fordobling fra dagens kapasitet.<\/p>\n","protected":false},"excerpt":{"rendered":"Fredag forrige uke ble den siktede 16-\u00e5ringen etter granateksplosjonen p\u00e5 Str\u00f8mmen l\u00f8slatt p\u00e5 grunn av plassmangel. 16-\u00e5ringens plass&hellip;\n","protected":false},"author":2,"featured_media":62716,"comment_status":"","ping_status":"","sticky":false,"template":"","format":"standard","meta":{"footnotes":""},"categories":[10],"tags":[20,21,24,25,15,2539,22,23,13,30,28,29,14,16,26,27],"class_list":{"0":"post-62715","1":"post","2":"type-post","3":"status-publish","4":"format-standard","5":"has-post-thumbnail","7":"category-norge","8":"tag-breaking-news","9":"tag-breakingnews","10":"tag-featured-news","11":"tag-featurednews","12":"tag-headlines","13":"tag-innenriks","14":"tag-latest-news","15":"tag-latestnews","16":"tag-news","17":"tag-no","18":"tag-norge","19":"tag-norway","20":"tag-nyheter","21":"tag-overskrifter","22":"tag-top-stories","23":"tag-topstories"},"share_on_mastodon":{"url":"","error":""},"_links":{"self":[{"href":"https:\/\/www.europesays.com\/no\/wp-json\/wp\/v2\/posts\/62715","targetHints":{"allow":["GET"]}}],"collection":[{"href":"https:\/\/www.europesays.com\/no\/wp-json\/wp\/v2\/posts"}],"about":[{"href":"https:\/\/www.europesays.com\/no\/wp-json\/wp\/v2\/types\/post"}],"author":[{"embeddable":true,"href":"https:\/\/www.europesays.com\/no\/wp-json\/wp\/v2\/users\/2"}],"replies":[{"embeddable":true,"href":"https:\/\/www.europesays.com\/no\/wp-json\/wp\/v2\/comments?post=62715"}],"version-history":[{"count":0,"href":"https:\/\/www.europesays.com\/no\/wp-json\/wp\/v2\/posts\/62715\/revisions"}],"wp:featuredmedia":[{"embeddable":true,"href":"https:\/\/www.europesays.com\/no\/wp-json\/wp\/v2\/media\/62716"}],"wp:attachment":[{"href":"https:\/\/www.europesays.com\/no\/wp-json\/wp\/v2\/media?parent=62715"}],"wp:term":[{"taxonomy":"category","embeddable":true,"href":"https:\/\/www.europesays.com\/no\/wp-json\/wp\/v2\/categories?post=62715"},{"taxonomy":"post_tag","embeddable":true,"href":"https:\/\/www.europesays.com\/no\/wp-json\/wp\/v2\/tags?post=62715"}],"curies":[{"name":"wp","href":"https:\/\/api.w.org\/{rel}","templated":true}]}}