{"id":62742,"date":"2025-10-17T08:38:14","date_gmt":"2025-10-17T08:38:14","guid":{"rendered":"https:\/\/www.europesays.com\/no\/62742\/"},"modified":"2025-10-17T08:38:14","modified_gmt":"2025-10-17T08:38:14","slug":"vil-omgjore-norsk-bitcoin-fabrikk-til-et-av-europas-storste-ki-datasentre","status":"publish","type":"post","link":"https:\/\/www.europesays.com\/no\/62742\/","title":{"rendered":"Vil omgj\u00f8re norsk bitcoin-fabrikk til et av Europas st\u00f8rste KI-datasentre"},"content":{"rendered":"<p class=\"article-view_article-view__main-content__article__lead__Xzl3-\">29. september kom det fram at den kinesiske\u00a0kryptomilliard\u00e6ren Jihan Wu hadde kj\u00f8pt de to bitcoin-datasentrene Tydal Data Center i Tr\u00f8ndelag og Troll Housing utenfor Molde.<\/p>\n<p class=\"article-view_article-view__main-content__article__lead__Xzl3-\">I dag melder investeringsselskapet hans, Singapore-baserte Bitdeer Technologies Group, at de vil gj\u00f8re om kryptofabrikken p\u00e5 Kirkvollen industriomr\u00e5de i Tydal til et KI-datasenter.<\/p>\n<p class=\"article-view_article-view__main-content__article__lead__Xzl3-\">Styreleder og gr\u00fcnder Haakon Bryhni sier til Digi at konverteringen fra krypto til KI skal v\u00e6re utf\u00f8rt i l\u00f8pet av fjerde kvartal neste \u00e5r.<\/p>\n<p>Varme til matproduksjon<\/p>\n<p class=\"article-view_article-view__main-content__article__lead__Xzl3-\">\u2013 Vi skal blant annet forhandle direkte med potensielle leietakere, bygge relasjoner med ingeni\u00f8r-, innkj\u00f8ps- og byggeselskaper som spesialiserer seg p\u00e5 datasentre, utvikle egne KI-datasentre og ansette eksperter p\u00e5 tvers av flere KI-datasenterdisipliner, sier Matt Kong, forretningsdirekt\u00f8r hos Bitdeer, i meldingen.<\/p>\n<p><img decoding=\"async\" width=\"664\" class=\" cursor-pointer w-full sm:w-auto\" src=\"https:\/\/www.europesays.com\/no\/wp-content\/uploads\/2025\/10\/NTB_qfgKIwDjuho.jpg\"  alt=\"Bitdeer-gr\u00fcnder Jihan Wu vil konvertere nyinnkj\u00f8pte Tydal Data Center til et datasenter for &quot;high performance computing og kunstig intelligens&quot;. Bitdeer opplyser at konverteringen er en del av selskapets strategi om \u00e5 utvide sin rolle i KI-datasentermarkedet betydelig. Foto: \u00a0Kris Tripplaar\/NTB\" loading=\"lazy\"\/>Bitdeer-gr\u00fcnder Jihan Wu vil konvertere nyinnkj\u00f8pte Tydal Data Center til et datasenter for &laquo;high performance computing og kunstig intelligens&raquo;. Bitdeer opplyser at konverteringen er en del av selskapets strategi om \u00e5 utvide sin rolle i KI-datasentermarkedet betydelig. Foto: \u00a0Kris Tripplaar\/NTB <\/p>\n<p class=\"article-view_article-view__main-content__article__lead__Xzl3-\">Tydal-anlegget skal bli p\u00e5 164 megawatt effektiv IT-last. Forbruket blir p\u00e5 180 MW. Det er litt mindre enn de 230 megawattene Aker og Nscale skal bygge i f\u00f8rste byggetrinn nord for Narvik, men Bitdeer mener likevel at det ombygde datasenteret i Tydal vil bli et av Europas st\u00f8rste KI-datasentre.<\/p>\n<p class=\"article-view_article-view__main-content__article__lead__Xzl3-\">Selskapet skriver at Tydal-anlegget er designet for \u00e5 kunne konverteres til et KI-senter, og at det dermed vil kreve betydelig lavere investeringer enn hva som er snittet for et nytt KI-datasenter i Norge eller USA \u2013 selv med toppmoderne str\u00f8m, kj\u00f8ling og nettverksredundans.<\/p>\n<p class=\"article-view_article-view__main-content__article__lead__Xzl3-\">Fra f\u00f8r har Bitdeer datasentre i USA og Bhutan.<\/p>\n<p>St\u00f8rst p\u00e5 KI i Europa?<\/p>\n<p class=\"article-view_article-view__main-content__article__lead__Xzl3-\">Haakon Bryhni, gr\u00fcnder og styreleder i Tydal Data Center sier at Bitdeers investering i senteret vil sikre Tydal Datasenter som et ledende KI-knutepunkt med kapasitet p\u00e5 linje med de st\u00f8rste europeiske KI-datasentrene, kanskje det st\u00f8rste.<\/p>\n<p class=\"article-view_article-view__main-content__article__lead__Xzl3-\">\u2013 Vi vil skape enda flere h\u00f8yteknologiske arbeidsplasser i Tydal, bidra positivt til lokalsamfunnet og muliggj\u00f8re en sirkul\u00e6r \u00f8konomi ved \u00e5 bruke varme fra datasenteret til matproduksjon p\u00e5 naboeiendommen, i n\u00e6rt samarbeid med Tydal kommune, sier han.<\/p>\n<p class=\"article-view_article-view__main-content__article__lead__Xzl3-\">Bryhni sier til Digi at han er sv\u00e6rt stolt over det de har f\u00e5tt til i Tydal. Gr\u00fcnderne bestemte seg fra starten av til \u00e5 bygge et datasenter som passet til fabrikker for kunstig intelligens. Derfor er det relativt billig \u00e5 gj\u00f8re om anlegget til KI-fabrikk n\u00e5. Det betyr blant annet at anlegget har dobbel vannkj\u00f8ling og doble f\u00f8ringer for str\u00f8m i tillegg til en rekke redundante l\u00f8sninger. Mer backup, batterier og fysisk sikring skal inn f\u00f8r anlegget om et dr\u00f8yt \u00e5r hiver ut kryptoutvinningen, som har betalt senteret til n\u00e5, og tar inn KI-fabrikker.<\/p>\n<p class=\"article-view_article-view__main-content__article__lead__Xzl3-\">\u2013 Beslutningen om \u00e5 bygge et vannkj\u00f8lt KI-anlegg var en strategisk gullkantet beslutning, sier Bryhni.<\/p>\n<p>Eie Nvidia-maskiner sj\u00f8l?<\/p>\n<p class=\"article-view_article-view__main-content__article__lead__Xzl3-\">\u2013 Leieprisene for KI-datasentre har g\u00e5tt opp, og ingen andre datasentre har ledig plass. Det er blant \u00e5rsakene til at vi gj\u00f8r denne investeringen n\u00e5, sier Bryhni.\u00a0\u00a0<\/p>\n<p class=\"article-view_article-view__main-content__article__lead__Xzl3-\">N\u00e5r Digi sp\u00f8r om de vil kj\u00f8pe Nvidia-maskinene som skal inn i KI-senteret sj\u00f8l eller leie ut plassen til kundene, svarer han at det er et godt sp\u00f8rsm\u00e5l.\u00a0<\/p>\n<p class=\"article-view_article-view__main-content__article__lead__Xzl3-\">\u2013 Vi har ikke bestemt oss om vi skal kj\u00f8pe maskinene sj\u00f8l eller leie ut plass til en KI-fabrikk. Kanskje blir det en kombinasjon, sier Bryhni, og legger til at om alt g\u00e5r p\u00e5 skinner, vil Nvidia-maskiner fylle serverhallene om dr\u00f8yt ett \u00e5r.\u00a0<\/p>\n<p class=\"article-view_article-view__main-content__article__lead__Xzl3-\">Bryhnis medgr\u00fcnder i Tydal Data Center,\u00a0Lars Naas, er direkt\u00f8r for Bitdeers internasjonale datasenteroperasjoner, og har ogs\u00e5 f\u00e5tt plass i Bitdeer-styret.<\/p>\n<p><a class=\"group clear-both w-full !no-underline my-8 sm:my-12 bg-stone-50 dark:bg-brandStone-700 dark:text-brandNeutral-100 flex items-stretch flex-nowrap\" href=\"https:\/\/www.digi.no\/artikler\/elhub-har-fatt-bekreftet-at-stromkutt-skyldtes-kryptoutvinning-i-datasentre\/561887\" rel=\"nofollow noopener\" target=\"_blank\"><img decoding=\"async\" class=\" object-cover h-full w-full transition-transform duration-700 ease-in-out group-hover:scale-[1.05] will-change-transform\" src=\"https:\/\/www.europesays.com\/no\/wp-content\/uploads\/2025\/10\/stokmarknes-datasenterC02324%20kopi.jpg\"  alt=\"Str\u00f8mforbruket til en rekke datasentre sank voldsomt under krisen i kryptobransjen p\u00e5 slutten av 2022. Bildet viser anlegget til selskapet Kryptovault, som tidligere hadde et datasenter i konteinere p\u00e5 Stokmarknes, hvor det ble utvunnet kryptovaluta.\" loading=\"lazy\"\/><\/p>\n<p>Les ogs\u00e5:<\/p>\n<p class=\"group-hover:underline text-brandNeutral-900 dark:text-brandNeutral-100 mt-2 text-base sm:text-xl leading-5 sm:leading-6 font-bold\">Elhub: Str\u00f8mdupp skyldtes kryptoutvinning i datasentre<\/p>\n<p><\/a>H\u00e5per p\u00e5 milliardomsetning<\/p>\n<p class=\"article-view_article-view__main-content__article__lead__Xzl3-\">Innen utgangen av 2026 forventer Bitdeer \u00e5 drifte mer enn 200 MW KI-datasentertjenester globalt, hvorav 180 MW vil befinne seg i Tydal.<\/p>\n<p class=\"article-view_article-view__main-content__article__lead__Xzl3-\">Selskapet skriver at i det mest optimistiske scenariet planlegger de \u00e5 anskaffe GPU-er for skydistribusjon og konvertere hele 200 MW-lasten til en KI-fabrikk.<\/p>\n<p class=\"article-view_article-view__main-content__article__lead__Xzl3-\">Bitdeer mener disse planene har potensial til \u00e5 generere en \u00e5rlig omsetning p\u00e5 over to milliarder amerikanske dollar \u2013 dr\u00f8yt 20,1 milliarder kroner \u2013 ved utgangen av 2026.<\/p>\n<p><a class=\"group clear-both w-full !no-underline my-8 sm:my-12 bg-stone-50 dark:bg-brandStone-700 dark:text-brandNeutral-100 flex items-stretch flex-nowrap\" href=\"https:\/\/www.digi.no\/artikler\/regjeringen-onsker-ki-senter-velkommen-til-narvik\/561001\" rel=\"nofollow noopener\" target=\"_blank\"><img decoding=\"async\" class=\" object-cover h-full w-full transition-transform duration-700 ease-in-out group-hover:scale-[1.05] will-change-transform\" src=\"https:\/\/www.europesays.com\/no\/wp-content\/uploads\/2025\/10\/NTB_c7bKAKCZ0wM.jpg\"  alt=\"Digitaliserings- og forvaltningsministre Karianne Tung mener at et mulig datasenter i Narvik vil bidra til viktige arbeidsplasser i regionen. \" loading=\"lazy\"\/><\/p>\n<p>Les ogs\u00e5:<\/p>\n<p class=\"group-hover:underline text-brandNeutral-900 dark:text-brandNeutral-100 mt-2 text-base sm:text-xl leading-5 sm:leading-6 font-bold\">\u2013 Velkommen til Norge!<\/p>\n<p><\/a><\/p>\n<p>\u00a0<\/p>\n","protected":false},"excerpt":{"rendered":"29. september kom det fram at den kinesiske\u00a0kryptomilliard\u00e6ren Jihan Wu hadde kj\u00f8pt de to bitcoin-datasentrene Tydal Data Center&hellip;\n","protected":false},"author":2,"featured_media":62743,"comment_status":"","ping_status":"","sticky":false,"template":"","format":"standard","meta":{"footnotes":""},"categories":[56],"tags":[60,876,61,62,30,28,29],"class_list":{"0":"post-62742","1":"post","2":"type-post","3":"status-publish","4":"format-standard","5":"has-post-thumbnail","7":"category-naeringsliv","8":"tag-business","9":"tag-datasenter","10":"tag-economy","11":"tag-naeringsliv","12":"tag-no","13":"tag-norge","14":"tag-norway"},"share_on_mastodon":{"url":"","error":""},"_links":{"self":[{"href":"https:\/\/www.europesays.com\/no\/wp-json\/wp\/v2\/posts\/62742","targetHints":{"allow":["GET"]}}],"collection":[{"href":"https:\/\/www.europesays.com\/no\/wp-json\/wp\/v2\/posts"}],"about":[{"href":"https:\/\/www.europesays.com\/no\/wp-json\/wp\/v2\/types\/post"}],"author":[{"embeddable":true,"href":"https:\/\/www.europesays.com\/no\/wp-json\/wp\/v2\/users\/2"}],"replies":[{"embeddable":true,"href":"https:\/\/www.europesays.com\/no\/wp-json\/wp\/v2\/comments?post=62742"}],"version-history":[{"count":0,"href":"https:\/\/www.europesays.com\/no\/wp-json\/wp\/v2\/posts\/62742\/revisions"}],"wp:featuredmedia":[{"embeddable":true,"href":"https:\/\/www.europesays.com\/no\/wp-json\/wp\/v2\/media\/62743"}],"wp:attachment":[{"href":"https:\/\/www.europesays.com\/no\/wp-json\/wp\/v2\/media?parent=62742"}],"wp:term":[{"taxonomy":"category","embeddable":true,"href":"https:\/\/www.europesays.com\/no\/wp-json\/wp\/v2\/categories?post=62742"},{"taxonomy":"post_tag","embeddable":true,"href":"https:\/\/www.europesays.com\/no\/wp-json\/wp\/v2\/tags?post=62742"}],"curies":[{"name":"wp","href":"https:\/\/api.w.org\/{rel}","templated":true}]}}