{"id":62746,"date":"2025-10-17T08:40:20","date_gmt":"2025-10-17T08:40:20","guid":{"rendered":"https:\/\/www.europesays.com\/no\/62746\/"},"modified":"2025-10-17T08:40:20","modified_gmt":"2025-10-17T08:40:20","slug":"lier-nyhet-store-ressurser-rykket-ut-til-trusselsituasjon","status":"publish","type":"post","link":"https:\/\/www.europesays.com\/no\/62746\/","title":{"rendered":"Lier, Nyhet | Store ressurser rykket ut til trusselsituasjon"},"content":{"rendered":"\n<p><b>LIER:<\/b> Politiet rykket natt til fredag ut til en privatadresse i Lier med flere ressurser, etter \u00e5 ha f\u00e5tt melding om en trusselsituasjon. <\/p>\n<p>\u2013 Vi har kontroll, og har anholdt en person. Det er totalt tre personer involvert i hendelsen, melder politiets operasjonsleder Vegar M\u00f8ane.<\/p>\n<p><b>Det er ved 01-tiden uavklart hva trusselen dreier seg om, men det skal blant annet ha blitt truet om bruk av v\u00e5pen, if\u00f8lge innringeren til politiet.<\/b><\/p>\n<p>Det forteller operasjonslederen til Drammens Tidende.<\/p>\n<p>\u2013 Innringeren, som har status som forn\u00e6rmet i saken, mener ogs\u00e5 \u00e5 ha sett v\u00e5pen. Politiet er p\u00e5 stedet for \u00e5 avklare om dette stemmer, sier M\u00f8ane like etter klokka 01.<\/p>\n<p><b>If\u00f8lge M\u00f8ane viser politiets unders\u00f8kelser p\u00e5 stedet at det trolig ikke har blitt vist fram noe v\u00e5pen. Politiet har ikke gjort funn som indikerer at dette stemmer, forteller operasjonslederen.<\/b><\/p>\n<p>De har heller ingen holdepunkter for at truslene om bruk av v\u00e5pen stemmer.<\/p>\n<p>Skal ha truet gjennom vindu<\/p>\n<p>Personen politiet anholdt har status som mistenkt. Vedkommende er en mann i 60-\u00e5rene. Forn\u00e6rmede er en mann i 50-\u00e5rene. If\u00f8lge politiet er de naboer.<\/p>\n<p>Den tredje involverte er en kvinne, som er samboeren til forn\u00e6rmede. Hun har ikke hatt noen aktiv rolle i hendelsen, opplyser politiet.<\/p>\n<p>M\u00f8ane forteller at det skal v\u00e6re en konflikt mellom de to mennene fra tidligere.<\/p>\n<p>Truslene skal if\u00f8lge operasjonslederen ha blitt framsatt mens forn\u00e6rmede var inne og mistenkte utend\u00f8rs.<\/p>\n<p><b>\u2013 Mistenkte skal blant annet ha framsatt trusler gjennom et vindu, sier M\u00f8ane. Han opplyser at mistenkte er kjent for politiet fra tidligere.<\/b><\/p>\n<p>Trusselsituasjonen utgjorde if\u00f8lge operasjonslederen ikke noen fare for \u00f8vrige personer i omr\u00e5det.<\/p>\n<p>Anmeldt<\/p>\n<p>Mannen i 60-\u00e5rene anmeldes for hensynsl\u00f8s adferd.<\/p>\n<p>Begge har f\u00e5tt p\u00e5legg av politiet om \u00e5 ikke opps\u00f8ke hverandre de neste 48 timene.<\/p>\n","protected":false},"excerpt":{"rendered":"LIER: Politiet rykket natt til fredag ut til en privatadresse i Lier med flere ressurser, etter \u00e5 ha&hellip;\n","protected":false},"author":2,"featured_media":24401,"comment_status":"","ping_status":"","sticky":false,"template":"","format":"standard","meta":{"footnotes":""},"categories":[10],"tags":[36,20,21,24,25,15,22,23,5523,13,30,28,29,447,14,16,468,1510,26,27],"class_list":{"0":"post-62746","1":"post","2":"type-post","3":"status-publish","4":"format-standard","5":"has-post-thumbnail","7":"category-norge","8":"tag-art","9":"tag-breaking-news","10":"tag-breakingnews","11":"tag-featured-news","12":"tag-featurednews","13":"tag-headlines","14":"tag-latest-news","15":"tag-latestnews","16":"tag-lier","17":"tag-news","18":"tag-no","19":"tag-norge","20":"tag-norway","21":"tag-nyhet","22":"tag-nyheter","23":"tag-overskrifter","24":"tag-politiet","25":"tag-story","26":"tag-top-stories","27":"tag-topstories"},"share_on_mastodon":{"url":"","error":""},"_links":{"self":[{"href":"https:\/\/www.europesays.com\/no\/wp-json\/wp\/v2\/posts\/62746","targetHints":{"allow":["GET"]}}],"collection":[{"href":"https:\/\/www.europesays.com\/no\/wp-json\/wp\/v2\/posts"}],"about":[{"href":"https:\/\/www.europesays.com\/no\/wp-json\/wp\/v2\/types\/post"}],"author":[{"embeddable":true,"href":"https:\/\/www.europesays.com\/no\/wp-json\/wp\/v2\/users\/2"}],"replies":[{"embeddable":true,"href":"https:\/\/www.europesays.com\/no\/wp-json\/wp\/v2\/comments?post=62746"}],"version-history":[{"count":0,"href":"https:\/\/www.europesays.com\/no\/wp-json\/wp\/v2\/posts\/62746\/revisions"}],"wp:featuredmedia":[{"embeddable":true,"href":"https:\/\/www.europesays.com\/no\/wp-json\/wp\/v2\/media\/24401"}],"wp:attachment":[{"href":"https:\/\/www.europesays.com\/no\/wp-json\/wp\/v2\/media?parent=62746"}],"wp:term":[{"taxonomy":"category","embeddable":true,"href":"https:\/\/www.europesays.com\/no\/wp-json\/wp\/v2\/categories?post=62746"},{"taxonomy":"post_tag","embeddable":true,"href":"https:\/\/www.europesays.com\/no\/wp-json\/wp\/v2\/tags?post=62746"}],"curies":[{"name":"wp","href":"https:\/\/api.w.org\/{rel}","templated":true}]}}