{"id":62750,"date":"2025-10-17T08:49:07","date_gmt":"2025-10-17T08:49:07","guid":{"rendered":"https:\/\/www.europesays.com\/no\/62750\/"},"modified":"2025-10-17T08:49:07","modified_gmt":"2025-10-17T08:49:07","slug":"tunneler-troms-fylkeskommune-flere-tunneler-blir-stengt-i-neste-uke","status":"publish","type":"post","link":"https:\/\/www.europesays.com\/no\/62750\/","title":{"rendered":"Tunneler, Troms fylkeskommune | Flere tunneler blir stengt i neste uke"},"content":{"rendered":"\n<p>Troms fylkeskommune skal inspisere en rekke tunneler i Troms i neste uke. Tunnelene blir midlertidig stengt, men ledebilen berger dagen for folk flest. Inspeksjonene skal skje i perioden 20.\u201327. oktober, meler Troms fylkeskommune fredag.<\/p>\n<p>Venting m\u00e5 uansett bilistene p\u00e5regne. Fylkeskommunen skriver at det vil bli maksimalt to timer mellom hver gjennomslipp. I Rya-tunnelen skal det maks p\u00e5 \u00e9n time mellom hver gjennomslipp.<\/p>\n<p>B\u00e5de n\u00f8detater og kollektiv slipper igjennom. <\/p>\n<p>I de fleste tunneler blir det maksimalt to timer mellom hvert gjennomslipp \u2013 regnet fra stengetidspunktet, mens i Rya-tunnelen gj\u00f8res det gjennomslipp maks \u00e9n time etter tidspunktet for stenging. <\/p>\n<p>Det vil v\u00e6re gjennomslipp for kollektivtransport og utrykningskj\u00f8ret\u00f8y.<\/p>\n<p>Inspeksjonene skal avdekke eventuelle geologiske endringer i tunnelens bergsikringssystem. <\/p>\n","protected":false},"excerpt":{"rendered":"Troms fylkeskommune skal inspisere en rekke tunneler i Troms i neste uke. Tunnelene blir midlertidig stengt, men ledebilen&hellip;\n","protected":false},"author":2,"featured_media":2176,"comment_status":"","ping_status":"","sticky":false,"template":"","format":"standard","meta":{"footnotes":""},"categories":[12],"tags":[36,20,21,24,25,15,22,23,13,30,28,29,14,16,1510,26,27,224,1425,9147,42,43,44,45],"class_list":{"0":"post-62750","1":"post","2":"type-post","3":"status-publish","4":"format-standard","5":"has-post-thumbnail","7":"category-verden","8":"tag-art","9":"tag-breaking-news","10":"tag-breakingnews","11":"tag-featured-news","12":"tag-featurednews","13":"tag-headlines","14":"tag-latest-news","15":"tag-latestnews","16":"tag-news","17":"tag-no","18":"tag-norge","19":"tag-norway","20":"tag-nyheter","21":"tag-overskrifter","22":"tag-story","23":"tag-top-stories","24":"tag-topstories","25":"tag-trafikk","26":"tag-troms-fylkeskommune","27":"tag-tunneler","28":"tag-verden","29":"tag-world","30":"tag-world-news","31":"tag-worldnews"},"share_on_mastodon":{"url":"","error":""},"_links":{"self":[{"href":"https:\/\/www.europesays.com\/no\/wp-json\/wp\/v2\/posts\/62750","targetHints":{"allow":["GET"]}}],"collection":[{"href":"https:\/\/www.europesays.com\/no\/wp-json\/wp\/v2\/posts"}],"about":[{"href":"https:\/\/www.europesays.com\/no\/wp-json\/wp\/v2\/types\/post"}],"author":[{"embeddable":true,"href":"https:\/\/www.europesays.com\/no\/wp-json\/wp\/v2\/users\/2"}],"replies":[{"embeddable":true,"href":"https:\/\/www.europesays.com\/no\/wp-json\/wp\/v2\/comments?post=62750"}],"version-history":[{"count":0,"href":"https:\/\/www.europesays.com\/no\/wp-json\/wp\/v2\/posts\/62750\/revisions"}],"wp:featuredmedia":[{"embeddable":true,"href":"https:\/\/www.europesays.com\/no\/wp-json\/wp\/v2\/media\/2176"}],"wp:attachment":[{"href":"https:\/\/www.europesays.com\/no\/wp-json\/wp\/v2\/media?parent=62750"}],"wp:term":[{"taxonomy":"category","embeddable":true,"href":"https:\/\/www.europesays.com\/no\/wp-json\/wp\/v2\/categories?post=62750"},{"taxonomy":"post_tag","embeddable":true,"href":"https:\/\/www.europesays.com\/no\/wp-json\/wp\/v2\/tags?post=62750"}],"curies":[{"name":"wp","href":"https:\/\/api.w.org\/{rel}","templated":true}]}}