{"id":62775,"date":"2025-10-17T09:13:15","date_gmt":"2025-10-17T09:13:15","guid":{"rendered":"https:\/\/www.europesays.com\/no\/62775\/"},"modified":"2025-10-17T09:13:15","modified_gmt":"2025-10-17T09:13:15","slug":"politiet-undersoker-vm-styret-etter-anmeldelse","status":"publish","type":"post","link":"https:\/\/www.europesays.com\/no\/62775\/","title":{"rendered":"Politiet unders\u00f8ker VM-styret etter anmeldelse"},"content":{"rendered":"<p>        Saken oppsummert<\/p>\n<ul lang=\"nb-NO\">\n<li>Politiet unders\u00f8ker styret i Ski-VM etter en anmeldelse fra Skigrasrota. <\/li>\n<li>Anmeldelsen gjelder brudd p\u00e5 loven om betalingstjenester uten konsesjon. <\/li>\n<li>Ski-VM har \u00f8konomiske problemer med et underskudd p\u00e5 37 millioner kroner. <\/li>\n<li>Trondheim kommune og Norges Skiforbund har tapt betydelige bel\u00f8p.<\/li>\n<\/ul>\n<p class=\"italic ai-disclaimer\" data-lab-italic=\"italic\">Oppsummeringen er laget med kunstig intelligens (KI) fra OpenAI. Innholdet er kvalitetssikret av TV 2s journalister. <a target=\"_blank\" href=\"https:\/\/hjelp.tv2.no\/info\/artikkel\/slik-jobber-vi-med-ki-i-tv-2\" title=\"Les om hvordan vi jobber med KI\" rel=\"nofollow noopener\">Les om hvordan vi jobber med KI<\/a><\/p>\n<p>Tidligere denne uken informerte foreningen Skigrasrota om at de har anmeldt styret i Ski-VM, slik ogs\u00e5 flere norske medier meldte.\u00a0<\/p>\n<p class=\"bold m-bold\" data-lab-font_weight=\"bold\">N\u00e5 bekrefter politiet overfor TV 2 at de unders\u00f8ker saken.\u00a0<\/p>\n<p>        <img class=\"image__img lazyload\" itemprop=\"image\" title=\"Foto: Terje Pedersen \/ NTB\" alt=\" Foto: Terje Pedersen \/ NTB\" width=\"675\" height=\"453\" bad-src=\"https:\/\/www.europesays.com\/no\/wp-content\/uploads\/2025\/10\/18202114.webp\" fetchpriority=\"auto\" \/><\/p>\n<p>         Foto: Terje Pedersen \/ NTB<\/p>\n<p>Innledende unders\u00f8kelser\u00a0<\/p>\n<p>Anmeldelsen er begrunnet med at Ski-VM br\u00f8t loven da de tilb\u00f8d betalingstjenester uten \u00e5 ha konsesjon, slik Finanstilsynet konkluderte med tidligere i h\u00f8st.\u00a0<\/p>\n<p>Finanstilsynet valgte \u00e5 ikke anmelde lovbruddet.\u00a0<\/p>\n<p>\u2013 Det har vi, under tvil, valgt \u00e5 ikke gj\u00f8re i dette tilfellet. Vi tror det som har skjedd, baserer seg p\u00e5 mangelfull kunnskap og kompetanse heller enn bevisst omg\u00e5else av regelverket, sa seksjonsleder i Finanstilsynet, Jo Gjedrem, til VG i september. <\/p>\n<p>        <img class=\"image__img lazyload\" itemprop=\"image\" title=\"Foto: Lise \u00c5serud \/ NTB\" alt=\"FOLKEFEST: VM i Trondheim ble den folkefesten styret dr\u00f8mte om, men det kostet. Foto: Lise \u00c5serud \/ NTB\" width=\"675\" height=\"453\" bad-src=\"https:\/\/www.europesays.com\/no\/wp-content\/uploads\/2025\/10\/18202154.webp\" fetchpriority=\"auto\" \/><\/p>\n<p>      FOLKEFEST: VM i Trondheim ble den folkefesten styret dr\u00f8mte om, men det kostet.<br \/>\n         Foto: Lise \u00c5serud \/ NTB<\/p>\n<p>N\u00e5 har likevel den frivillige foreningen levert en anmeldelse.\u00a0<\/p>\n<p>\u2013 Driften av Ski-VM Trondheim er et skrekkens eksempel for idretten, og etterlater et reelt tap i st\u00f8rrelsesorden 100 millioner.\u00a0<\/p>\n<p>\u2013 Styret i Skigrasrota \u00f8nsker derfor ved politianmeldelse \u00e5 pr\u00f8ve om idrettsledere er immune i forhold til sine handlinger og sitt ansvar, skriver styreleder i Skigrasrota, Audun H\u00f8is\u00e6ther, i et innlegg p\u00e5 Facebook.\u00a0<\/p>\n<p>        <img class=\"image__img lazyload\" itemprop=\"image\" title=\"Foto: Jan Langhaug \/ NTB\" alt=\" Foto: Jan Langhaug \/ NTB\" width=\"675\" height=\"453\" bad-src=\"https:\/\/www.europesays.com\/no\/wp-content\/uploads\/2025\/10\/18202175.webp\" fetchpriority=\"auto\" \/><\/p>\n<p>         Foto: Jan Langhaug \/ NTB<\/p>\n<p>Politiet bekrefter \u00e5 ha mottatt anmeldelsen, som gjelder underslag.\u00a0<\/p>\n<p class=\"bold m-bold\" data-lab-font_weight=\"bold\">\u2013 Politiet har ikke iverksatt etterforskning, men vi gj\u00f8r noen innledende unders\u00f8kelser for \u00e5 avklare om det er aktuelt \u00e5 etterforske saken videre, skriver\u00a0politiadvokat Kaja Frimann Stephensen i en epost til TV 2.\u00a0<\/p>\n<p data-lab-font_weight=\"\">Videre skriver hun at\u00a0unders\u00f8kelsene er i en tidlig fase, og at politiet ikke har ytterligere opplysninger \u00e5 dele per n\u00e5.<\/p>\n<p>\u00d8konomisk kaos\u00a0<\/p>\n<p>Det var p\u00e5 v\u00e5rparten, et par m\u00e5neder etter at VM-rusen hadde lagt seg, at de f\u00f8rste tegnene p\u00e5 det som skulle vise seg \u00e5 v\u00e6re et \u00f8konomisk kaos dukket opp.\u00a0<\/p>\n<p>I utgangspunktet var det budsjettert med et overskudd p\u00e5 20 millioner kroner, men etter hvert kom det fram at\u00a0Ski-VM skyldte penger til 114 kreditorer og l\u00e5 an til \u00e5 g\u00e5 37 millioner kroner i minus.\u00a0<\/p>\n<p>        <img class=\"image__img lazyload\" itemprop=\"image\" title=\"Foto: Ole Martin Wold \/ NTB\" alt=\"SOLSKINN: Det var mye d\u00e5rlig v\u00e6r under VM, men den verste stormen kom da mesterskapet var over, i form av \u00f8konomisk kaos. Foto: Ole Martin Wold \/ NTB\" width=\"675\" height=\"453\" bad-src=\"https:\/\/www.europesays.com\/no\/wp-content\/uploads\/2025\/10\/18202331.webp\" fetchpriority=\"auto\" \/><\/p>\n<p>      SOLSKINN: Det var mye d\u00e5rlig v\u00e6r under VM, men den verste stormen kom da mesterskapet var over, i form av \u00f8konomisk kaos.<br \/>\n         Foto: Ole Martin Wold \/ NTB<\/p>\n<p>Etter flere m\u00f8ter og interne forhandlinger ble Ski-VM i Trondheim og kreditorene enige om en l\u00f8sning for \u00e5 unng\u00e5 konkurs.\u00a0<\/p>\n<p>Ski-VM skulle betale rundt 60 prosent av gjelden til kreditorene. Samtidig fikk alle kreditorer med krav under 40 000 kroner dekket gjelden i sin helhet.\u00a0<\/p>\n<p>Trondheim kommune, Norges Skiforbund (NSF) og S\u00f8r-Tr\u00f8ndelag Skikrets er eierne av VM-selskapet. De opplyste til TV 2 at de satt igjen med f\u00f8lgende konklusjon i august:\u00a0<\/p>\n<p>        <img class=\"image__img lazyload\" itemprop=\"image\" title=\"Foto: Lise \u00c5serud \/ NTB\" alt=\"TAPSPROSJEKT: VM i Trondheim endte opp med \u00e5 bli et tapsprosjekt for Norges Skiforbund. Foto: Lise \u00c5serud \/ NTB\" width=\"675\" height=\"453\" bad-src=\"https:\/\/www.europesays.com\/no\/wp-content\/uploads\/2025\/10\/17533967.webp\" fetchpriority=\"auto\" \/><\/p>\n<p>      TAPSPROSJEKT: VM i Trondheim endte opp med \u00e5 bli et tapsprosjekt for Norges Skiforbund.<br \/>\n         Foto: Lise \u00c5serud \/ NTB<\/p>\n<p data-lab-font_weight=\"bold\" class=\"bold m-bold\">\u00a0Skiforbundet har tapt rett i overkant av seks millioner kroner<\/p>\n<p data-lab-font_weight=\"bold\" class=\"bold m-bold\">\u00a0Trondheim kommune har tapt 16\u201317 millioner kroner<\/p>\n<p data-lab-font_weight=\"bold\" class=\"bold m-bold\">\u00a0S\u00f8r-Tr\u00f8ndelag Skikrets har tapt 300.000 kroner<\/p>\n<p> Trondheim kommunes kontrollutvalg er fortsatt i gang med \u00e5 granske selskapet. De skal komme med sin konklusjon tidlig i 2026.\u00a0<\/p>\n<p>Som en konsekvens av det \u00f8konomiske kaoset ble vinterens junior-VM flyttet fra Trondheim til Lillehammer.\u00a0<\/p>\n","protected":false},"excerpt":{"rendered":"Saken oppsummert Politiet unders\u00f8ker styret i Ski-VM etter en anmeldelse fra Skigrasrota. Anmeldelsen gjelder brudd p\u00e5 loven om&hellip;\n","protected":false},"author":2,"featured_media":62776,"comment_status":"","ping_status":"","sticky":false,"template":"","format":"standard","meta":{"footnotes":""},"categories":[59],"tags":[30,28,29,83,82],"class_list":{"0":"post-62775","1":"post","2":"type-post","3":"status-publish","4":"format-standard","5":"has-post-thumbnail","7":"category-sport","8":"tag-no","9":"tag-norge","10":"tag-norway","11":"tag-sport","12":"tag-sports"},"share_on_mastodon":{"url":"","error":""},"_links":{"self":[{"href":"https:\/\/www.europesays.com\/no\/wp-json\/wp\/v2\/posts\/62775","targetHints":{"allow":["GET"]}}],"collection":[{"href":"https:\/\/www.europesays.com\/no\/wp-json\/wp\/v2\/posts"}],"about":[{"href":"https:\/\/www.europesays.com\/no\/wp-json\/wp\/v2\/types\/post"}],"author":[{"embeddable":true,"href":"https:\/\/www.europesays.com\/no\/wp-json\/wp\/v2\/users\/2"}],"replies":[{"embeddable":true,"href":"https:\/\/www.europesays.com\/no\/wp-json\/wp\/v2\/comments?post=62775"}],"version-history":[{"count":0,"href":"https:\/\/www.europesays.com\/no\/wp-json\/wp\/v2\/posts\/62775\/revisions"}],"wp:featuredmedia":[{"embeddable":true,"href":"https:\/\/www.europesays.com\/no\/wp-json\/wp\/v2\/media\/62776"}],"wp:attachment":[{"href":"https:\/\/www.europesays.com\/no\/wp-json\/wp\/v2\/media?parent=62775"}],"wp:term":[{"taxonomy":"category","embeddable":true,"href":"https:\/\/www.europesays.com\/no\/wp-json\/wp\/v2\/categories?post=62775"},{"taxonomy":"post_tag","embeddable":true,"href":"https:\/\/www.europesays.com\/no\/wp-json\/wp\/v2\/tags?post=62775"}],"curies":[{"name":"wp","href":"https:\/\/api.w.org\/{rel}","templated":true}]}}