{"id":62792,"date":"2025-10-17T09:38:54","date_gmt":"2025-10-17T09:38:54","guid":{"rendered":"https:\/\/www.europesays.com\/no\/62792\/"},"modified":"2025-10-17T09:38:54","modified_gmt":"2025-10-17T09:38:54","slug":"klaebo-loves-jobb-etter-karrieren","status":"publish","type":"post","link":"https:\/\/www.europesays.com\/no\/62792\/","title":{"rendered":"Kl\u00e6bo loves jobb etter karrieren"},"content":{"rendered":"<p>  Johannes H\u00f8sflot Kl\u00e6bo og Uno-X Mobility fortsetter samarbeidet. En ny stor avtale legger opp til at langrennsstjernen skal jobbe som sponsorsjef etter karriereslutt.<\/p>\n<p>\n    Johannes H\u00f8sflot Kl\u00e6bo har f\u00e5tt p\u00e5 plass en ny avtale med Uno-X. Foto: Javad Parsa \/ NTB\n  <\/p>\n<p>Tr\u00f8nderen har i flere \u00e5r hatt en samarbeidsavtale med Uno-X. Avtalen, som startet i 2020, hadde opprinnelig utl\u00f8p etter VM-sesongen som var.<\/p>\n<p>Adresseavisen har tidligere skrevet at den hadde en totalramme p\u00e5 25 millioner kroner.<\/p>\n<p>N\u00e5 er partene enige om en ny avtale f\u00f8r den kommende OL-sesongen starter. Avtalen er langsiktig, men det er ikke konkretisert akkurat hvor lang den er.<\/p>\n<p>\u2013 Dette er et langsiktig og verdibasert samarbeid som g\u00e5r langt utover et vanlig sponsorat. Johannes representerer en arbeidsmoral, en vinnerkultur og et tenkesett som vi kjenner oss igjen i, og som vi \u00f8nsker forsterke i hele selskapet. Vi er stolt av \u00e5 ha Johannes som ambassad\u00f8r og samarbeidspartner, sier administrerende direkt\u00f8r Ole Robert Reitan.<\/p>\n<p>Det fremg\u00e5r ikke hvor stor avtalen er i antall kroner.<\/p>\n<p>          <img loading=\"lazy\" decoding=\"async\" src=\"https:\/\/www.europesays.com\/no\/wp-content\/uploads\/2025\/10\/83727981.webp\" width=\"686\" height=\"446\" title=\"Johannes H\u00f8sflot Kl\u00e6bo og Vidar Riseth p\u00e5 et pressetreff i Oslo. Foto: Javad Parsa \/ NTB\" alt=\"\" class=\"\" style=\"--aspect-ratio-image: 1.54; \"\/><\/p>\n<p>\n          Johannes H\u00f8sflot Kl\u00e6bo og Vidar Riseth p\u00e5 et pressetreff i Oslo. Foto: Javad Parsa \/ NTB\n      <\/p>\n<p>F\u00e5r jobb\t<\/p>\n<p>Det nye samarbeidet dreier seg ogs\u00e5 om at Kl\u00e6bo etter hvert skal bli ansatt i Reitan-systemet. Han skal framover l\u00e6re under n\u00e5v\u00e6rende sponsorsjef Vidar Riseth.<\/p>\n<p>\u2013 Jeg skal f\u00e5 muligheten til \u00e5 ta over jobben hans p\u00e5 sikt, s\u00e5 f\u00e5r vi se om det blir om sju, \u00e5tte eller ni \u00e5r, sa Kl\u00e6bo med glimt i \u00f8ye da avtalen ble presentert p\u00e5 Reitan Retails lokaler p\u00e5 Ensj\u00f8 i Oslo onsdag.<\/p>\n<p>Den gamle avtalen mellom Kl\u00e6bo og Uno-X har blant annet handlet om \u00e5 dele erfaringer og bygge en felles prestasjonskultur mellom langrennsstjernen satsing og sykkellaget til Uno-X.<\/p>\n<p>I avtalen ligger det at Kl\u00e6bo skal f\u00e5 oppl\u00e6ring i Reitan Retail-systemet, og at han skal jobbe der etter at den aktive langrennskarrieren er over.<\/p>\n<p>          <img loading=\"lazy\" decoding=\"async\" src=\"https:\/\/www.europesays.com\/no\/wp-content\/uploads\/2025\/10\/83727988.webp\" width=\"980\" height=\"559\" title=\"Johannes H\u00f8sflot Kl\u00e6bo hadde pressetreff i Oslo onsdag. Foto: Javad Parsa \/ NTB\" alt=\"\" class=\"\" style=\"--aspect-ratio-image: 1.75; \"\/><\/p>\n<p>\n          Johannes H\u00f8sflot Kl\u00e6bo hadde pressetreff i Oslo onsdag. Foto: Javad Parsa \/ NTB\n      <\/p>\n<p>Skal teste\t<\/p>\n<p>Han skal g\u00e5 skole under \u00abRektor Riseth\u00bb, som den tidligere landslagsspilleren i fotball kalte det.<\/p>\n<p>\u2013 Realiteten er at jeg skal f\u00e5 lov til \u00e5 teste ut litt forskjellig. Dette er et konsern som st\u00e5r p\u00e5 mange bein. B\u00e5de det Vidar holder p\u00e5 med, men ogs\u00e5 kapital. dagligvare, Uno-X og eiendom. Det er mange muligheter. Jeg m\u00e5 bare finne ut hva jeg liker \u00e5 holde p\u00e5 med og hva jeg synes er morsomst. Det er det viktigste med denne avtalen, sier Kl\u00e6bo.<\/p>\n<p>Tanken er at han skal teste ut litt forskjellig i l\u00f8pet av de kommende fem \u00e5rene.<\/p>\n<p>\u2013 Majoriteten av dette skal selvf\u00f8lgelig skje p\u00e5 v\u00e5ren, og s\u00e5 f\u00e5r vi se hvordan ting fungerer. Vi f\u00e5r vi se den dagen jeg er ferdig som skil\u00f8per. Forh\u00e5pentlig har vi noen knagger \u00e5 henge ting p\u00e5.<\/p>\n<p>    <a itemprop=\"url\" href=\"https:\/\/sol.no\/nyheter\/stoltenberg-matte-svare-om-tilbud\/83727772\" rel=\"nofollow noopener\" target=\"_blank\"><\/p>\n<p>      <img loading=\"lazy\" decoding=\"async\" src=\"https:\/\/www.europesays.com\/no\/wp-content\/uploads\/2025\/10\/83727786.webp\" width=\"980\" height=\"441\" title=\"Stoltenberg m\u00e5tte svare om tilbud\" alt=\"\" class=\"lazyload\" style=\"--aspect-ratio-image: 2.22; \"\/><\/p>\n<p>        Stoltenberg m\u00e5tte svare om tilbud<\/p>\n<p>sol.no<\/p>\n<p>    <\/a><\/p>\n<p data-lab-italic=\"italic\" class=\"italic m-italic\">\u2013 Det er vel kanskje ikke utenkelig at du er med i OL i Frankrike i 2030?<\/p>\n<p>\u2013 Nei. Det er vel st\u00f8rre sjanse for at jeg er med der, enn at jeg ikke er det. S\u00e5 lenge jeg synes at det er artig, s\u00e5 er det planen, sier Kl\u00e6bo.<\/p>\n<p>Livigno neste\t<\/p>\n<p>Det er ogs\u00e5 kjent at hovedsponsoren tidligere har bist\u00e5tt Kl\u00e6bo med privatfly.<\/p>\n<p>OL i Italia er det store h\u00f8ydepunktet den kommende langrennssesongen. Kl\u00e6bo reiser onsdag til italienske Livigno for \u00e5 gjennomf\u00f8re sin siste h\u00f8ydesamling f\u00f8r sesongstart. Han er ikke tilbake i Norge igjen f\u00f8r 11. november.<\/p>\n<p>Kl\u00e6bo tok seks gull av seks mulige p\u00e5 hjemmebane i Trondheim tidligere \u00e5r.<\/p>\n","protected":false},"excerpt":{"rendered":"Johannes H\u00f8sflot Kl\u00e6bo og Uno-X Mobility fortsetter samarbeidet. En ny stor avtale legger opp til at langrennsstjernen skal&hellip;\n","protected":false},"author":2,"featured_media":62793,"comment_status":"","ping_status":"","sticky":false,"template":"","format":"standard","meta":{"footnotes":""},"categories":[59],"tags":[711,398,30,28,29,14,83,82,399],"class_list":{"0":"post-62792","1":"post","2":"type-post","3":"status-publish","4":"format-standard","5":"has-post-thumbnail","7":"category-sport","8":"tag-johannes-hosflot-klaebo","9":"tag-langrenn","10":"tag-no","11":"tag-norge","12":"tag-norway","13":"tag-nyheter","14":"tag-sport","15":"tag-sports","16":"tag-vintersport"},"share_on_mastodon":{"url":"","error":""},"_links":{"self":[{"href":"https:\/\/www.europesays.com\/no\/wp-json\/wp\/v2\/posts\/62792","targetHints":{"allow":["GET"]}}],"collection":[{"href":"https:\/\/www.europesays.com\/no\/wp-json\/wp\/v2\/posts"}],"about":[{"href":"https:\/\/www.europesays.com\/no\/wp-json\/wp\/v2\/types\/post"}],"author":[{"embeddable":true,"href":"https:\/\/www.europesays.com\/no\/wp-json\/wp\/v2\/users\/2"}],"replies":[{"embeddable":true,"href":"https:\/\/www.europesays.com\/no\/wp-json\/wp\/v2\/comments?post=62792"}],"version-history":[{"count":0,"href":"https:\/\/www.europesays.com\/no\/wp-json\/wp\/v2\/posts\/62792\/revisions"}],"wp:featuredmedia":[{"embeddable":true,"href":"https:\/\/www.europesays.com\/no\/wp-json\/wp\/v2\/media\/62793"}],"wp:attachment":[{"href":"https:\/\/www.europesays.com\/no\/wp-json\/wp\/v2\/media?parent=62792"}],"wp:term":[{"taxonomy":"category","embeddable":true,"href":"https:\/\/www.europesays.com\/no\/wp-json\/wp\/v2\/categories?post=62792"},{"taxonomy":"post_tag","embeddable":true,"href":"https:\/\/www.europesays.com\/no\/wp-json\/wp\/v2\/tags?post=62792"}],"curies":[{"name":"wp","href":"https:\/\/api.w.org\/{rel}","templated":true}]}}